{"id":82673,"date":"2026-04-23T20:01:31","date_gmt":"2026-04-24T02:01:31","guid":{"rendered":"https:\/\/lamendigapolitica.com\/?p=82673"},"modified":"2026-04-26T20:05:04","modified_gmt":"2026-04-27T02:05:04","slug":"inaugura-vero-delgadillo-gdluz-2026-el-festival-que-ilumina-el-corazon-de-la-ciudad","status":"publish","type":"post","link":"https:\/\/lamendigapolitica.com\/?p=82673","title":{"rendered":"Inauguran GDLuz 2026: el festival que ilumina el coraz\u00f3n de la Ciudad"},"content":{"rendered":"<p><img loading=\"lazy\" decoding=\"async\" class=\"aligncenter size-full wp-image-82674\" src=\"https:\/\/lamendigapolitica.com\/wp-content\/uploads\/2026\/04\/55227815768_6edb4cdd78_c.jpg\" alt=\"\" width=\"800\" height=\"534\" srcset=\"https:\/\/lamendigapolitica.com\/wp-content\/uploads\/2026\/04\/55227815768_6edb4cdd78_c.jpg 800w, https:\/\/lamendigapolitica.com\/wp-content\/uploads\/2026\/04\/55227815768_6edb4cdd78_c-300x200.jpg 300w, https:\/\/lamendigapolitica.com\/wp-content\/uploads\/2026\/04\/55227815768_6edb4cdd78_c-768x513.jpg 768w, https:\/\/lamendigapolitica.com\/wp-content\/uploads\/2026\/04\/55227815768_6edb4cdd78_c-555x370.jpg 555w\" sizes=\"auto, (max-width: 800px) 100vw, 800px\" \/><\/p>\n<p>&nbsp;<\/p>\n<p>* A partir de este jueves y hasta el domingo 26 de abril, el Centro Hist\u00f3rico estar\u00e1 lleno de m\u00fasica, fiesta y luces<br \/>\n* M\u00e1s de 5 mil elementos de distintas dependencias resguardan la seguridad durante los cuatro d\u00edas del evento.<\/p>\n<p>El Centro Hist\u00f3rico de Guadalajara fue iluminado. La Presidenta Vero Delgadillo inaugur\u00f3 la novena edici\u00f3n de GDLuz, el festival de la luz m\u00e1s grande de Am\u00e9rica Latina.<!--more--><\/p>\n<p>Momentos antes del primer espect\u00e1culo multimedia en Plaza Liberaci\u00f3n, Vero Delgadillo destac\u00f3 la relevancia de este festival como un punto de encuentro para las familias tapat\u00edas y visitantes, as\u00ed como una oportunidad para redescubrir el coraz\u00f3n de la ciudad a trav\u00e9s de la cultura y la tecnolog\u00eda.<\/p>\n<p>\u201cBienvenidas y bienvenidos al mejor festival de luces de Latinoam\u00e9rica. GDLuz es un festival que convoca a m\u00e1s de un mill\u00f3n y medio de personas y estamos a punto de vivirlo\u201d, apunt\u00f3 la Presidenta.<\/p>\n<p>El festival se llevar\u00e1 a cabo del 23 al 26 de abril, de las 19:30 a 23:00 horas, ofreciendo un recorrido de m\u00e1s de 2 kil\u00f3metros con atracciones inspiradas en el folclore mexicano, que combinan espect\u00e1culos de luz, m\u00fasica, arte digital y presentaciones en vivo.<\/p>\n<p>\u201cEste festival surgi\u00f3 hace nueve a\u00f1os para celebrar la grandeza de Guadalajara, para celebrar la ciudad m\u00e1s bonita de todo M\u00e9xico (\u2026) que permite iluminar los corazones de las tapat\u00edas y tapat\u00edos, de llenar de esperanza y sue\u00f1os. \u00a1Disfr\u00fatenlo!\u201d.<\/p>\n<p>La Presidenta hizo un llamado a cuidar de la Ciudad no tirando basura y respetando el espacio p\u00fablico.<\/p>\n<p>En la inauguraci\u00f3n de GDLuz se registr\u00f3 una asistencia preliminar superior a las 220 mil personas; se espera que disfruten del festival m\u00e1s de 1.5 millones de visitantes, lo que representa una derrama econ\u00f3mica por arriba de los 180 millones de pesos.<\/p>\n<p>Para garantizar la seguridad de las y los asistentes, el Gobierno de Guadalajara desplegar\u00e1 un estado de fuerza de m\u00e1s de 5 mil elementos de distintas dependencias, quienes estar\u00e1n a cargo de resguardar el orden y brindar atenci\u00f3n durante todo el evento.<\/p>\n<p>Durante la jornada inaugural, los principales espacios del Centro Hist\u00f3rico cobraron vida con una variada programaci\u00f3n art\u00edstica: en la Catedral se present\u00f3 un ballet folcl\u00f3rico acompa\u00f1ado de mapping; en Plaza de Armas se instal\u00f3 una zona ne\u00f3n con DJ en vivo; en Plaza de la Liberaci\u00f3n se ofreci\u00f3 un espect\u00e1culo multimedia con orquesta, cantante, DJ y pirotecnia, mientras que en Plaza Fundadores se dio espacio a bandas emergentes.<\/p>\n<p>El recorrido del festival est\u00e1 dividido en cinco zonas tem\u00e1ticas. La Zona 1, \u201cLa M\u00fasica\u201d, ubicada en Catedral y Plaza de Armas, integra experiencias interactivas, mapping y presentaciones en vivo. La Zona 2, \u201cLa Fiesta\u201d, en Plaza de la Liberaci\u00f3n, concentra espect\u00e1culos multimedia, iluminaci\u00f3n ambiental e intervenciones art\u00edsticas.<\/p>\n<p>La Zona 3, \u201cLos Agaves\u201d, en Paseo Fundadores, ofrece instalaciones art\u00edsticas, pasillos de luz y m\u00fasica en vivo. La Zona 4, \u201cLos Juguetes\u201d, en Plaza Tapat\u00eda, presenta t\u00faneles de luz, figuras monumentales e intervenciones l\u00fadicas para todas las edades. Finalmente, la Zona 5, \u201cLas Artes\u201d, en la explanada del Museo Caba\u00f1as, re\u00fane mapping, instalaciones art\u00edsticas y espect\u00e1culos esc\u00e9nicos.<\/p>\n<p>Con este festival, el Gobierno de Guadalajara reafirma su compromiso de impulsar la cultura, fortalecer el tejido social y promover el uso del espacio p\u00fablico como un punto de encuentro para las familias, consolidando a la ciudad como un referente nacional en eventos culturales y art\u00edsticos.<\/p>\n","protected":false},"excerpt":{"rendered":"<p>&nbsp; * A partir de este jueves y hasta el domingo 26 de abril, el Centro Hist\u00f3rico estar\u00e1 lleno de m\u00fasica, fiesta y luces * M\u00e1s de 5 mil elementos de distintas dependencias resguardan la seguridad durante los cuatro d\u00edas del evento. El Centro Hist\u00f3rico de Guadalajara fue iluminado. La Presidenta Vero Delgadillo inaugur\u00f3 la &hellip; <\/p>\n<p><a class=\"more-link btn\" href=\"https:\/\/lamendigapolitica.com\/?p=82673\">Seguir leyendo<\/a><\/p>\n","protected":false},"author":1,"featured_media":0,"comment_status":"open","ping_status":"closed","sticky":false,"template":"","format":"standard","meta":{"footnotes":""},"categories":[5],"tags":[],"class_list":["post-82673","post","type-post","status-publish","format-standard","hentry","category-partidos","item-wrap"],"_links":{"self":[{"href":"https:\/\/lamendigapolitica.com\/index.php?rest_route=\/wp\/v2\/posts\/82673","targetHints":{"allow":["GET"]}}],"collection":[{"href":"https:\/\/lamendigapolitica.com\/index.php?rest_route=\/wp\/v2\/posts"}],"about":[{"href":"https:\/\/lamendigapolitica.com\/index.php?rest_route=\/wp\/v2\/types\/post"}],"author":[{"embeddable":true,"href":"https:\/\/lamendigapolitica.com\/index.php?rest_route=\/wp\/v2\/users\/1"}],"replies":[{"embeddable":true,"href":"https:\/\/lamendigapolitica.com\/index.php?rest_route=%2Fwp%2Fv2%2Fcomments&post=82673"}],"version-history":[{"count":2,"href":"https:\/\/lamendigapolitica.com\/index.php?rest_route=\/wp\/v2\/posts\/82673\/revisions"}],"predecessor-version":[{"id":82676,"href":"https:\/\/lamendigapolitica.com\/index.php?rest_route=\/wp\/v2\/posts\/82673\/revisions\/82676"}],"wp:attachment":[{"href":"https:\/\/lamendigapolitica.com\/index.php?rest_route=%2Fwp%2Fv2%2Fmedia&parent=82673"}],"wp:term":[{"taxonomy":"category","embeddable":true,"href":"https:\/\/lamendigapolitica.com\/index.php?rest_route=%2Fwp%2Fv2%2Fcategories&post=82673"},{"taxonomy":"post_tag","embeddable":true,"href":"https:\/\/lamendigapolitica.com\/index.php?rest_route=%2Fwp%2Fv2%2Ftags&post=82673"}],"curies":[{"name":"wp","href":"https:\/\/api.w.org\/{rel}","templated":true}]}}