{"id":82665,"date":"2026-04-25T19:27:43","date_gmt":"2026-04-26T01:27:43","guid":{"rendered":"https:\/\/lamendigapolitica.com\/?p=82665"},"modified":"2026-04-26T19:37:02","modified_gmt":"2026-04-27T01:37:02","slug":"peliculas-de-talentos-de-la-udeg-triunfan-en-el-ficg-41","status":"publish","type":"post","link":"https:\/\/lamendigapolitica.com\/?p=82665","title":{"rendered":"Pel\u00edculas de talentos de la UdeG triunfan en el FICG 41"},"content":{"rendered":"<p><img loading=\"lazy\" decoding=\"async\" class=\"aligncenter size-full wp-image-82666\" src=\"https:\/\/lamendigapolitica.com\/wp-content\/uploads\/2026\/04\/Captura-de-pantalla-2026-04-26-a-las-19.36.17.png\" alt=\"\" width=\"364\" height=\"290\" srcset=\"https:\/\/lamendigapolitica.com\/wp-content\/uploads\/2026\/04\/Captura-de-pantalla-2026-04-26-a-las-19.36.17.png 364w, https:\/\/lamendigapolitica.com\/wp-content\/uploads\/2026\/04\/Captura-de-pantalla-2026-04-26-a-las-19.36.17-300x239.png 300w\" sizes=\"auto, (max-width: 364px) 100vw, 364px\" \/><\/p>\n<p>Durante clausura, premian al corto documental \u201cMi lugar feliz\u201d, de egresados del CUAAD, y al largometraje de ficci\u00f3n \u201cEl c\u00edrculo de los mentiros\u201d, de egresada del CUCSH<\/p>\n<p>Dos pel\u00edculas que hablan sobre resistencias en Jalisco, que se viven en dos etapas de la vida: en la vejez y la juventud, respectivamente, fueron galardonadas durante la ceremonia de clausura del 41 Festival Internacional de Cine en Guadalajara (FICG).<!--more--><\/p>\n<p>En la terna Hecho en Jalisco a mejor cortometraje documental gan\u00f3 Mi lugar feliz, creado por cuatro estudiantes del Departamento de Imagen y Sonido (DIS) del Centro Universitario de Arte, Arquitectura y Dise\u00f1o (CUAAD): Luis Zamarroni, Mariana Salazar, Alejandro Hidrogo y Sergio Campestre.<\/p>\n<p>&nbsp;<\/p>\n<p>\u201cQueremos dedicar este premio a nuestra protagonista, a Chayito, quien nos abri\u00f3 la puerta de su casa y del asilo, donde se sit\u00faa nuestra corto (&#8230;) Agradecemos el asilo Mar\u00eda Auxiliadora que siempre est\u00e1 recibiendo donaciones, un espacio que se apoya de la generosidad. Est\u00e1n ubicados en el barrio de Mexicaltzingo\u201d.<\/p>\n<p>&nbsp;<\/p>\n<p>\u201cQueremos agradecer a la comunidad del DIS de la UdeG, a nuestras maestras, maestros y todo el personal que estuvo con nosotros desde el inicio. Nosotros hace a\u00f1os est\u00e1bamos viendo la gala del festival y entonces los sue\u00f1os s\u00ed se cumplen\u201d, compartieron sus directores luego de recibir el premio.<\/p>\n<p>&nbsp;<\/p>\n<p>Adem\u00e1s, en la terna de mejor largometraje Hecho en Jalisco lo gan\u00f3 El c\u00edrculo de los mentirosos, escrito y dirigido por Nancy Cruz, egresada de la licenciatura en Comunicaci\u00f3n P\u00fablica del Centro Universitario de Ciencias Sociales y Humanidades (CUCSH).<\/p>\n<p>&nbsp;<\/p>\n<p>La historia plantea c\u00f3mo un grupo de j\u00f3venes estudiantes de Letras de una Guadalajara pre-pand\u00e9mica tratan de encontrar su lugar en el mundo, a la par de que se autodescubren y buscan a toda costa no ser desleales con sus ideales de revolucionar la poes\u00eda en M\u00e9xico.<\/p>\n<p>&nbsp;<\/p>\n<p>\u201cAgradezco a mis productores de Mandarina Films y tambi\u00e9n a la gente de Cobra Films. Agradezco a nuestros colaboradores y destacar que el 90 por ciento de nuestras cabezas creativas eran mujeres. Fue muy rico trabajar con mi equipo: gracias a mis actores y a mi mam\u00e1 porque sin ella no estar\u00eda haciendo cine\u201d, extern\u00f3 la cineasta Nancy Cruz al recibir el premio, junto al actor Argeniz Aldrete.<\/p>\n<p>&nbsp;<\/p>\n<p>FICG 41, un cierre con homenajes<\/p>\n<p>Durante la ceremonia, la directora del FICG, Estrella Araiza, entreg\u00f3 el Homenaje Industria a Elena Vilardell, Secretaria T\u00e9cnica y Ejecutiva del programa Ibermedia, quien es figura clave en el impulso de la industria cinematogr\u00e1fica, quien destac\u00f3 que gran parte de su trayectoria ha florecido en Guadalajara, donde, asegur\u00f3, naci\u00f3 el programa del que forma parte.<\/p>\n<p>&nbsp;<\/p>\n<p>Por su parte, el presidente del FICG, Guillermo G\u00f3mez Mata, entreg\u00f3 el premio al Homenaje Internacional al cineasta Darren Aronofsky, quien subray\u00f3 la importancia del festival como un espacio que acompa\u00f1a y respalda a las y los creadores que presentan sus historias, fortaleciendo as\u00ed el ecosistema cinematogr\u00e1fico. \u201cEn este festival, en compa\u00f1\u00eda de grandes contadores de historias me hace recordar lo humano que somos y lo importante que es para m\u00ed plasmarlo en una pantalla de cine. Para todos los estudiantes de cine: no bajen la guardia, siempre encontrar\u00e1n a alguien que est\u00e9 atento a lo que quieran narrar\u201d, recalc\u00f3.<\/p>\n<p>&nbsp;<\/p>\n<p>Al finalizar la ceremonia de clausura se proyect\u00f3 la pel\u00edcula Un hijo propio, de la cineasta chilena Maite Alberdi. \u201cEstoy muy contenta de proyectar mi primera pel\u00edcula mexicana, ha sido un orgullo trabajar aqu\u00ed. Esta historia es extraordinaria y me convenc\u00ed que la realidad est\u00e1 fuera de la ficci\u00f3n, es sobre la presi\u00f3n que vivimos las mujeres, sobre el mandato de g\u00e9nero y la maternidad\u201d, dijo Alberdi en un videomensaje.<\/p>\n<p>&nbsp;<\/p>\n<p>Una voz muy en alto contra los feminicidios en M\u00e9xico<\/p>\n<p>El documental Querida F\u00e1tima fue multigalardonado durante el cierre del FICG 41, pues fue merecedor del Premio del P\u00fablico, el Premio Mezcal a mejor direcci\u00f3n y Premio Mezcal a mejor pel\u00edcula mexicana.<\/p>\n<p>&nbsp;<\/p>\n<p>Este filme dirigido por Lorena Guti\u00e9rrez Rangel, Su Kim, Jes\u00fas Quintana Vega, Rodrigo Reyes, Dawn Valadez, Davi Merchan, que narra c\u00f3mo Lorena Guti\u00e9rrez busca una audiencia con la primera mujer presidenta de M\u00e9xico, para exigir justicia por el asesinato de su hija F\u00e1tima.<\/p>\n<p>&nbsp;<\/p>\n<p>\u201cEl cine es la memoria del mundo y estoy muy orgullosa de que la voz de mi hija F\u00e1tima pueda trascender para que prevalezca su memoria, por medio de esta pel\u00edcula. \u00a1Ni una m\u00e1s, ni una m\u00e1s, ni una asesinada m\u00e1s!\u201d, dijo en voz alta Lorena Guti\u00e9rrez Rangel.<\/p>\n<p>&nbsp;<\/p>\n<p>Estas son las pel\u00edculas ganadoras del FICG 41:<\/p>\n<p>&nbsp;<\/p>\n<p>Premio Mezcal<\/p>\n<p>&nbsp;<\/p>\n<p>\u00b7 Premio Mezcal a la Mejor Pel\u00edcula Mexicana: Querida F\u00e1tima, de Lorena Guti\u00e9rrez Rangel, Su Kim, Jes\u00fas Quintana Vega, Rodrigo Reyes y Dawn Valadez.<\/p>\n<p>\u00b7 Mejor Direcci\u00f3n: Querida F\u00e1tima de Lorena Guti\u00e9rrez Rangel, Su Kim, Jes\u00fas Quintana Vega, Rodrigo Reyes y Dawn Valadez.<\/p>\n<p>\u00b7 Mejor Logro T\u00e9cnico-Art\u00edstico: Diego Tenorio, por Ciudad de muertos<\/p>\n<p>\u00b7 Mejor Interpretaci\u00f3n: Oustin de Le\u00f3n, por Soy Mario<\/p>\n<p>\u00b7 Premio del P\u00fablico: Querida F\u00e1tima, de Lorena Guti\u00e9rrez Rangel, Su Kim, Jes\u00fas Quintana Vega, Rodrigo Reyes y Dawn Valadez.<\/p>\n<p>\u00b7 Premio Jurado Joven: La misma sangre, de \u00c1ngel Ricardo Linares Colmenares.<\/p>\n<p>Largometraje Iberoamericano de Ficci\u00f3n<\/p>\n<p>&nbsp;<\/p>\n<p>\u00b7 Mejor Logro T\u00e9cnico-Art\u00edstico: Hangar rojo<\/p>\n<p>\u00b7 Mejor Interpretaci\u00f3n: Ex aequo Nicol\u00e1s Z\u00e1rate por Hangar rojo y Mar\u00eda Magdalena Sanizo por La hija c\u00f3ndor<\/p>\n<p>\u00b7 Mejor Gui\u00f3n: Luis Emilio Guzm\u00e1n por Hangar rojo<\/p>\n<p>\u00b7 Mejor \u00d3pera Prima: Barrio triste de Stillz<\/p>\n<p>\u00b7 Menci\u00f3n honor\u00edfica a Nunkui de Verenice Ben\u00edtez<\/p>\n<p>\u00b7 Mejor Direcci\u00f3n: Juan Pablo Sallato por Hangar rojo<\/p>\n<p>\u00b7 Mejor Pel\u00edcula Iberoamericana de Ficci\u00f3n: Hangar rojo<\/p>\n<p>&nbsp;<\/p>\n<p>Largometraje Iberoamericano Documental<\/p>\n<p>&nbsp;<\/p>\n<p>\u00b7 Mejor Logro T\u00e9cnico-Art\u00edstico: La fabulosa m\u00e1quina del tiempo, de Eliza Capai<\/p>\n<p>\u00b7 Mejor Direcci\u00f3n: Paula Cury por Ni\u00f1as escarlata<\/p>\n<p>\u00b7 Mejor Documental Iberoamericano: Ni\u00f1as escarlata de Paula Cury<\/p>\n<p>\u00b7 Menci\u00f3n honor\u00edfica: Flores para Antonio de Elena Molina e Isaki Lacuesta<\/p>\n<p>&nbsp;<\/p>\n<p>Premio Maguey<\/p>\n<p>&nbsp;<\/p>\n<p>\u00b7 Premio Maguey Mejor Interpretaci\u00f3n: Yuri Gomes y Teca Pereira por Feito pipa<\/p>\n<p>\u00b7 Premio Maguey del Jurado: Soy Mario, de Sharon Kleinberg<\/p>\n<p>\u00b7 Premio Maguey a la Mejor Pel\u00edcula: Feito pipa, de Allan Everton<\/p>\n<p>\u00b7 Menci\u00f3n honor\u00edfica: Nuestro cuerpo es una estrella que se expande, de Semillites y Tania Hern\u00e1ndez Velasco<\/p>\n<p>&nbsp;<\/p>\n<p>Largometraje Internacional de Animaci\u00f3n<\/p>\n<p>&nbsp;<\/p>\n<p>\u00b7 Mejor Largometraje de Animaci\u00f3n: Cora\u00e7\u00e3o das trevas, de Rog\u00e9rio Nunes<\/p>\n<p>Hecho en Jalisco<\/p>\n<p>&nbsp;<\/p>\n<p>\u00b7 Mejor Pel\u00edcula Jalisciense: El c\u00edrculo de los mentirosos, de Nancy Cruz Orozco<\/p>\n<p>\u00b7 Mejor Cortometraje Jalisciense: Mi lugar favorito, de Alejandro Hidrogo Arechiga, Luis Zamarroni, Mariana Salazar y Sergio Campestre<\/p>\n<p>&nbsp;<\/p>\n<p>Premio de Cine Socioambiental<\/p>\n<p>&nbsp;<\/p>\n<p>\u00b7 Mejor Pel\u00edcula Socioambiental: Black Water ,de Natxo Leuza<\/p>\n<p>&nbsp;<\/p>\n<p>Premio de Cine de G\u00e9nero<\/p>\n<p>&nbsp;<\/p>\n<p>\u00b7 Mejor Pel\u00edcula de Cine de G\u00e9nero: Alpha de Julia Ducournau<\/p>\n<p>\u00b7 Menciones honor\u00edficas: Motherwitch, de Minos Papas y Hablando con extra\u00f1os, de Adri\u00e1n Garc\u00eda Bogliano<\/p>\n<p>&nbsp;<\/p>\n<p>Cortometraje Iberoamericano<\/p>\n<p>&nbsp;<\/p>\n<p>\u00b7 Mejor Cortometraje Iberoamericano: Tres, de Juan Ignacio Ceballos<\/p>\n<p>\u00b7 Menci\u00f3n honor\u00edfica: Replikka, de Pirat\u00e1 Waur\u00e1 y Heloisa Passos<\/p>\n<p>&nbsp;<\/p>\n<p>Premio Rigo Mora<\/p>\n<p>&nbsp;<\/p>\n<p>\u00b7 Mejor Cortometraje de Animaci\u00f3n: Una vez en un cuerpo, de Mar\u00eda Cristina P\u00e9rez Gonz\u00e1lez.<\/p>\n<p>\u00b7 Menci\u00f3n honor\u00edfica: El fantasma de la quinta, de James A. Castillo<\/p>\n<p>&nbsp;<\/p>\n<p>Premio de la Federaci\u00f3n Internacional de Prensa Cinematogr\u00e1fica (FIPRESCI): Oca, de Karla Badillo.<\/p>\n<p>Premio de la Federaci\u00f3n de Escuelas de la Imagen y Sonido de Am\u00e9rica Latina (FEISAL): Aqu\u00ed se escucha el silencio, de Gabriela Pena y Picho Garc\u00eda<\/p>\n","protected":false},"excerpt":{"rendered":"<p>Durante clausura, premian al corto documental \u201cMi lugar feliz\u201d, de egresados del CUAAD, y al largometraje de ficci\u00f3n \u201cEl c\u00edrculo de los mentiros\u201d, de egresada del CUCSH Dos pel\u00edculas que hablan sobre resistencias en Jalisco, que se viven en dos etapas de la vida: en la vejez y la juventud, respectivamente, fueron galardonadas durante la &hellip; <\/p>\n<p><a class=\"more-link btn\" href=\"https:\/\/lamendigapolitica.com\/?p=82665\">Seguir leyendo<\/a><\/p>\n","protected":false},"author":1,"featured_media":0,"comment_status":"open","ping_status":"closed","sticky":false,"template":"","format":"standard","meta":{"footnotes":""},"categories":[5],"tags":[],"class_list":["post-82665","post","type-post","status-publish","format-standard","hentry","category-partidos","item-wrap"],"_links":{"self":[{"href":"https:\/\/lamendigapolitica.com\/index.php?rest_route=\/wp\/v2\/posts\/82665","targetHints":{"allow":["GET"]}}],"collection":[{"href":"https:\/\/lamendigapolitica.com\/index.php?rest_route=\/wp\/v2\/posts"}],"about":[{"href":"https:\/\/lamendigapolitica.com\/index.php?rest_route=\/wp\/v2\/types\/post"}],"author":[{"embeddable":true,"href":"https:\/\/lamendigapolitica.com\/index.php?rest_route=\/wp\/v2\/users\/1"}],"replies":[{"embeddable":true,"href":"https:\/\/lamendigapolitica.com\/index.php?rest_route=%2Fwp%2Fv2%2Fcomments&post=82665"}],"version-history":[{"count":1,"href":"https:\/\/lamendigapolitica.com\/index.php?rest_route=\/wp\/v2\/posts\/82665\/revisions"}],"predecessor-version":[{"id":82667,"href":"https:\/\/lamendigapolitica.com\/index.php?rest_route=\/wp\/v2\/posts\/82665\/revisions\/82667"}],"wp:attachment":[{"href":"https:\/\/lamendigapolitica.com\/index.php?rest_route=%2Fwp%2Fv2%2Fmedia&parent=82665"}],"wp:term":[{"taxonomy":"category","embeddable":true,"href":"https:\/\/lamendigapolitica.com\/index.php?rest_route=%2Fwp%2Fv2%2Fcategories&post=82665"},{"taxonomy":"post_tag","embeddable":true,"href":"https:\/\/lamendigapolitica.com\/index.php?rest_route=%2Fwp%2Fv2%2Ftags&post=82665"}],"curies":[{"name":"wp","href":"https:\/\/api.w.org\/{rel}","templated":true}]}}