{"id":82168,"date":"2026-01-02T13:09:34","date_gmt":"2026-01-02T19:09:34","guid":{"rendered":"https:\/\/lamendigapolitica.com\/?p=82168"},"modified":"2026-01-05T13:15:34","modified_gmt":"2026-01-05T19:15:34","slug":"musica-internacional-y-drones-iluminaron-la-llegada-del-2026-en-puerto-vallarta","status":"publish","type":"post","link":"https:\/\/lamendigapolitica.com\/?p=82168","title":{"rendered":"M\u00fasica internacional y drones iluminaron la llegada del 2026 en Puerto Vallarta"},"content":{"rendered":"<p><img loading=\"lazy\" decoding=\"async\" class=\"aligncenter size-large wp-image-82169\" src=\"https:\/\/lamendigapolitica.com\/wp-content\/uploads\/2026\/01\/COMUNICADO-1357-13-1024x768.jpeg\" alt=\"\" width=\"555\" height=\"416\" srcset=\"https:\/\/lamendigapolitica.com\/wp-content\/uploads\/2026\/01\/COMUNICADO-1357-13-1024x768.jpeg 1024w, https:\/\/lamendigapolitica.com\/wp-content\/uploads\/2026\/01\/COMUNICADO-1357-13-300x225.jpeg 300w, https:\/\/lamendigapolitica.com\/wp-content\/uploads\/2026\/01\/COMUNICADO-1357-13-768x576.jpeg 768w, https:\/\/lamendigapolitica.com\/wp-content\/uploads\/2026\/01\/COMUNICADO-1357-13-555x416.jpeg 555w, https:\/\/lamendigapolitica.com\/wp-content\/uploads\/2026\/01\/COMUNICADO-1357-13.jpeg 1280w\" sizes=\"auto, (max-width: 555px) 100vw, 555px\" \/><\/p>\n<p>\u00b7 El Malec\u00f3n reuni\u00f3 a miles de personas para despedir el 2025 con un espect\u00e1culo de drones y el DJ set internacional de The Blaze<\/p>\n<p>Con m\u00fasica, luces y un ambiente de celebraci\u00f3n, el gobierno de Pablo Lemus Navarro, en coordinaci\u00f3n con el gobierno de Luis Mungu\u00eda Gonz\u00e1lez, despidi\u00f3 el 2025 con el evento A\u00f1o Nuevo al Estilo Jalisco, en el Malec\u00f3n de Puerto Vallarta, donde miles de personas se reunieron para celebrar el inicio del 2026.<!--more--><\/p>\n<p>La noche inici\u00f3 con las presentaciones del Mariachi Internacional CHG y Zona Kumbia, que animaron el ambiente previo a la medianoche. Antes del conteo, el alcalde Luis Mungu\u00eda Gonz\u00e1lez dirigi\u00f3 un mensaje en el que dio la bienvenida a quienes visitan el destino y comparti\u00f3 buenos deseos de salud, prosperidad y desarrollo para Puerto Vallarta.<\/p>\n<p>Al llegar la medianoche, el conteo regresivo uni\u00f3 a miles de personas y dio paso a un espect\u00e1culo de pirotecnia y drones que ilumin\u00f3 el cielo del Malec\u00f3n, formando figuras que marcaron de manera simb\u00f3lica el inicio del 2026 entre aplausos, gritos y abrazos.<\/p>\n<p>Despu\u00e9s del arranque del nuevo a\u00f1o, la fiesta continu\u00f3 con el DJ set internacional de The Blaze, que encendi\u00f3 el ambiente y mantuvo al p\u00fablico reunido frente al mar, cerrando la noche como uno de los momentos m\u00e1s destacados de la celebraci\u00f3n y reafirmando a Puerto Vallarta como un destino tur\u00edstico festivo<\/p>\n","protected":false},"excerpt":{"rendered":"<p>\u00b7 El Malec\u00f3n reuni\u00f3 a miles de personas para despedir el 2025 con un espect\u00e1culo de drones y el DJ set internacional de The Blaze Con m\u00fasica, luces y un ambiente de celebraci\u00f3n, el gobierno de Pablo Lemus Navarro, en coordinaci\u00f3n con el gobierno de Luis Mungu\u00eda Gonz\u00e1lez, despidi\u00f3 el 2025 con el evento A\u00f1o &hellip; <\/p>\n<p><a class=\"more-link btn\" href=\"https:\/\/lamendigapolitica.com\/?p=82168\">Seguir leyendo<\/a><\/p>\n","protected":false},"author":1,"featured_media":0,"comment_status":"open","ping_status":"closed","sticky":false,"template":"","format":"standard","meta":{"footnotes":""},"categories":[5],"tags":[],"class_list":["post-82168","post","type-post","status-publish","format-standard","hentry","category-partidos","item-wrap"],"_links":{"self":[{"href":"https:\/\/lamendigapolitica.com\/index.php?rest_route=\/wp\/v2\/posts\/82168","targetHints":{"allow":["GET"]}}],"collection":[{"href":"https:\/\/lamendigapolitica.com\/index.php?rest_route=\/wp\/v2\/posts"}],"about":[{"href":"https:\/\/lamendigapolitica.com\/index.php?rest_route=\/wp\/v2\/types\/post"}],"author":[{"embeddable":true,"href":"https:\/\/lamendigapolitica.com\/index.php?rest_route=\/wp\/v2\/users\/1"}],"replies":[{"embeddable":true,"href":"https:\/\/lamendigapolitica.com\/index.php?rest_route=%2Fwp%2Fv2%2Fcomments&post=82168"}],"version-history":[{"count":1,"href":"https:\/\/lamendigapolitica.com\/index.php?rest_route=\/wp\/v2\/posts\/82168\/revisions"}],"predecessor-version":[{"id":82170,"href":"https:\/\/lamendigapolitica.com\/index.php?rest_route=\/wp\/v2\/posts\/82168\/revisions\/82170"}],"wp:attachment":[{"href":"https:\/\/lamendigapolitica.com\/index.php?rest_route=%2Fwp%2Fv2%2Fmedia&parent=82168"}],"wp:term":[{"taxonomy":"category","embeddable":true,"href":"https:\/\/lamendigapolitica.com\/index.php?rest_route=%2Fwp%2Fv2%2Fcategories&post=82168"},{"taxonomy":"post_tag","embeddable":true,"href":"https:\/\/lamendigapolitica.com\/index.php?rest_route=%2Fwp%2Fv2%2Ftags&post=82168"}],"curies":[{"name":"wp","href":"https:\/\/api.w.org\/{rel}","templated":true}]}}