{"id":82159,"date":"2025-12-31T20:12:09","date_gmt":"2026-01-01T02:12:09","guid":{"rendered":"https:\/\/lamendigapolitica.com\/?p=82159"},"modified":"2025-12-31T20:12:09","modified_gmt":"2026-01-01T02:12:09","slug":"rescatan-a-perrita-lesionada-y-la-regresan-a-su-familia","status":"publish","type":"post","link":"https:\/\/lamendigapolitica.com\/?p=82159","title":{"rendered":"Rescatan a perrita lesionada y la regresan a su familia"},"content":{"rendered":"<p><img loading=\"lazy\" decoding=\"async\" class=\"aligncenter size-large wp-image-82160\" src=\"https:\/\/lamendigapolitica.com\/wp-content\/uploads\/2025\/12\/Foto-1-comunicado-1572-1024x679.jpg\" alt=\"\" width=\"555\" height=\"368\" srcset=\"https:\/\/lamendigapolitica.com\/wp-content\/uploads\/2025\/12\/Foto-1-comunicado-1572-1024x679.jpg 1024w, https:\/\/lamendigapolitica.com\/wp-content\/uploads\/2025\/12\/Foto-1-comunicado-1572-300x199.jpg 300w, https:\/\/lamendigapolitica.com\/wp-content\/uploads\/2025\/12\/Foto-1-comunicado-1572-768x509.jpg 768w, https:\/\/lamendigapolitica.com\/wp-content\/uploads\/2025\/12\/Foto-1-comunicado-1572-555x368.jpg 555w, https:\/\/lamendigapolitica.com\/wp-content\/uploads\/2025\/12\/Foto-1-comunicado-1572.jpg 1280w\" sizes=\"auto, (max-width: 555px) 100vw, 555px\" \/><\/p>\n<p>REPORTE SE ATENDI\u00d3 A TRAV\u00c9S DE LA AGENCIA 05 DE CRUELDAD ANIMAL<\/p>\n<p>Una perrita que se encontraba lesionada en el municipio de Tonal\u00e1, fue rescatada, atendida y posteriormente reintegrada a la familia que la buscaba, luego de las labores que realiza la Agencia 05 de Crueldad Animal, de la Vicefiscal\u00eda en Investigaci\u00f3n Especializada en Concertaci\u00f3n Social.<\/p>\n<p>El pasado 30 de diciembre, a trav\u00e9s de redes sociales, se recibi\u00f3 el reporte de una perrita que se encontraba lesionada en calles del municipio tonalteca. Las y los agentes de la Fiscal\u00eda acudieron a corroborar la informaci\u00f3n, localizando al animal.<!--more--><\/p>\n<p>En una r\u00e1pida acci\u00f3n, lograron trasladarla hacia el Centro de Salud y Control Animal de Tonal\u00e1, donde fue atendida y estabilizada.<\/p>\n<p>Con las labores de la Agencia 05, se logr\u00f3 localizar y contactar a las due\u00f1as de la perrita, quienes la buscaban desde hace d\u00edas.<\/p>\n<p>Tras verificar la informaci\u00f3n de las due\u00f1as y una vez que la perrita estuvo en buen estado de salud, se realiz\u00f3 con \u00e9xito la entrega, logrando su feliz reencuentro este 31 de diciembre.<\/p>\n<p>Este caso refleja el compromiso, la sensibilidad y el trabajo coordinado entre la Fiscal\u00eda del Estado de Jalisco, a trav\u00e9s de la Agencia 05 de Crueldad Animal y el Centro de Salud y Control Animal de Tonal\u00e1, demostrando que la atenci\u00f3n, la denuncia ciudadana y la colaboraci\u00f3n institucional salvan vidas y protegen a quienes no tienen voz.<\/p>\n","protected":false},"excerpt":{"rendered":"<p>REPORTE SE ATENDI\u00d3 A TRAV\u00c9S DE LA AGENCIA 05 DE CRUELDAD ANIMAL Una perrita que se encontraba lesionada en el municipio de Tonal\u00e1, fue rescatada, atendida y posteriormente reintegrada a la familia que la buscaba, luego de las labores que realiza la Agencia 05 de Crueldad Animal, de la Vicefiscal\u00eda en Investigaci\u00f3n Especializada en Concertaci\u00f3n &hellip; <\/p>\n<p><a class=\"more-link btn\" href=\"https:\/\/lamendigapolitica.com\/?p=82159\">Seguir leyendo<\/a><\/p>\n","protected":false},"author":1,"featured_media":0,"comment_status":"open","ping_status":"closed","sticky":false,"template":"","format":"standard","meta":{"footnotes":""},"categories":[5],"tags":[],"class_list":["post-82159","post","type-post","status-publish","format-standard","hentry","category-partidos","item-wrap"],"_links":{"self":[{"href":"https:\/\/lamendigapolitica.com\/index.php?rest_route=\/wp\/v2\/posts\/82159","targetHints":{"allow":["GET"]}}],"collection":[{"href":"https:\/\/lamendigapolitica.com\/index.php?rest_route=\/wp\/v2\/posts"}],"about":[{"href":"https:\/\/lamendigapolitica.com\/index.php?rest_route=\/wp\/v2\/types\/post"}],"author":[{"embeddable":true,"href":"https:\/\/lamendigapolitica.com\/index.php?rest_route=\/wp\/v2\/users\/1"}],"replies":[{"embeddable":true,"href":"https:\/\/lamendigapolitica.com\/index.php?rest_route=%2Fwp%2Fv2%2Fcomments&post=82159"}],"version-history":[{"count":1,"href":"https:\/\/lamendigapolitica.com\/index.php?rest_route=\/wp\/v2\/posts\/82159\/revisions"}],"predecessor-version":[{"id":82161,"href":"https:\/\/lamendigapolitica.com\/index.php?rest_route=\/wp\/v2\/posts\/82159\/revisions\/82161"}],"wp:attachment":[{"href":"https:\/\/lamendigapolitica.com\/index.php?rest_route=%2Fwp%2Fv2%2Fmedia&parent=82159"}],"wp:term":[{"taxonomy":"category","embeddable":true,"href":"https:\/\/lamendigapolitica.com\/index.php?rest_route=%2Fwp%2Fv2%2Fcategories&post=82159"},{"taxonomy":"post_tag","embeddable":true,"href":"https:\/\/lamendigapolitica.com\/index.php?rest_route=%2Fwp%2Fv2%2Ftags&post=82159"}],"curies":[{"name":"wp","href":"https:\/\/api.w.org\/{rel}","templated":true}]}}