{"id":82148,"date":"2025-12-29T21:07:56","date_gmt":"2025-12-30T03:07:56","guid":{"rendered":"https:\/\/lamendigapolitica.com\/?p=82148"},"modified":"2025-12-30T21:26:35","modified_gmt":"2025-12-31T03:26:35","slug":"82148","status":"publish","type":"post","link":"https:\/\/lamendigapolitica.com\/?p=82148","title":{"rendered":"Los porqu\u00e9s del accidente del Tren Interoce\u00e1nico"},"content":{"rendered":"<p><img loading=\"lazy\" decoding=\"async\" class=\"aligncenter size-full wp-image-82149\" src=\"https:\/\/lamendigapolitica.com\/wp-content\/uploads\/2025\/12\/accidente-tren-dejado-saldo-personas.webp\" alt=\"\" width=\"942\" height=\"532\" srcset=\"https:\/\/lamendigapolitica.com\/wp-content\/uploads\/2025\/12\/accidente-tren-dejado-saldo-personas.webp 942w, https:\/\/lamendigapolitica.com\/wp-content\/uploads\/2025\/12\/accidente-tren-dejado-saldo-personas-300x169.webp 300w, https:\/\/lamendigapolitica.com\/wp-content\/uploads\/2025\/12\/accidente-tren-dejado-saldo-personas-768x434.webp 768w, https:\/\/lamendigapolitica.com\/wp-content\/uploads\/2025\/12\/accidente-tren-dejado-saldo-personas-555x313.webp 555w\" sizes=\"auto, (max-width: 942px) 100vw, 942px\" \/><\/p>\n<p>Un descarrilamiento en el Tren del Corredor Interoce\u00e1nico del Istmo de Tehuantepec ocurrido el 28 de diciembre en Oaxaca dej\u00f3 al menos 13 muertos, entre ellos una menor de edad, mientras permanecen otras personas hospitalizadas.<\/p>\n<p>En tanto, la Agencia de Transporte Ferroviario contin\u00faa con la evaluaci\u00f3n de los hechos en conjunto con la Fiscal\u00eda General de la Rep\u00fablica (FGR) y la Fiscal\u00eda estatal.<\/p>\n<p>Lo que ocurri\u00f3 este fin de semana en Mat\u00edas Romero, Oaxaca, no fue un accidente fortuito; tiene las marcas de una tragedia anunciada. El descarrilamiento del Tren Interoce\u00e1nico, que cobr\u00f3 la vida de 13 personas, ha desnudado el costo real de la corrupci\u00f3n en las obras insignia del obradorismo<\/p>\n<p>Oposici\u00f3n. Aunque el gobierno ha se\u00f1alado que las v\u00edas se encontraban en buen estado, miembros de la oposici\u00f3n acusaron a Morena y al expresidente Andr\u00e9s Manuel L\u00f3pez Obrador de ser los responsables directos del accidente pues aseguran que el proyecto fue impulsado con criterios pol\u00edticos en lugar de t\u00e9cnicos.<!--more--><\/p>\n<p>En la construcci\u00f3n del megaproyecto se detectaron diferentes irregularidades y se vieron involucradas figuras cercanas al exmandatario morenista.<\/p>\n<p>El papel de \u00abBobby\u00bb. Todas las miradas apuntan a Gonzalo L\u00f3pez Beltr\u00e1n, hijo del expresidente. Su rol como \u00absupervisor honorario\u00bb del proyecto es se\u00f1alado como la llave que abri\u00f3 la puerta a una red de negocios y tr\u00e1fico de influencias sin rendici\u00f3n de cuentas.<\/p>\n<p>Amiguismo\u2019. Investigaciones period\u00edsticas se\u00f1alan que empresarios cercanos a los hijos del expresidente L\u00f3pez Obrador fueron beneficiados con contratos millonarios como proveedores de insumos para la obra del Corredor Interoce\u00e1nico.<\/p>\n<p>Es el caso de Pedro Salazar Beltr\u00e1n, primo de los hijos del expresidente, quien fungi\u00f3 como proveedor del tren, as\u00ed como Am\u00edlcar Ol\u00e1n, quien no solo fue el proveedor del balasto, sino que audios filtrados revelaron c\u00f3mo se mof\u00f3 de la posibilidad de un descarrilamiento debido a la mala calidad de los materiales. Esa \u00abbroma\u00bb hoy es una realidad fatal.<\/p>\n<p>Irregularidades. Adem\u00e1s del tr\u00e1fico de influencias, tambi\u00e9n est\u00e1 el hecho de que la Auditor\u00eda Superior de la Federaci\u00f3n (ASF) detect\u00f3 diversas irregularidades financieras y operativas, incluyendo pagos en exceso, falta de planeaci\u00f3n y deficiencias en los materiales utilizados para la rehabilitaci\u00f3n de las v\u00edas en el 2020 y el 2023.<\/p>\n<p>Sheinbaum. La presidenta Claudia Sheinbaum lament\u00f3 el accidente y desde su conferencia matutina destac\u00f3 que la FGR realizar\u00e1 una investigaci\u00f3n para deslindar responsabilidades. Adem\u00e1s visit\u00f3 a las v\u00edctimas del suceso y anunci\u00f3 que se entregar\u00e1n los primeros apoyos econ\u00f3micos de 30 mil pesos a los familiares de los afectados.<\/p>\n<p>Con informaci\u00f3n de Pol\u00edtico Mx<\/p>\n","protected":false},"excerpt":{"rendered":"<p>Un descarrilamiento en el Tren del Corredor Interoce\u00e1nico del Istmo de Tehuantepec ocurrido el 28 de diciembre en Oaxaca dej\u00f3 al menos 13 muertos, entre ellos una menor de edad, mientras permanecen otras personas hospitalizadas. En tanto, la Agencia de Transporte Ferroviario contin\u00faa con la evaluaci\u00f3n de los hechos en conjunto con la Fiscal\u00eda General &hellip; <\/p>\n<p><a class=\"more-link btn\" href=\"https:\/\/lamendigapolitica.com\/?p=82148\">Seguir leyendo<\/a><\/p>\n","protected":false},"author":1,"featured_media":0,"comment_status":"open","ping_status":"closed","sticky":false,"template":"","format":"standard","meta":{"footnotes":""},"categories":[5],"tags":[],"class_list":["post-82148","post","type-post","status-publish","format-standard","hentry","category-partidos","item-wrap"],"_links":{"self":[{"href":"https:\/\/lamendigapolitica.com\/index.php?rest_route=\/wp\/v2\/posts\/82148","targetHints":{"allow":["GET"]}}],"collection":[{"href":"https:\/\/lamendigapolitica.com\/index.php?rest_route=\/wp\/v2\/posts"}],"about":[{"href":"https:\/\/lamendigapolitica.com\/index.php?rest_route=\/wp\/v2\/types\/post"}],"author":[{"embeddable":true,"href":"https:\/\/lamendigapolitica.com\/index.php?rest_route=\/wp\/v2\/users\/1"}],"replies":[{"embeddable":true,"href":"https:\/\/lamendigapolitica.com\/index.php?rest_route=%2Fwp%2Fv2%2Fcomments&post=82148"}],"version-history":[{"count":4,"href":"https:\/\/lamendigapolitica.com\/index.php?rest_route=\/wp\/v2\/posts\/82148\/revisions"}],"predecessor-version":[{"id":82153,"href":"https:\/\/lamendigapolitica.com\/index.php?rest_route=\/wp\/v2\/posts\/82148\/revisions\/82153"}],"wp:attachment":[{"href":"https:\/\/lamendigapolitica.com\/index.php?rest_route=%2Fwp%2Fv2%2Fmedia&parent=82148"}],"wp:term":[{"taxonomy":"category","embeddable":true,"href":"https:\/\/lamendigapolitica.com\/index.php?rest_route=%2Fwp%2Fv2%2Fcategories&post=82148"},{"taxonomy":"post_tag","embeddable":true,"href":"https:\/\/lamendigapolitica.com\/index.php?rest_route=%2Fwp%2Fv2%2Ftags&post=82148"}],"curies":[{"name":"wp","href":"https:\/\/api.w.org\/{rel}","templated":true}]}}