{"id":82139,"date":"2025-12-25T22:15:06","date_gmt":"2025-12-26T04:15:06","guid":{"rendered":"https:\/\/lamendigapolitica.com\/?p=82139"},"modified":"2025-12-29T23:02:45","modified_gmt":"2025-12-30T05:02:45","slug":"cual-es-el-origen-del-nacimiento-de-navidad","status":"publish","type":"post","link":"https:\/\/lamendigapolitica.com\/?p=82139","title":{"rendered":"\u00bfCu\u00e1l es el origen del nacimiento de Navidad?"},"content":{"rendered":"<p><img loading=\"lazy\" decoding=\"async\" class=\"aligncenter size-large wp-image-82140\" src=\"https:\/\/lamendigapolitica.com\/wp-content\/uploads\/2025\/12\/WhatsApp-Image-2025-12-23-at-3.28.36-PM-1024x576.jpeg\" alt=\"\" width=\"555\" height=\"312\" srcset=\"https:\/\/lamendigapolitica.com\/wp-content\/uploads\/2025\/12\/WhatsApp-Image-2025-12-23-at-3.28.36-PM-1024x576.jpeg 1024w, https:\/\/lamendigapolitica.com\/wp-content\/uploads\/2025\/12\/WhatsApp-Image-2025-12-23-at-3.28.36-PM-300x169.jpeg 300w, https:\/\/lamendigapolitica.com\/wp-content\/uploads\/2025\/12\/WhatsApp-Image-2025-12-23-at-3.28.36-PM-768x432.jpeg 768w, https:\/\/lamendigapolitica.com\/wp-content\/uploads\/2025\/12\/WhatsApp-Image-2025-12-23-at-3.28.36-PM-1536x864.jpeg 1536w, https:\/\/lamendigapolitica.com\/wp-content\/uploads\/2025\/12\/WhatsApp-Image-2025-12-23-at-3.28.36-PM-555x312.jpeg 555w, https:\/\/lamendigapolitica.com\/wp-content\/uploads\/2025\/12\/WhatsApp-Image-2025-12-23-at-3.28.36-PM.jpeg 1600w\" sizes=\"auto, (max-width: 555px) 100vw, 555px\" \/><\/p>\n<p>Lo invent\u00f3 San Francisco de As\u00eds, el santo de la humildad y de la pobreza, en la Navidad de 1223, en el pueblo de Greccio, Italia. \u201cFue San Francisco de As\u00eds el que recre\u00f3 el nacimiento de Jes\u00fas narrado en la Biblia. En un pesebre, reuni\u00f3 a gente del pueblo y a animales. As\u00ed yaci\u00f3 el primer pesebre en la historia\u201d<\/p>\n<p>La Navidad se convirti\u00f3 en una celebraci\u00f3n formal en la Antigua Roma en el a\u00f1o 336, cuando\u00a0<b>el emperador Constantino<\/b>\u00a0introdujo el cristianismo como religi\u00f3n oficial en todo el imperio. Mosaico bizantino del emperador Constantino el Grande.<\/p>\n<p>Se considera que el primer banquete de Navidad se celebr\u00f3 en el a\u00f1o 379 en\u00a0<b>Constantinopla<\/b>. A partir de esta fecha comenz\u00f3 a extenderse por el resto del Imperio Romano.<\/p>\n<p>&nbsp;<\/p>\n","protected":false},"excerpt":{"rendered":"<p>Lo invent\u00f3 San Francisco de As\u00eds, el santo de la humildad y de la pobreza, en la Navidad de 1223, en el pueblo de Greccio, Italia. \u201cFue San Francisco de As\u00eds el que recre\u00f3 el nacimiento de Jes\u00fas narrado en la Biblia. En un pesebre, reuni\u00f3 a gente del pueblo y a animales. As\u00ed yaci\u00f3 &hellip; <\/p>\n<p><a class=\"more-link btn\" href=\"https:\/\/lamendigapolitica.com\/?p=82139\">Seguir leyendo<\/a><\/p>\n","protected":false},"author":1,"featured_media":0,"comment_status":"open","ping_status":"closed","sticky":false,"template":"","format":"standard","meta":{"footnotes":""},"categories":[5],"tags":[],"class_list":["post-82139","post","type-post","status-publish","format-standard","hentry","category-partidos","item-wrap"],"_links":{"self":[{"href":"https:\/\/lamendigapolitica.com\/index.php?rest_route=\/wp\/v2\/posts\/82139","targetHints":{"allow":["GET"]}}],"collection":[{"href":"https:\/\/lamendigapolitica.com\/index.php?rest_route=\/wp\/v2\/posts"}],"about":[{"href":"https:\/\/lamendigapolitica.com\/index.php?rest_route=\/wp\/v2\/types\/post"}],"author":[{"embeddable":true,"href":"https:\/\/lamendigapolitica.com\/index.php?rest_route=\/wp\/v2\/users\/1"}],"replies":[{"embeddable":true,"href":"https:\/\/lamendigapolitica.com\/index.php?rest_route=%2Fwp%2Fv2%2Fcomments&post=82139"}],"version-history":[{"count":1,"href":"https:\/\/lamendigapolitica.com\/index.php?rest_route=\/wp\/v2\/posts\/82139\/revisions"}],"predecessor-version":[{"id":82141,"href":"https:\/\/lamendigapolitica.com\/index.php?rest_route=\/wp\/v2\/posts\/82139\/revisions\/82141"}],"wp:attachment":[{"href":"https:\/\/lamendigapolitica.com\/index.php?rest_route=%2Fwp%2Fv2%2Fmedia&parent=82139"}],"wp:term":[{"taxonomy":"category","embeddable":true,"href":"https:\/\/lamendigapolitica.com\/index.php?rest_route=%2Fwp%2Fv2%2Fcategories&post=82139"},{"taxonomy":"post_tag","embeddable":true,"href":"https:\/\/lamendigapolitica.com\/index.php?rest_route=%2Fwp%2Fv2%2Ftags&post=82139"}],"curies":[{"name":"wp","href":"https:\/\/api.w.org\/{rel}","templated":true}]}}