{"id":82129,"date":"2025-12-24T21:37:45","date_gmt":"2025-12-25T03:37:45","guid":{"rendered":"https:\/\/lamendigapolitica.com\/?p=82129"},"modified":"2025-12-29T22:02:10","modified_gmt":"2025-12-30T04:02:10","slug":"proteccion-civil-y-bomberos-gdl-exhorta-a-no-realizar-fogatas-durante-fiestas-decembrinas","status":"publish","type":"post","link":"https:\/\/lamendigapolitica.com\/?p=82129","title":{"rendered":"Protecci\u00f3n Civil y Bomberos GDL exhorta a no realizar fogatas durante fiestas decembrinas"},"content":{"rendered":"<p>&nbsp;<\/p>\n<p><img loading=\"lazy\" decoding=\"async\" class=\"aligncenter size-large wp-image-82133\" src=\"https:\/\/lamendigapolitica.com\/wp-content\/uploads\/2025\/12\/e98de342-1fc6-498f-8791-db8b7362adcd-1024x767.jpg\" alt=\"\" width=\"555\" height=\"416\" srcset=\"https:\/\/lamendigapolitica.com\/wp-content\/uploads\/2025\/12\/e98de342-1fc6-498f-8791-db8b7362adcd-1024x767.jpg 1024w, https:\/\/lamendigapolitica.com\/wp-content\/uploads\/2025\/12\/e98de342-1fc6-498f-8791-db8b7362adcd-300x225.jpg 300w, https:\/\/lamendigapolitica.com\/wp-content\/uploads\/2025\/12\/e98de342-1fc6-498f-8791-db8b7362adcd-768x575.jpg 768w, https:\/\/lamendigapolitica.com\/wp-content\/uploads\/2025\/12\/e98de342-1fc6-498f-8791-db8b7362adcd-555x416.jpg 555w, https:\/\/lamendigapolitica.com\/wp-content\/uploads\/2025\/12\/e98de342-1fc6-498f-8791-db8b7362adcd.jpg 1125w\" sizes=\"auto, (max-width: 555px) 100vw, 555px\" \/><\/p>\n<p>Llaman a la poblaci\u00f3n a no usar fuego en estas fechas, pues se pone en riesgo la salud y se causa da\u00f1o al medio ambiente<br \/>\nCon el objetivo de prevenir la incidencia de incendios que pueden afectar viviendas o causar da\u00f1os en la salud de las personas, as\u00ed como al medio ambiente, la Coordinaci\u00f3n Municipal de Gesti\u00f3n Integral del Riesgo, Protecci\u00f3n Civil y Bomberos de Guadalajara realiza, junto con otras \u00e1reas de la Administraci\u00f3n tapat\u00eda, un operativo especial para que la poblaci\u00f3n no realice fogatas durante las celebraciones de Navidad y A\u00f1o Nuevo.<!--more--><\/p>\n<p>El director de Operaciones de la dependencia, Sergio Herrera, detall\u00f3 que en los casos en los que se detecten fogatas se exhortar\u00e1 a las personas que est\u00e1n cerca de ellas para que las apaguen, y en caso de que se nieguen, se le solicitar\u00e1 a otras dependencias para que intervengan.<\/p>\n<p>\u201cNuestro personal estar\u00e1 realizando recorridos para evitar este tipo de acciones. Habr\u00e1 sanciones si se realizan. Se les invitar\u00e1, principalmente, a que se controle el fuego, que se sofoque, que lo apaguen ellos mismos\u201d.<\/p>\n<p>Herrera record\u00f3 que muchas personas que realizan fogatas utilizan materiales de desechos, como muebles o madera en desuso, pero tambi\u00e9n pueden emplear basura o algunos productos derivados del petr\u00f3leo, como llantas o pl\u00e1sticos que generan una gran contaminaci\u00f3n que afecta no s\u00f3lo a Guadalajara, sino a toda la Zona Metropolitana.<\/p>\n<p>Adem\u00e1s, dijo, las fogatas representan un riesgo para las personas, pues en muchos casos este tipo de quemas pueden salirse de control, da\u00f1ando a quienes est\u00e1n cerca y, en los casos en que se realizan en los patios de las casas o en predios con viviendas aleda\u00f1as, el fuego puede propagarse a habitaciones o espacios contiguos, ocasionando grandes p\u00e9rdidas econ\u00f3micas.<\/p>\n<p>El director de Operaciones recomend\u00f3 a la poblaci\u00f3n que, en caso de que durante los festejos se planee utilizar fuego para preparar la cena, como en el caso de una carne asada, se debe emplear carb\u00f3n y un asador adecuado, adem\u00e1s de mantener las \u00e1reas bien ventiladas para que el humo resultante no afecte a la salud de quienes se encuentran en la convivencia.<\/p>\n<p>Tambi\u00e9n record\u00f3 que durante esta temporada se incrementa la incidencia de incendios en viviendas, debido a que algunas personas tienen calentadores, estufas o veladoras encendidas para incrementar la temperatura de las habitaciones, situaci\u00f3n que tambi\u00e9n contribuye a que la gente se intoxique.<\/p>\n<p>Respecto al uso de artificios pirot\u00e9cnicos, record\u00f3 que ya se est\u00e1n efectuando recorridos en distintos sitios donde se tiene detectada la venta y comercializaci\u00f3n ilegal de productos elaborados con p\u00f3lvora.<\/p>\n<p>Resalt\u00f3 la importancia de que se evite utilizar pirotecnia durante estas fiestas, pues se tiene una alta estad\u00edstica de lesiones, sobre en menores de edad, adem\u00e1s de que el tronido de estos productos genera molestia a la poblaci\u00f3n y a los animales dom\u00e9sticos.<\/p>\n<p>&nbsp;<\/p>\n","protected":false},"excerpt":{"rendered":"<p>&nbsp; Llaman a la poblaci\u00f3n a no usar fuego en estas fechas, pues se pone en riesgo la salud y se causa da\u00f1o al medio ambiente Con el objetivo de prevenir la incidencia de incendios que pueden afectar viviendas o causar da\u00f1os en la salud de las personas, as\u00ed como al medio ambiente, la Coordinaci\u00f3n &hellip; <\/p>\n<p><a class=\"more-link btn\" href=\"https:\/\/lamendigapolitica.com\/?p=82129\">Seguir leyendo<\/a><\/p>\n","protected":false},"author":1,"featured_media":0,"comment_status":"open","ping_status":"closed","sticky":false,"template":"","format":"standard","meta":{"footnotes":""},"categories":[5],"tags":[],"class_list":["post-82129","post","type-post","status-publish","format-standard","hentry","category-partidos","item-wrap"],"_links":{"self":[{"href":"https:\/\/lamendigapolitica.com\/index.php?rest_route=\/wp\/v2\/posts\/82129","targetHints":{"allow":["GET"]}}],"collection":[{"href":"https:\/\/lamendigapolitica.com\/index.php?rest_route=\/wp\/v2\/posts"}],"about":[{"href":"https:\/\/lamendigapolitica.com\/index.php?rest_route=\/wp\/v2\/types\/post"}],"author":[{"embeddable":true,"href":"https:\/\/lamendigapolitica.com\/index.php?rest_route=\/wp\/v2\/users\/1"}],"replies":[{"embeddable":true,"href":"https:\/\/lamendigapolitica.com\/index.php?rest_route=%2Fwp%2Fv2%2Fcomments&post=82129"}],"version-history":[{"count":3,"href":"https:\/\/lamendigapolitica.com\/index.php?rest_route=\/wp\/v2\/posts\/82129\/revisions"}],"predecessor-version":[{"id":82134,"href":"https:\/\/lamendigapolitica.com\/index.php?rest_route=\/wp\/v2\/posts\/82129\/revisions\/82134"}],"wp:attachment":[{"href":"https:\/\/lamendigapolitica.com\/index.php?rest_route=%2Fwp%2Fv2%2Fmedia&parent=82129"}],"wp:term":[{"taxonomy":"category","embeddable":true,"href":"https:\/\/lamendigapolitica.com\/index.php?rest_route=%2Fwp%2Fv2%2Fcategories&post=82129"},{"taxonomy":"post_tag","embeddable":true,"href":"https:\/\/lamendigapolitica.com\/index.php?rest_route=%2Fwp%2Fv2%2Ftags&post=82129"}],"curies":[{"name":"wp","href":"https:\/\/api.w.org\/{rel}","templated":true}]}}