{"id":82073,"date":"2025-12-11T19:50:14","date_gmt":"2025-12-12T01:50:14","guid":{"rendered":"https:\/\/lamendigapolitica.com\/?p=82073"},"modified":"2025-12-11T19:50:14","modified_gmt":"2025-12-12T01:50:14","slug":"zapopan-hace-la-navidad-a-mas-de-400-ninas-y-ninos-de-albergues","status":"publish","type":"post","link":"https:\/\/lamendigapolitica.com\/?p=82073","title":{"rendered":"Zapopan hace la Navidad a m\u00e1s de 400 ni\u00f1as y ni\u00f1os de albergues"},"content":{"rendered":"<p dir=\"ltr\"><img loading=\"lazy\" decoding=\"async\" class=\"aligncenter size-full wp-image-82074\" src=\"https:\/\/lamendigapolitica.com\/wp-content\/uploads\/2025\/12\/54977392877_e67126c804_c.jpg\" alt=\"\" width=\"799\" height=\"533\" srcset=\"https:\/\/lamendigapolitica.com\/wp-content\/uploads\/2025\/12\/54977392877_e67126c804_c.jpg 799w, https:\/\/lamendigapolitica.com\/wp-content\/uploads\/2025\/12\/54977392877_e67126c804_c-300x200.jpg 300w, https:\/\/lamendigapolitica.com\/wp-content\/uploads\/2025\/12\/54977392877_e67126c804_c-768x512.jpg 768w, https:\/\/lamendigapolitica.com\/wp-content\/uploads\/2025\/12\/54977392877_e67126c804_c-555x370.jpg 555w\" sizes=\"auto, (max-width: 799px) 100vw, 799px\" \/><\/p>\n<p>&nbsp;<\/p>\n<p dir=\"ltr\">A trav\u00e9s de la campa\u00f1a Hoy Soy Santa 2025 la ciudadan\u00eda e iniciativa privada comparten obsequios con menores de edad en situaci\u00f3n vulnerable<\/p>\n<p dir=\"ltr\">El Gobierno Municipal refrenda su compromiso con el desarrollo integral, la protecci\u00f3n y el acompa\u00f1amiento afectivo de las y los pupilos de los centros de asistencia<\/p>\n<p dir=\"ltr\">El Gobierno de Zapopan, a trav\u00e9s del Sistema para el Desarrollo Integral de la Familia (DIF) Zapopan, particip\u00f3 en la entrega de obsequios navide\u00f1os para 421 ni\u00f1as, ni\u00f1os y adolescentes que viven en 52 centros de asistencia, como parte de la campa\u00f1a Hoy Soy Santa 2025.<!--more--><\/p>\n<p dir=\"ltr\">Esta iniciativa, lanzada en noviembre, invit\u00f3 a que las y los pupilos escribieran una carta en la que expresen qu\u00e9 regalo desean y posteriormente personas voluntarias adopten ese deseo para convertirlo en realidad. El objetivo central es fortalecer el autoestima, propiciar bienestar emocional y promover un sentido de pertenencia durante la temporada navide\u00f1a, fomentando la solidaridad y el apoyo comunitario.<\/p>\n<p>&nbsp;<\/p>\n<p dir=\"ltr\">El Presidente Municipal de Zapopan, Juan Jos\u00e9 Frangie Saade, a\u00f1adi\u00f3 que este tipo de eventos son enfocados para darles una mejor Navidad a las ni\u00f1as que se encuentran en diversos albergues del municipio.<\/p>\n<p>&nbsp;<\/p>\n<p dir=\"ltr\">\u201cZapopan es la Ciudad de las ni\u00f1as y los ni\u00f1os. Por eso nos interesa mucho la verdad de que muchos de ustedes que escribieron su cartita tengan sus regalos durante estas festividades navide\u00f1as, esto gracias al trabajo del DIF y de Voluntades\u201d, se\u00f1al\u00f3 Frangie Saade.<\/p>\n<p>&nbsp;<\/p>\n<p dir=\"ltr\">La presidenta del Patronato DIF Zapopan, Michelle Greicha Frangie, puntualiz\u00f3 que el apoyo de la ciudadan\u00eda y de la iniciativa privada puede materializar este tipo de iniciativas, por lo cual se continuar\u00e1n estrechando lazos para que el programa crezca y llene de felicidad a m\u00e1s ni\u00f1as y ni\u00f1os que se encuentran en casas hogar.<\/p>\n<p>&nbsp;<\/p>\n<p dir=\"ltr\">\u201cAgradezco a todos los empresarios conocidos y desconocidos a familias que han confiado en el trabajo de un Gobierno municipal, que ha hecho las cosas bien y que tambi\u00e9n han confiado en el DIF y que, sin preguntar, tomaron 10 o 12 cartitas y nos han dicho yo me encargo de echarte la mano y de apoyar este proyecto tan noble y tan bonito\u201d, dijo la presidenta.<\/p>\n<p>&nbsp;<\/p>\n<p dir=\"ltr\">La directora general del DIF Zapopan, Karla Guillermina Segura Ju\u00e1rez, agradeci\u00f3 a las y los colaboradores y personas que hacen posible el llevar a cabo estas actividades que llenan de alegr\u00eda a m\u00e1s de 400 ni\u00f1as y ni\u00f1os que se ven beneficiados en esta \u00e9poca navide\u00f1a.<\/p>\n<p>&nbsp;<\/p>\n<p dir=\"ltr\">\u201cTodas las cosas que hacemos en DIF Zapopan, que es su DIF Zapopan, lo hacemos con ayuda de muchas personas. Algunas de las que nos ayudan est\u00e1n aqu\u00ed y otras no pudieron estar pero quiero agradecerles a esas personas que todo el a\u00f1o nos ayudan para que ustedes est\u00e9n contentos\u201d, a\u00f1adi\u00f3 la directora.<\/p>\n<p>&nbsp;<\/p>\n<p dir=\"ltr\">Durante la entrega, se reunieron beneficiarios y donantes, quienes convivieron en un ambiente de cercan\u00eda y acompa\u00f1amiento. El DIF Zapopan destac\u00f3 que esta campa\u00f1a complementa la atenci\u00f3n integral que el municipio brinda a la ni\u00f1ez bajo resguardo, asegurando que cada menor reciba un gesto significativo que reconozca su valor y les permita vivir una celebraci\u00f3n navide\u00f1a m\u00e1s plena.<\/p>\n<p>&nbsp;<\/p>\n<p dir=\"ltr\">La instituci\u00f3n subray\u00f3 que este tipo de esfuerzos comunitarios ayudan a construir entornos m\u00e1s afectivos y a reforzar la confianza de las y los pupilos en sus procesos de desarrollo personal.<\/p>\n<p>&nbsp;<\/p>\n<p dir=\"ltr\">Como parte de la pol\u00edtica p\u00fablica orientada al bienestar de la ni\u00f1ez del municipio, el DIF Zapopan impulsa durante el a\u00f1o diversos programas que fortalecen los derechos, el acompa\u00f1amiento y la integraci\u00f3n social de quienes viven en centros de asistencia.<\/p>\n<p>&nbsp;<\/p>\n<p dir=\"ltr\">Entre los programas m\u00e1s destacados est\u00e1 la celebraci\u00f3n del D\u00eda del Ni\u00f1o, la tercera edici\u00f3n de la Fiesta de XV A\u00f1os que reuni\u00f3 a 21 adolescentes, la realizaci\u00f3n de tres Posadas Navide\u00f1as, el programa Dar Hogar, que respalda a organizaciones de la sociedad civil dedicadas al cuidado de menores y adultos mayores, y el Centro de Ni\u00f1ez y Familia, un proyecto que ofrece formaci\u00f3n en crianza respetuosa y atenci\u00f3n plena para cuidadores.<\/p>\n<p>&nbsp;<\/p>\n<p dir=\"ltr\">La Delegaci\u00f3n de la Procuradur\u00eda de Protecci\u00f3n de Ni\u00f1as, Ni\u00f1os y Adolescentes desarrolla eventos institucionales para la restituci\u00f3n de derechos, mientras que distintas dependencias municipales realizaron 14 celebraciones de cumplea\u00f1os durante el a\u00f1o.<\/p>\n<p>&nbsp;<\/p>\n<p dir=\"ltr\">Con estas acciones, el Gobierno de Zapopan reafirma su compromiso de impulsar programas que protegen, acompa\u00f1an y fortalecen el desarrollo integral de las ni\u00f1as, ni\u00f1os y adolescentes del municipio, promoviendo entornos seguros, solidarios y orientados a su bienestar emocional y social.<\/p>\n<p>&nbsp;<\/p>\n","protected":false},"excerpt":{"rendered":"<p>&nbsp; A trav\u00e9s de la campa\u00f1a Hoy Soy Santa 2025 la ciudadan\u00eda e iniciativa privada comparten obsequios con menores de edad en situaci\u00f3n vulnerable El Gobierno Municipal refrenda su compromiso con el desarrollo integral, la protecci\u00f3n y el acompa\u00f1amiento afectivo de las y los pupilos de los centros de asistencia El Gobierno de Zapopan, a &hellip; <\/p>\n<p><a class=\"more-link btn\" href=\"https:\/\/lamendigapolitica.com\/?p=82073\">Seguir leyendo<\/a><\/p>\n","protected":false},"author":1,"featured_media":0,"comment_status":"open","ping_status":"closed","sticky":false,"template":"","format":"standard","meta":{"footnotes":""},"categories":[5],"tags":[],"class_list":["post-82073","post","type-post","status-publish","format-standard","hentry","category-partidos","item-wrap"],"_links":{"self":[{"href":"https:\/\/lamendigapolitica.com\/index.php?rest_route=\/wp\/v2\/posts\/82073","targetHints":{"allow":["GET"]}}],"collection":[{"href":"https:\/\/lamendigapolitica.com\/index.php?rest_route=\/wp\/v2\/posts"}],"about":[{"href":"https:\/\/lamendigapolitica.com\/index.php?rest_route=\/wp\/v2\/types\/post"}],"author":[{"embeddable":true,"href":"https:\/\/lamendigapolitica.com\/index.php?rest_route=\/wp\/v2\/users\/1"}],"replies":[{"embeddable":true,"href":"https:\/\/lamendigapolitica.com\/index.php?rest_route=%2Fwp%2Fv2%2Fcomments&post=82073"}],"version-history":[{"count":1,"href":"https:\/\/lamendigapolitica.com\/index.php?rest_route=\/wp\/v2\/posts\/82073\/revisions"}],"predecessor-version":[{"id":82075,"href":"https:\/\/lamendigapolitica.com\/index.php?rest_route=\/wp\/v2\/posts\/82073\/revisions\/82075"}],"wp:attachment":[{"href":"https:\/\/lamendigapolitica.com\/index.php?rest_route=%2Fwp%2Fv2%2Fmedia&parent=82073"}],"wp:term":[{"taxonomy":"category","embeddable":true,"href":"https:\/\/lamendigapolitica.com\/index.php?rest_route=%2Fwp%2Fv2%2Fcategories&post=82073"},{"taxonomy":"post_tag","embeddable":true,"href":"https:\/\/lamendigapolitica.com\/index.php?rest_route=%2Fwp%2Fv2%2Ftags&post=82073"}],"curies":[{"name":"wp","href":"https:\/\/api.w.org\/{rel}","templated":true}]}}