{"id":82048,"date":"2025-12-07T20:11:42","date_gmt":"2025-12-08T02:11:42","guid":{"rendered":"https:\/\/lamendigapolitica.com\/?p=82048"},"modified":"2025-12-07T20:12:51","modified_gmt":"2025-12-08T02:12:51","slug":"entrenamiento-internacional-eleva-la-seguridad-en-playas-de-puerto-vallarta","status":"publish","type":"post","link":"https:\/\/lamendigapolitica.com\/?p=82048","title":{"rendered":"Entrenamiento internacional eleva la seguridad en playas de Puerto Vallarta"},"content":{"rendered":"<p><img loading=\"lazy\" decoding=\"async\" class=\"aligncenter size-large wp-image-82049\" src=\"https:\/\/lamendigapolitica.com\/wp-content\/uploads\/2025\/12\/COMUNICADO-1303-4-1024x768.jpeg\" alt=\"\" width=\"555\" height=\"416\" srcset=\"https:\/\/lamendigapolitica.com\/wp-content\/uploads\/2025\/12\/COMUNICADO-1303-4-1024x768.jpeg 1024w, https:\/\/lamendigapolitica.com\/wp-content\/uploads\/2025\/12\/COMUNICADO-1303-4-300x225.jpeg 300w, https:\/\/lamendigapolitica.com\/wp-content\/uploads\/2025\/12\/COMUNICADO-1303-4-768x576.jpeg 768w, https:\/\/lamendigapolitica.com\/wp-content\/uploads\/2025\/12\/COMUNICADO-1303-4-1536x1152.jpeg 1536w, https:\/\/lamendigapolitica.com\/wp-content\/uploads\/2025\/12\/COMUNICADO-1303-4-555x416.jpeg 555w, https:\/\/lamendigapolitica.com\/wp-content\/uploads\/2025\/12\/COMUNICADO-1303-4.jpeg 1600w\" sizes=\"auto, (max-width: 555px) 100vw, 555px\" \/><\/p>\n<p>\u00b7 Protecci\u00f3n Civil y Bomberos reforz\u00f3 sus habilidades en salvamento acu\u00e1tico con el curso internacional \u201cSurf-Salva\u201d<\/p>\n<p>El gobierno de Luis Mungu\u00eda Gonz\u00e1lez reforz\u00f3 la preparaci\u00f3n de Protecci\u00f3n Civil y Bomberos con una capacitaci\u00f3n internacional impartida por el especialista brasile\u00f1o David Szpilman, referente mundial en prevenci\u00f3n del ahogamiento. El curso \u201cSurf-Salva: Prevenci\u00f3n, Rescate y Primeros Auxilios con Tabla\u201d estuvo dirigido al personal de salvamento acu\u00e1tico para mejorar su respuesta ante emergencias en el mar.<!--more--><\/p>\n<p>Durante el entrenamiento, los elementos actualizaron procedimientos para atender incidentes que involucren a surfistas, practicantes de paddle, kitesurf, kayak y remo, as\u00ed como a ba\u00f1istas. La formaci\u00f3n permiti\u00f3 reforzar habilidades esenciales y promover una cultura de prevenci\u00f3n que contribuya a mantener playas seguras para residentes y visitantes.<\/p>\n<p>La Direcci\u00f3n de Protecci\u00f3n Civil y Bomberos, encabezada por el ingeniero Misael L\u00f3pez Muro, agradeci\u00f3 el respaldo del presidente municipal, quien impulsa constantemente la profesionalizaci\u00f3n del personal operativo. Tambi\u00e9n se reconoci\u00f3 la invitaci\u00f3n de GEDISA, que hizo posible esta capacitaci\u00f3n internacional y fortaleci\u00f3 la labor de los rescatistas en Puerto Vallarta<\/p>\n","protected":false},"excerpt":{"rendered":"<p>\u00b7 Protecci\u00f3n Civil y Bomberos reforz\u00f3 sus habilidades en salvamento acu\u00e1tico con el curso internacional \u201cSurf-Salva\u201d El gobierno de Luis Mungu\u00eda Gonz\u00e1lez reforz\u00f3 la preparaci\u00f3n de Protecci\u00f3n Civil y Bomberos con una capacitaci\u00f3n internacional impartida por el especialista brasile\u00f1o David Szpilman, referente mundial en prevenci\u00f3n del ahogamiento. El curso \u201cSurf-Salva: Prevenci\u00f3n, Rescate y Primeros Auxilios &hellip; <\/p>\n<p><a class=\"more-link btn\" href=\"https:\/\/lamendigapolitica.com\/?p=82048\">Seguir leyendo<\/a><\/p>\n","protected":false},"author":1,"featured_media":0,"comment_status":"open","ping_status":"closed","sticky":false,"template":"","format":"standard","meta":{"footnotes":""},"categories":[5],"tags":[],"class_list":["post-82048","post","type-post","status-publish","format-standard","hentry","category-partidos","item-wrap"],"_links":{"self":[{"href":"https:\/\/lamendigapolitica.com\/index.php?rest_route=\/wp\/v2\/posts\/82048","targetHints":{"allow":["GET"]}}],"collection":[{"href":"https:\/\/lamendigapolitica.com\/index.php?rest_route=\/wp\/v2\/posts"}],"about":[{"href":"https:\/\/lamendigapolitica.com\/index.php?rest_route=\/wp\/v2\/types\/post"}],"author":[{"embeddable":true,"href":"https:\/\/lamendigapolitica.com\/index.php?rest_route=\/wp\/v2\/users\/1"}],"replies":[{"embeddable":true,"href":"https:\/\/lamendigapolitica.com\/index.php?rest_route=%2Fwp%2Fv2%2Fcomments&post=82048"}],"version-history":[{"count":1,"href":"https:\/\/lamendigapolitica.com\/index.php?rest_route=\/wp\/v2\/posts\/82048\/revisions"}],"predecessor-version":[{"id":82050,"href":"https:\/\/lamendigapolitica.com\/index.php?rest_route=\/wp\/v2\/posts\/82048\/revisions\/82050"}],"wp:attachment":[{"href":"https:\/\/lamendigapolitica.com\/index.php?rest_route=%2Fwp%2Fv2%2Fmedia&parent=82048"}],"wp:term":[{"taxonomy":"category","embeddable":true,"href":"https:\/\/lamendigapolitica.com\/index.php?rest_route=%2Fwp%2Fv2%2Fcategories&post=82048"},{"taxonomy":"post_tag","embeddable":true,"href":"https:\/\/lamendigapolitica.com\/index.php?rest_route=%2Fwp%2Fv2%2Ftags&post=82048"}],"curies":[{"name":"wp","href":"https:\/\/api.w.org\/{rel}","templated":true}]}}