{"id":82039,"date":"2025-12-05T20:54:59","date_gmt":"2025-12-06T02:54:59","guid":{"rendered":"https:\/\/lamendigapolitica.com\/?p=82039"},"modified":"2025-12-06T20:59:24","modified_gmt":"2025-12-07T02:59:24","slug":"caricaturistas-comparten-experiencias-de-censura-y-persecucion","status":"publish","type":"post","link":"https:\/\/lamendigapolitica.com\/?p=82039","title":{"rendered":"Caricaturistas comparten experiencias de censura y persecuci\u00f3n"},"content":{"rendered":"<p><img loading=\"lazy\" decoding=\"async\" class=\"aligncenter size-large wp-image-82040\" src=\"https:\/\/lamendigapolitica.com\/wp-content\/uploads\/2025\/12\/9800-1024x661.jpeg\" alt=\"\" width=\"555\" height=\"358\" srcset=\"https:\/\/lamendigapolitica.com\/wp-content\/uploads\/2025\/12\/9800-1024x661.jpeg 1024w, https:\/\/lamendigapolitica.com\/wp-content\/uploads\/2025\/12\/9800-300x194.jpeg 300w, https:\/\/lamendigapolitica.com\/wp-content\/uploads\/2025\/12\/9800-768x496.jpeg 768w, https:\/\/lamendigapolitica.com\/wp-content\/uploads\/2025\/12\/9800-1536x991.jpeg 1536w, https:\/\/lamendigapolitica.com\/wp-content\/uploads\/2025\/12\/9800-2048x1322.jpeg 2048w, https:\/\/lamendigapolitica.com\/wp-content\/uploads\/2025\/12\/9800-555x358.jpeg 555w\" sizes=\"auto, (max-width: 555px) 100vw, 555px\" \/><\/p>\n<p>En la mesa de debate \u201cLa caricatura y la libertad de expresi\u00f3n\u201d, dentro del Encuentro Internacional de Caricatura e Historieta, en la FIL 2025<\/p>\n<p>La libertad de expresi\u00f3n se encuentra bajo un asedio y una amenaza creciente y manifiesta de diversas formas que van desde la censura gubernamental, hasta la presi\u00f3n econ\u00f3mica y la persecuci\u00f3n en redes sociales; en esto coincidieron caricaturistas en la mesa \u201cLa caricatura y la libertad de expresi\u00f3n\u201d en el Encuentro Internacional de Caricatura e Historieta, en la edici\u00f3n 39 de la FIL.<!--more--><\/p>\n<p>Feggo, caricaturista mexicano que reside en Estados Unidos desde hace 43 a\u00f1os, cont\u00f3 que ha sido censurado de manera directa por parte de la administraci\u00f3n del Presidente Donald Trump por un cart\u00f3n, en el que se ve a dos personas aparentemente mexicanas presenciando el espect\u00e1culo del 4 de Julio desde el otro lado del muro que divide a M\u00e9xico y ese pa\u00eds.<\/p>\n<p>\u00abMe doy cuenta de que estas pol\u00edticas de estar censurando voces que no van de acuerdo con las pol\u00edticas de esa administraci\u00f3n es una cosa\u2026 Son ataques y son ataques contra la libertad de expresi\u00f3n y los derechos humanos en Estados Unidos. Yo llevo viviendo all\u00e1 43 a\u00f1os y nunca antes hab\u00eda experimentado algo as\u00ed\u00bb, coment\u00f3.<\/p>\n<p>&nbsp;<\/p>\n<p>Agreg\u00f3 que la presi\u00f3n econ\u00f3mica funciona como mecanismo de censura indirecta, puesto que los medios de comunicaci\u00f3n temen perder contratos o disminuir ventas si publican contenido cr\u00edtico, en especial contra figuras de poder.<\/p>\n<p>&nbsp;<\/p>\n<p>El caricaturista ecuatoriano Bonil, asegur\u00f3 que el poder pol\u00edtico puede dise\u00f1ar una \u201carquitectura institucional y legislativa\u201d solamente para controlar a los medios y reprimir la cr\u00edtica.<\/p>\n<p>&nbsp;<\/p>\n<p>En su caso, hace una d\u00e9cada fue el primer periodista en ser sancionado bajo una nueva ley de comunicaci\u00f3n durante el gobierno de Rafael Correa. Dicha sanci\u00f3n no s\u00f3lo lo oblig\u00f3 a rectificar su caricatura contra Correa, sino que tambi\u00e9n le impusieron una multa.<\/p>\n<p>&nbsp;<\/p>\n<p>Para Bonil, la caricatura que \u00e9l practica es \u201cperiod\u00edstica\u201d, que exige estar bien informado y conocer ambos lados de las versiones antes de emitir un criterio; un trabajo que no se parece a lo que consider\u00f3 como la \u201ccaricatura de barricada\u201d o militante.<\/p>\n<p>&nbsp;<\/p>\n<p>El caricaturista cubano Michel Moro comparti\u00f3 una an\u00e9cdota que a su parecer refleja la censura de su pa\u00eds bajo un r\u00e9gimen de partido \u00fanico, relacionada con un dibujo hecho durante la visita del Papa Francisco a Cuba.<\/p>\n<p>&nbsp;<\/p>\n<p>\u201cLa caricatura no se public\u00f3 por el motivo de que, eso dijeron, el Papa era un poquito m\u00e1s alto que el pin\u00e1culo de la Plaza de la Revoluci\u00f3n. Y no, eso no pod\u00eda ser, el Papa no pod\u00eda ser m\u00e1s grande que eso. Y bueno, por esa tonter\u00eda\u201d la censuraron, cont\u00f3.<\/p>\n<p>&nbsp;<\/p>\n<p>Consider\u00f3 tambi\u00e9n que esta censura es un ejemplo de la \u201carbitrariedad y el miedo\u201d que caracteriza a los gobiernos autoritarios, donde la m\u00e1s m\u00ednima transgresi\u00f3n visual puede ser interpretada como un desaf\u00edo al poder.<\/p>\n<p>&nbsp;<\/p>\n<p>Los artistas coincidieron en que el humor gr\u00e1fico tiene que estar basado en la sensibilidad y el respeto para evitar ofender a grupos minorizados, o caer en el proselitismo.<\/p>\n<p>&nbsp;<\/p>\n<p>&nbsp;<\/p>\n","protected":false},"excerpt":{"rendered":"<p>En la mesa de debate \u201cLa caricatura y la libertad de expresi\u00f3n\u201d, dentro del Encuentro Internacional de Caricatura e Historieta, en la FIL 2025 La libertad de expresi\u00f3n se encuentra bajo un asedio y una amenaza creciente y manifiesta de diversas formas que van desde la censura gubernamental, hasta la presi\u00f3n econ\u00f3mica y la persecuci\u00f3n &hellip; <\/p>\n<p><a class=\"more-link btn\" href=\"https:\/\/lamendigapolitica.com\/?p=82039\">Seguir leyendo<\/a><\/p>\n","protected":false},"author":1,"featured_media":0,"comment_status":"open","ping_status":"closed","sticky":false,"template":"","format":"standard","meta":{"footnotes":""},"categories":[5],"tags":[],"class_list":["post-82039","post","type-post","status-publish","format-standard","hentry","category-partidos","item-wrap"],"_links":{"self":[{"href":"https:\/\/lamendigapolitica.com\/index.php?rest_route=\/wp\/v2\/posts\/82039","targetHints":{"allow":["GET"]}}],"collection":[{"href":"https:\/\/lamendigapolitica.com\/index.php?rest_route=\/wp\/v2\/posts"}],"about":[{"href":"https:\/\/lamendigapolitica.com\/index.php?rest_route=\/wp\/v2\/types\/post"}],"author":[{"embeddable":true,"href":"https:\/\/lamendigapolitica.com\/index.php?rest_route=\/wp\/v2\/users\/1"}],"replies":[{"embeddable":true,"href":"https:\/\/lamendigapolitica.com\/index.php?rest_route=%2Fwp%2Fv2%2Fcomments&post=82039"}],"version-history":[{"count":1,"href":"https:\/\/lamendigapolitica.com\/index.php?rest_route=\/wp\/v2\/posts\/82039\/revisions"}],"predecessor-version":[{"id":82041,"href":"https:\/\/lamendigapolitica.com\/index.php?rest_route=\/wp\/v2\/posts\/82039\/revisions\/82041"}],"wp:attachment":[{"href":"https:\/\/lamendigapolitica.com\/index.php?rest_route=%2Fwp%2Fv2%2Fmedia&parent=82039"}],"wp:term":[{"taxonomy":"category","embeddable":true,"href":"https:\/\/lamendigapolitica.com\/index.php?rest_route=%2Fwp%2Fv2%2Fcategories&post=82039"},{"taxonomy":"post_tag","embeddable":true,"href":"https:\/\/lamendigapolitica.com\/index.php?rest_route=%2Fwp%2Fv2%2Ftags&post=82039"}],"curies":[{"name":"wp","href":"https:\/\/api.w.org\/{rel}","templated":true}]}}