{"id":82036,"date":"2025-12-06T20:54:53","date_gmt":"2025-12-07T02:54:53","guid":{"rendered":"https:\/\/lamendigapolitica.com\/?p=82036"},"modified":"2025-12-06T20:54:53","modified_gmt":"2025-12-07T02:54:53","slug":"entregan-las-llaves-de-la-ciudad-de-guadalajara-a-joan-manuel-serrat","status":"publish","type":"post","link":"https:\/\/lamendigapolitica.com\/?p=82036","title":{"rendered":"Entregan las Llaves de la Ciudad de Guadalajara a Joan Manuel Serrat"},"content":{"rendered":"<p><img loading=\"lazy\" decoding=\"async\" class=\"aligncenter size-full wp-image-82037\" src=\"https:\/\/lamendigapolitica.com\/wp-content\/uploads\/2025\/12\/54966752567_3bdf2c2f63_c.jpg\" alt=\"\" width=\"800\" height=\"534\" srcset=\"https:\/\/lamendigapolitica.com\/wp-content\/uploads\/2025\/12\/54966752567_3bdf2c2f63_c.jpg 800w, https:\/\/lamendigapolitica.com\/wp-content\/uploads\/2025\/12\/54966752567_3bdf2c2f63_c-300x200.jpg 300w, https:\/\/lamendigapolitica.com\/wp-content\/uploads\/2025\/12\/54966752567_3bdf2c2f63_c-768x513.jpg 768w, https:\/\/lamendigapolitica.com\/wp-content\/uploads\/2025\/12\/54966752567_3bdf2c2f63_c-555x370.jpg 555w\" sizes=\"auto, (max-width: 800px) 100vw, 800px\" \/><\/p>\n<p>Con este acto, se reconoce el legado musical y la contribuci\u00f3n cultural al otorgar las llaves de la ciudad al compositor catal\u00e1n.<\/p>\n<p>Adem\u00e1s, fue nombrado Hu\u00e9sped Distinguido.<\/p>\n<p>\u00abYo tengo el oficio de m\u00fasico y tengo el oficio de cantar. Yo canto porque me gusta cantar, no tengo otra raz\u00f3n para hacerlo\u00bb, expres\u00f3 al recibir la distinci\u00f3n.<\/p>\n<p>En un emotivo acto que resalta el compromiso del Gobierno Municipal con la cultura y la m\u00fasica, la Presidenta de Guadalajara, Vero Delgadillo, entreg\u00f3 las Llaves de la Ciudad y nombr\u00f3 Hu\u00e9sped Distinguido al poeta y compositor catal\u00e1n Joan Manuel Serrat, en reconocimiento a su legado, a su aporte a la cultura y a la m\u00fasica que ha transformado la vida de varias generaciones.<!--more--><\/p>\n<p>Esta distinci\u00f3n se otorg\u00f3 como un homenaje a su lirismo, que promueve la transformaci\u00f3n, la sensibilidad, la diversidad de lenguas y culturas, as\u00ed como su firme convicci\u00f3n por la libertad.<\/p>\n<p>\u201cEstas llaves solo se entregan a aquellas personas que, con su vida, su legado y su obra, han transformado vidas. Y en el caso que hoy nos ata\u00f1e, han impactado la vida de generaciones enteras.\u201d<\/p>\n<p>Durante la ceremonia, Vero Delgadillo destac\u00f3 las ense\u00f1anzas que el maestro Serrat ha dejado a trav\u00e9s de su l\u00edrica, convirtiendo la m\u00fasica en un camino de libertad y transformaci\u00f3n.<\/p>\n<p>\u201cUsted, que nos ense\u00f1\u00f3 desde lo m\u00e1s profundo y humano, que se puede re\u00edr y llorar, que se puede romper, pero que nunca se puede perder la libertad. As\u00ed lo recibimos en esta hermosa tierra.\u201d<\/p>\n<p>Adem\u00e1s, agreg\u00f3 que entregar las llaves de la ciudad es un gesto de respeto hacia su liderazgo y trayectoria, para que siempre pueda regresar con el coraz\u00f3n abierto y con la fraternidad de este pueblo que ama lo que ha hecho y honra su vida.<\/p>\n<p>El compositor y maestro catal\u00e1n Joan Manuel Serrat agradeci\u00f3 la distinci\u00f3n otorgada por la Presidenta y expres\u00f3 su deseo de seguir estrechando los lazos culturales con Guadalajara. Adem\u00e1s, indic\u00f3 que la m\u00fasica es un oficio para que las personas se reconozcan en su d\u00eda, y es fundamental para tener un v\u00ednculo con la sociedad.<\/p>\n<p>\u201cUn oficio es algo fundamental para que un hombre se reconozca en su d\u00eda a d\u00eda. Creo que esta sociedad de oficios, que poco a poco va desapareciendo, se convierte en una sociedad de gestores (&#8230;) La desaparici\u00f3n de esa maravilla que es el oficio y el orgullo de tenerlo como propio es un elemento profundamente vinculante en esta sociedad.\u201d<\/p>\n<p>\u201cYo tengo el oficio de m\u00fasico y tengo el oficio de cantar. Yo canto porque me gusta cantar, no tengo otra raz\u00f3n para hacerlo. Siempre cant\u00e9 porque el cantar me gustaba,\u201d agreg\u00f3.<\/p>\n<p>La ceremonia tambi\u00e9n cont\u00f3 con la presencia de Maye Villa, Presidenta del Sistema para el Desarrollo Integral de la Familia del Estado de Jalisco (DIF Jalisco), quien, en representaci\u00f3n del Gobernador del Estado, expres\u00f3 que la entrega de las llaves es un reconocimiento al impacto musical de compositor y a c\u00f3mo su l\u00edrica ha luchado por la memoria, la dignidad y la esperanza.<\/p>\n<p>\u201cEn Guadalajara no solo se le entregan las llaves, se le devuelve un pedazo de todo lo que \u00e9l nos ha regalado.\u201d<\/p>\n<p>Durante el evento, estudiantes de la Escuela de M\u00fasica Clemente Aguirre, de las escuelas municipales, amenizaron el recibimiento del compositor y poeta catal\u00e1n, interpretando la pieza musical \u201cCantares\u201d. Adem\u00e1s, otras de las sinfon\u00edas que acompa\u00f1aron el evento se toc\u00f3 \u201cPen\u00e9lope\u201d, como parte del acto protocolar para entregar las llaves de la ciudad al maestro Joan Manuel Serrat.<\/p>\n<p>Con esta significativa distinci\u00f3n, Guadalajara se reafirma como una ciudad abierta a construir alianzas estrat\u00e9gicas con l\u00edderes musicales y culturales internacionales, aline\u00e1ndose con su estrategia municipal de utilizar la cultura como un medio para construir comunidad y convertirse en un referente cultural en el pa\u00eds.<\/p>\n","protected":false},"excerpt":{"rendered":"<p>Con este acto, se reconoce el legado musical y la contribuci\u00f3n cultural al otorgar las llaves de la ciudad al compositor catal\u00e1n. Adem\u00e1s, fue nombrado Hu\u00e9sped Distinguido. \u00abYo tengo el oficio de m\u00fasico y tengo el oficio de cantar. Yo canto porque me gusta cantar, no tengo otra raz\u00f3n para hacerlo\u00bb, expres\u00f3 al recibir la &hellip; <\/p>\n<p><a class=\"more-link btn\" href=\"https:\/\/lamendigapolitica.com\/?p=82036\">Seguir leyendo<\/a><\/p>\n","protected":false},"author":1,"featured_media":0,"comment_status":"open","ping_status":"closed","sticky":false,"template":"","format":"standard","meta":{"footnotes":""},"categories":[5],"tags":[],"class_list":["post-82036","post","type-post","status-publish","format-standard","hentry","category-partidos","item-wrap"],"_links":{"self":[{"href":"https:\/\/lamendigapolitica.com\/index.php?rest_route=\/wp\/v2\/posts\/82036","targetHints":{"allow":["GET"]}}],"collection":[{"href":"https:\/\/lamendigapolitica.com\/index.php?rest_route=\/wp\/v2\/posts"}],"about":[{"href":"https:\/\/lamendigapolitica.com\/index.php?rest_route=\/wp\/v2\/types\/post"}],"author":[{"embeddable":true,"href":"https:\/\/lamendigapolitica.com\/index.php?rest_route=\/wp\/v2\/users\/1"}],"replies":[{"embeddable":true,"href":"https:\/\/lamendigapolitica.com\/index.php?rest_route=%2Fwp%2Fv2%2Fcomments&post=82036"}],"version-history":[{"count":1,"href":"https:\/\/lamendigapolitica.com\/index.php?rest_route=\/wp\/v2\/posts\/82036\/revisions"}],"predecessor-version":[{"id":82038,"href":"https:\/\/lamendigapolitica.com\/index.php?rest_route=\/wp\/v2\/posts\/82036\/revisions\/82038"}],"wp:attachment":[{"href":"https:\/\/lamendigapolitica.com\/index.php?rest_route=%2Fwp%2Fv2%2Fmedia&parent=82036"}],"wp:term":[{"taxonomy":"category","embeddable":true,"href":"https:\/\/lamendigapolitica.com\/index.php?rest_route=%2Fwp%2Fv2%2Fcategories&post=82036"},{"taxonomy":"post_tag","embeddable":true,"href":"https:\/\/lamendigapolitica.com\/index.php?rest_route=%2Fwp%2Fv2%2Ftags&post=82036"}],"curies":[{"name":"wp","href":"https:\/\/api.w.org\/{rel}","templated":true}]}}