{"id":82028,"date":"2025-12-04T20:18:59","date_gmt":"2025-12-05T02:18:59","guid":{"rendered":"https:\/\/lamendigapolitica.com\/?p=82028"},"modified":"2025-12-04T20:18:59","modified_gmt":"2025-12-05T02:18:59","slug":"el-periodismo-debe-ser-optimista-karla-planter","status":"publish","type":"post","link":"https:\/\/lamendigapolitica.com\/?p=82028","title":{"rendered":"El periodismo debe ser optimista: Karla Planter"},"content":{"rendered":"<p><img loading=\"lazy\" decoding=\"async\" class=\"aligncenter size-full wp-image-82029\" src=\"https:\/\/lamendigapolitica.com\/wp-content\/uploads\/2025\/12\/Captura-de-pantalla-2025-12-04-a-las-20.17.53.png\" alt=\"\" width=\"687\" height=\"401\" srcset=\"https:\/\/lamendigapolitica.com\/wp-content\/uploads\/2025\/12\/Captura-de-pantalla-2025-12-04-a-las-20.17.53.png 687w, https:\/\/lamendigapolitica.com\/wp-content\/uploads\/2025\/12\/Captura-de-pantalla-2025-12-04-a-las-20.17.53-300x175.png 300w, https:\/\/lamendigapolitica.com\/wp-content\/uploads\/2025\/12\/Captura-de-pantalla-2025-12-04-a-las-20.17.53-555x324.png 555w\" sizes=\"auto, (max-width: 687px) 100vw, 687px\" \/><\/p>\n<p>Inauguran XXI Encuentro Internacional de Periodistas en la FIL 2025<\/p>\n<p>El periodismo tiene que ser optimista, pero no del optimismo absurdo, sino desde el punto de vista de plantear que existe esperanza, que en el horizonte hay la posibilidad de construir una realidad distinta.<\/p>\n<p>Esto lo expres\u00f3 la Rectora General de la Universidad de Guadalajara (UdeG), maestra Karla Planter P\u00e9rez, al inaugurar el XXI Encuentro Internacional de Periodistas, que forma parte de la Feria Internacional del Libro de Guadalajara (FIL).<!--more--><\/p>\n<p>\u201cEl periodismo es una especie de resistencia frente a la barbarie, frente a lo inhumano y es una apuesta justamente a la civilizaci\u00f3n, a pensarnos como humanidad y a creer que es posible vivir de distintas maneras\u201d, indic\u00f3.<\/p>\n<p>Destac\u00f3 que este encuentro es un espacio de libertad y, al igual que con la FIL, busca generar una plataforma en la que todas las voces quepan, en la que todos los puntos de vista dialoguen, donde la diferencia no quiera ser aniquilada, sino comprendida para intentar encontrar los puntos de comunicaci\u00f3n que nos lleven a la capacidad de entendernos.<\/p>\n<p>&nbsp;<\/p>\n<p>\u201cTenemos que apostarle a eso, y el periodismo juega un papel fundamental para tratar de traducir todo aquello que no se entiende. Aprovechen este espacio para debatir, para cuestionar, para increpar, sean rebeldes, sigan escribiendo y dialogando\u201d, se\u00f1al\u00f3.<\/p>\n<p>&nbsp;<\/p>\n<p>La Coordinadora General de Comunicaci\u00f3n Social de la UdeG, maestra Laura Morales Estrada, expres\u00f3 que este encuentro siempre se concibe pensando en las inquietudes de los estudiantes y para que realmente sea un encuentro de ellos con los periodistas.<\/p>\n<p>&nbsp;<\/p>\n<p>\u201cCada vez menos j\u00f3venes eligen estudiar periodismo, y no porque hayan dejado de creer en \u00e9l, sino por la incertidumbre y el miedo que a veces se asocia con este oficio. Se preguntan si de verdad vale la pena dedicarse a esto y esa pregunta, lejos de preocuparnos, nos parece muy saludable. El periodismo necesita de quienes cuestionen su sentido, no de quienes lo den por hecho. Por eso existe este encuentro. No para dictar respuestas, sino para detenernos a pensar, para escuchar a quienes llevan a\u00f1os haciendo sus propios m\u00e9todos para comprender el mundo y para recordar que entender no es acumular datos, sino aprender a interpretar lo que tenemos frente a nuestros ojos\u201d, destac\u00f3.<\/p>\n<p>&nbsp;<\/p>\n<p>Dijo que en tiempos de videos, audios, textos y respuestas generadas por la inteligencia artificial, es de suma importancia que existan personas que eligen como oficio justamente hacer preguntas para ayudar a entender lo que nos pasa como sociedad.<\/p>\n<p>&nbsp;<\/p>\n<p>\u201cPersonas que convierten el oficio en acto de mirar con atenci\u00f3n y tratar de explicar qu\u00e9 es eso que estamos viendo. Personas que dedican d\u00edas, meses, a\u00f1os, a veces vidas enteras a perseguir las respuestas\u201d, se\u00f1al\u00f3.<\/p>\n<p>&nbsp;<\/p>\n<p>Al dar la bienvenida, el maestro V\u00edctor Ignacio Davalos, Coordinador de Prensa y Comunicaciones de la UdeG, expres\u00f3 que en un mundo saturado de informaci\u00f3n y al mismo tiempo herido por la desinformaci\u00f3n, el EIP es un territorio donde el periodismo vuelve a respirar.<\/p>\n<p>&nbsp;<\/p>\n<p>\u201cVolver a discutir, a pensar y a apostar por la verdad como un acto de valent\u00eda. Cada charla que escucharemos aqu\u00ed es una invitaci\u00f3n para cuestionar lo que damos por hecho, para ampliar la mirada y para volver a creer en el periodismo, que, pese a todo, sigue siendo una herramienta poderosa para transformar realidades\u201d, se\u00f1al\u00f3.<\/p>\n<p>&nbsp;<\/p>\n<p>Cuando la verdad se quiebra, aparece la violencia: Ricardo Raphael<\/p>\n<p>\u201cCuando la verdad se quiebra, ante los seres humanos se produce la violencia. La verdad nos vuelve seres humanos porque nos entrega conciencia. Si alguien nos arrebata la verdad, nos arrebata la conciencia y si nos arrebata la conciencia, dejamos de ser seres humanos para convertirnos en la parte m\u00e1s salvaje, que tambi\u00e9n est\u00e1 en la naturaleza\u201d; con esta poderosa frase el periodista Ricardo Raphael inici\u00f3 su participaci\u00f3n en el Encuentro Internacional de Periodistas.<\/p>\n<p>&nbsp;<\/p>\n<p>Al impartir la conferencia \u201cCuando la verdad se quiebra: dilemas \u00e9ticos en el periodismo. Caso Isabel Miranda de Wallace\u201d, el analista pol\u00edtico desmenuz\u00f3 uno de los episodios m\u00e1s pol\u00e9micos de la narrativa medi\u00e1tica reciente, invitando a los estudiantes a reflexionar sobre los riesgos de la desinformaci\u00f3n, la fabricaci\u00f3n de culpables y el poder.<\/p>\n<p>&nbsp;<\/p>\n<p>\u201cEste caso fue muy importante; nos oblig\u00f3 a hablar de desapariciones, de secuestros; se convirti\u00f3 en una madre de coraje admirable porque la abrazamos y la crecimos tanto que hasta le dieron el Premio Nacional de Derechos Humanos; la convirtieron en candidata a alcaldesa y resulta que el hecho que le entreg\u00f3 fama, 20 a\u00f1os despu\u00e9s, nos enteramos que fue fabricado\u201d, destac\u00f3.<\/p>\n<p>&nbsp;<\/p>\n<p>Dijo que el caso Wallace es el retrato de nuestra \u00e9poca. El hecho ocurri\u00f3 en 2005, pero no ha dejado de ocurrir. Las personas que fueron encerradas tras las rejas hace 20 a\u00f1os por esta fabricaci\u00f3n siguen tras las rejas, menos una.<\/p>\n<p>&nbsp;<\/p>\n<p>\u201cEstoy hablando de un hecho que est\u00e1 ocurriendo hoy a las personas que est\u00e1n todav\u00eda privadas de su libertad despu\u00e9s de haber vivido cosas inenarrables, \u00bfQue hicieron los medios? Los m\u00e1s reputados quer\u00edan tenerla en sus noticieros, entrevistarla, quer\u00edan ser sus amigos y luego vinieron los pol\u00edticos; esta mujer, todo lo que tocaba, lo volv\u00eda popular\u201d, se\u00f1al\u00f3.<\/p>\n<p>&nbsp;<\/p>\n<p>Lament\u00f3 que Isabel Wallace se encargara de que nadie se atreviera a hablar y existen testimonios de periodistas que compartieron que les daban miedo sus acciones, mientras otros le daban vo.<\/p>\n<p>&nbsp;<\/p>\n<p>\u201cNo hubo periodistas en esta historia cuando se necesitaban. Falt\u00f3 que hubiera periodistas revisando el caso, visto los antecedentes, corroborado la informaci\u00f3n, escuchando a las dos partes, que no se hubieran ido con la finta del prejuicio, que hubieran cuestionado a sus redacciones, a los comentadores de televisi\u00f3n; es decir, que hubieran hecho periodismo para entregarle la verdad a la gente que hoy sigue en la c\u00e1rcel, porque esa verdad no ha logrado emerger todav\u00eda\u201d, subray\u00f3.<\/p>\n<p>&nbsp;<\/p>\n<p>Dijo que esta es la historia de fabricaci\u00f3n, de nuestro sistema de justicia y del periodismo que no ha hecho su trabajo; de la complicidad de la pol\u00edtica con sus fabricaciones y es una muestra de que muchas otras v\u00edctimas tambi\u00e9n sus casos han sido fabricados, y nadie ha revelado nada porque no se trata de casos famosos.<\/p>\n<p>&nbsp;<\/p>\n<p>La charla estuvo moderada por Sergio Velasco, Subdirector de Radio Universidad de Guadalajara.<\/p>\n<p>&nbsp;<\/p>\n","protected":false},"excerpt":{"rendered":"<p>Inauguran XXI Encuentro Internacional de Periodistas en la FIL 2025 El periodismo tiene que ser optimista, pero no del optimismo absurdo, sino desde el punto de vista de plantear que existe esperanza, que en el horizonte hay la posibilidad de construir una realidad distinta. Esto lo expres\u00f3 la Rectora General de la Universidad de Guadalajara &hellip; <\/p>\n<p><a class=\"more-link btn\" href=\"https:\/\/lamendigapolitica.com\/?p=82028\">Seguir leyendo<\/a><\/p>\n","protected":false},"author":1,"featured_media":0,"comment_status":"open","ping_status":"closed","sticky":false,"template":"","format":"standard","meta":{"footnotes":""},"categories":[5],"tags":[],"class_list":["post-82028","post","type-post","status-publish","format-standard","hentry","category-partidos","item-wrap"],"_links":{"self":[{"href":"https:\/\/lamendigapolitica.com\/index.php?rest_route=\/wp\/v2\/posts\/82028","targetHints":{"allow":["GET"]}}],"collection":[{"href":"https:\/\/lamendigapolitica.com\/index.php?rest_route=\/wp\/v2\/posts"}],"about":[{"href":"https:\/\/lamendigapolitica.com\/index.php?rest_route=\/wp\/v2\/types\/post"}],"author":[{"embeddable":true,"href":"https:\/\/lamendigapolitica.com\/index.php?rest_route=\/wp\/v2\/users\/1"}],"replies":[{"embeddable":true,"href":"https:\/\/lamendigapolitica.com\/index.php?rest_route=%2Fwp%2Fv2%2Fcomments&post=82028"}],"version-history":[{"count":1,"href":"https:\/\/lamendigapolitica.com\/index.php?rest_route=\/wp\/v2\/posts\/82028\/revisions"}],"predecessor-version":[{"id":82030,"href":"https:\/\/lamendigapolitica.com\/index.php?rest_route=\/wp\/v2\/posts\/82028\/revisions\/82030"}],"wp:attachment":[{"href":"https:\/\/lamendigapolitica.com\/index.php?rest_route=%2Fwp%2Fv2%2Fmedia&parent=82028"}],"wp:term":[{"taxonomy":"category","embeddable":true,"href":"https:\/\/lamendigapolitica.com\/index.php?rest_route=%2Fwp%2Fv2%2Fcategories&post=82028"},{"taxonomy":"post_tag","embeddable":true,"href":"https:\/\/lamendigapolitica.com\/index.php?rest_route=%2Fwp%2Fv2%2Ftags&post=82028"}],"curies":[{"name":"wp","href":"https:\/\/api.w.org\/{rel}","templated":true}]}}