{"id":82016,"date":"2025-12-03T19:41:45","date_gmt":"2025-12-04T01:41:45","guid":{"rendered":"https:\/\/lamendigapolitica.com\/?p=82016"},"modified":"2025-12-04T19:47:59","modified_gmt":"2025-12-05T01:47:59","slug":"presenta-el-libro-tlajo-de-cerquita-tempranito-y-con-la-gente","status":"publish","type":"post","link":"https:\/\/lamendigapolitica.com\/?p=82016","title":{"rendered":"Presentan el libro \u201cTlajo: de cerquita, tempranito y con la gente\u201d\u00a0"},"content":{"rendered":"<p><img loading=\"lazy\" decoding=\"async\" class=\"aligncenter size-full wp-image-82017\" src=\"https:\/\/lamendigapolitica.com\/wp-content\/uploads\/2025\/12\/54962795084_a2a4191835_c.jpg\" alt=\"\" width=\"800\" height=\"534\" srcset=\"https:\/\/lamendigapolitica.com\/wp-content\/uploads\/2025\/12\/54962795084_a2a4191835_c.jpg 800w, https:\/\/lamendigapolitica.com\/wp-content\/uploads\/2025\/12\/54962795084_a2a4191835_c-300x200.jpg 300w, https:\/\/lamendigapolitica.com\/wp-content\/uploads\/2025\/12\/54962795084_a2a4191835_c-768x513.jpg 768w, https:\/\/lamendigapolitica.com\/wp-content\/uploads\/2025\/12\/54962795084_a2a4191835_c-555x370.jpg 555w\" sizes=\"auto, (max-width: 800px) 100vw, 800px\" \/><\/p>\n<p>La obra relata el Modelo de Cercan\u00eda y Corresponsabilidad que hoy posiciona a Tlajomulco como referente nacional de innovaci\u00f3n p\u00fablica<\/p>\n<p>El presidente municipal de Tlajomulco, Gerardo Quirino Vel\u00e1zquez Ch\u00e1vez, present\u00f3 este mi\u00e9rcoles el libro \u201cTlajo: de cerquita, tempranito y con la gente\u201d en el Sal\u00f3n de Profesionales de la Feria Internacional del Libro (FIL), considerada la cita editorial m\u00e1s importante del mundo hispano.<\/p>\n<p>En su edici\u00f3n n\u00famero 39, la FIL se convirti\u00f3 en el escenario id\u00f3neo para compartir una obra que retrata, con profundidad, evidencia territorial y testimonios ciudadanos, c\u00f3mo Tlajomulco ha construido un modelo de gobierno cercano, presente y corresponsable.<!--more--><\/p>\n<p>Gerardo Quirino destac\u00f3 que el libro explica la evoluci\u00f3n del modelo territorial que transform\u00f3 la forma de gobernar en este municipio para pasar del escritorio a la calle; sistematizar rutas, diagn\u00f3sticos y protocolos de atenci\u00f3n; impulsar obras y decisiones con inteligencia territorial; y consolidar la participaci\u00f3n social activa como punto de partida para la soluci\u00f3n de problemas comunitarios.<\/p>\n<p>&nbsp;<\/p>\n<p>Con narrativas claras, entrevistas y testimonios, la obra tambi\u00e9n recoge historias de vida que muestran c\u00f3mo la cercan\u00eda se convierte en resultados tangibles: calles recuperadas, programas de apoyo al cuidado, espacios p\u00fablicos renovados y procesos de corresponsabilidad que involucran a vecinas y vecinos como protagonistas.<\/p>\n<p>&nbsp;<\/p>\n<p>\u201cAhora estamos pasando desde los consejos sociales a las redes de cercan\u00eda y corresponsabilidad. Esta evoluci\u00f3n es en cuanto a la participaci\u00f3n ciudadana y la gobernanza. \u00bfEn qu\u00e9 sentido? Ahora estamos avanzando de la consulta al involucramiento permanente, no solo a la toma de decisiones, sino a la acci\u00f3n constante del gobierno. Por eso este libro me da mucho orgullo y quiero decirles: yo espero que signifique el hoy hacia el futuro de nuestro municipio. Un modelo de cercan\u00eda no es un eslogan, sino una visi\u00f3n que busca estimular la participaci\u00f3n ciudadana y la corresponsabilidad en los temas p\u00fablicos, es decir, que juntas y juntos dejemos la tribuna y nos metamos al juego \u2014este juego que significa construir la ciudad, el municipio, el estado y el pa\u00eds que queremos\u2014. Un estado pr\u00f3spero, en desarrollo y en mejores condiciones para nuestras familias. Yo estoy convencido de que s\u00ed, solo s\u00ed, va a suceder con la participaci\u00f3n activa de la gente, porque no va a haber esfuerzo que haga un gobierno que tenga eco o resultados positivos si no es con el involucramiento permanente de la gente; un gobierno cercano\u201d, explic\u00f3.<\/p>\n<p>&nbsp;<\/p>\n<p>Durante el foro de presentaci\u00f3n acompa\u00f1aron al alcalde el expresidente municipal Ismael del Toro, as\u00ed como los reconocidos periodistas y polit\u00f3logos Mario Mu\u00f1oz de Loza y Enrique Toussaint, adem\u00e1s del editor del libro, Juli\u00e1n Rosales, quienes coincidieron en que la obra ofrece un retrato honesto y anal\u00edtico de un municipio que se ha consolidado como laboratorio de pol\u00edticas p\u00fablicas en M\u00e9xico.<\/p>\n<p>&nbsp;<\/p>\n<p>Cada uno mencion\u00f3 que el libro invita a comprender el valor democr\u00e1tico de gobernar desde el territorio, escuchar en campo y fortalecer el v\u00ednculo activo entre ciudadan\u00eda e instituciones.<\/p>\n<p>&nbsp;<\/p>\n<p>En su intervenci\u00f3n, el expresidente Ismael del Toro destac\u00f3 el compromiso de Gerardo Quirino por estar siempre cerca de la gente y trabajar en equipo para atender de manera oportuna y eficiente las demandas de la poblaci\u00f3n.<\/p>\n<p>&nbsp;<\/p>\n<p>\u201cHoy hablar de Tlajo de cerquita es hablar de una pol\u00edtica p\u00fablica que se fue desarrollando a lo largo de los a\u00f1os; pero tambi\u00e9n, como bien lo describe el libro \u2014y lo dijo V\u00edctor en su intervenci\u00f3n\u2014, describe la personalidad de Gerardo Quirino y su forma de gobernar: de cerquita, temprano y con la gente. Y eso hoy refleja a\u00f1os de esfuerzo, de pol\u00edticas p\u00fablicas y de invenci\u00f3n de figuras que llegaron para quedarse\u201d, puntualiz\u00f3.<\/p>\n<p>&nbsp;<\/p>\n<p>En la presentaci\u00f3n, Mu\u00f1oz de Loza, Toussaint y Rosales coincidieron en que el libro Tlajo: de cerquita, tempranito y con la gente ofrece pistas, m\u00e9todos y ejemplos concretos que motivan su lectura tanto a especialistas en gesti\u00f3n p\u00fablica como a cualquier persona interesada en el futuro de los municipios.<\/p>\n<p>&nbsp;<\/p>\n<p>La obra concluye con un mensaje al lector y un Manifiesto de Corresponsabilidad que plantean una idea central: la democracia local se fortalece cuando la ciudadan\u00eda y su gobierno caminan juntos; cuando los territorios se escuchan; y cuando la pol\u00edtica deja de ser distante para convertirse en acompa\u00f1amiento cotidiano.<\/p>\n<p>&nbsp;<\/p>\n<p>En la presentaci\u00f3n del libro estuvieron presentes regidoras y regidores de la actual administraci\u00f3n, as\u00ed como funcionarias, funcionarios p\u00fablicos y representantes vecinales.<\/p>\n<p>&nbsp;<\/p>\n<p>Adem\u00e1s, se cont\u00f3 con la presencia de diputadas y diputados locales, as\u00ed como de Enrique Ibarra Pedroza, exsecretario General de Gobierno de Jalisco.<\/p>\n<p>&nbsp;<\/p>\n<p>El Dato:<\/p>\n<p>&nbsp;<\/p>\n<p>Obra presentada en la FIL Guadalajara 2025, una de las ferias literarias m\u00e1s importantes de Am\u00e9rica Latina.<br \/>\nEl libro re\u00fane relatos, entrevistas, evidencia territorial y an\u00e1lisis de pol\u00edticas p\u00fablicas que documentan la evoluci\u00f3n del Modelo de Cercan\u00eda y Corresponsabilidad.<br \/>\nIncluye testimonios sobre obras y procesos comunitarios como La Alameda, la Red de Cuidadoras, Siempre Hay Chamba, Flaviano Ramos y proyectos de infraestructura estrat\u00e9gica.<br \/>\nPresentaron el libro el expresidente Ismael del Toro, los periodistas Enrique Toussaint y Mario Mu\u00f1oz de Loza, y el funcionario municipal Juli\u00e1n Rosales.<br \/>\nLa publicaci\u00f3n perfila la visi\u00f3n de largo plazo hacia el Tlajomulco 2042, basada en corresponsabilidad ciudadana y participaci\u00f3n activa.<\/p>\n<p>&nbsp;<\/p>\n","protected":false},"excerpt":{"rendered":"<p>La obra relata el Modelo de Cercan\u00eda y Corresponsabilidad que hoy posiciona a Tlajomulco como referente nacional de innovaci\u00f3n p\u00fablica El presidente municipal de Tlajomulco, Gerardo Quirino Vel\u00e1zquez Ch\u00e1vez, present\u00f3 este mi\u00e9rcoles el libro \u201cTlajo: de cerquita, tempranito y con la gente\u201d en el Sal\u00f3n de Profesionales de la Feria Internacional del Libro (FIL), considerada &hellip; <\/p>\n<p><a class=\"more-link btn\" href=\"https:\/\/lamendigapolitica.com\/?p=82016\">Seguir leyendo<\/a><\/p>\n","protected":false},"author":1,"featured_media":0,"comment_status":"open","ping_status":"closed","sticky":false,"template":"","format":"standard","meta":{"footnotes":""},"categories":[5],"tags":[],"class_list":["post-82016","post","type-post","status-publish","format-standard","hentry","category-partidos","item-wrap"],"_links":{"self":[{"href":"https:\/\/lamendigapolitica.com\/index.php?rest_route=\/wp\/v2\/posts\/82016","targetHints":{"allow":["GET"]}}],"collection":[{"href":"https:\/\/lamendigapolitica.com\/index.php?rest_route=\/wp\/v2\/posts"}],"about":[{"href":"https:\/\/lamendigapolitica.com\/index.php?rest_route=\/wp\/v2\/types\/post"}],"author":[{"embeddable":true,"href":"https:\/\/lamendigapolitica.com\/index.php?rest_route=\/wp\/v2\/users\/1"}],"replies":[{"embeddable":true,"href":"https:\/\/lamendigapolitica.com\/index.php?rest_route=%2Fwp%2Fv2%2Fcomments&post=82016"}],"version-history":[{"count":2,"href":"https:\/\/lamendigapolitica.com\/index.php?rest_route=\/wp\/v2\/posts\/82016\/revisions"}],"predecessor-version":[{"id":82020,"href":"https:\/\/lamendigapolitica.com\/index.php?rest_route=\/wp\/v2\/posts\/82016\/revisions\/82020"}],"wp:attachment":[{"href":"https:\/\/lamendigapolitica.com\/index.php?rest_route=%2Fwp%2Fv2%2Fmedia&parent=82016"}],"wp:term":[{"taxonomy":"category","embeddable":true,"href":"https:\/\/lamendigapolitica.com\/index.php?rest_route=%2Fwp%2Fv2%2Fcategories&post=82016"},{"taxonomy":"post_tag","embeddable":true,"href":"https:\/\/lamendigapolitica.com\/index.php?rest_route=%2Fwp%2Fv2%2Ftags&post=82016"}],"curies":[{"name":"wp","href":"https:\/\/api.w.org\/{rel}","templated":true}]}}