{"id":82008,"date":"2025-12-02T10:35:39","date_gmt":"2025-12-02T16:35:39","guid":{"rendered":"https:\/\/lamendigapolitica.com\/?p=82008"},"modified":"2025-12-02T10:35:39","modified_gmt":"2025-12-02T16:35:39","slug":"especialistas-reflexionan-acerca-de-la-confianza-la-democracia-y-las-instituciones-en-la-fil-2025","status":"publish","type":"post","link":"https:\/\/lamendigapolitica.com\/?p=82008","title":{"rendered":"Especialistas reflexionan acerca de la confianza, la democracia y las Instituciones en la FIL 2025"},"content":{"rendered":"<p><img loading=\"lazy\" decoding=\"async\" class=\"aligncenter size-full wp-image-82009\" src=\"https:\/\/lamendigapolitica.com\/wp-content\/uploads\/2025\/12\/Captura-de-pantalla-2025-12-02-a-las-10.34.57.png\" alt=\"\" width=\"616\" height=\"376\" srcset=\"https:\/\/lamendigapolitica.com\/wp-content\/uploads\/2025\/12\/Captura-de-pantalla-2025-12-02-a-las-10.34.57.png 616w, https:\/\/lamendigapolitica.com\/wp-content\/uploads\/2025\/12\/Captura-de-pantalla-2025-12-02-a-las-10.34.57-300x183.png 300w, https:\/\/lamendigapolitica.com\/wp-content\/uploads\/2025\/12\/Captura-de-pantalla-2025-12-02-a-las-10.34.57-555x339.png 555w\" sizes=\"auto, (max-width: 616px) 100vw, 616px\" \/><\/p>\n<p>Realizan el Encuentro de Cultura Democr\u00e1tica en la FIL<\/p>\n<p>La desconfianza es el eje que vertebra a la sociedad mexicana en el \u00e1mbito pol\u00edtico y electoral y la que ha desgastado la participaci\u00f3n y la defensa de los derechos fundamentales, coincidieron especialistas en el Encuentro de Cultura Democr\u00e1tica, celebrado en el marco de la Feria Internacional del Libro de Guadalajara (FIL) 2025.<!--more--><\/p>\n<p>La Consejera Presidenta del Instituto Electoral y de Participaci\u00f3n Ciudadana del Estado de Jalisco, Paula Ram\u00edrez H\u00f6hne, destac\u00f3 el nivel de sofisticaci\u00f3n t\u00e9cnica que ha alcanzado el sistema electoral mexicano, un modelo que ha sido edificado con base en la sospecha y la vigilancia.<\/p>\n<p>&nbsp;<\/p>\n<p>Ram\u00edrez H\u00f6hne explic\u00f3 c\u00f3mo la desconfianza hist\u00f3rica en las instituciones y la pol\u00edtica ha moldeado un dise\u00f1o electoral \u00abcasi esquizoide\u00bb, donde cada etapa est\u00e1 sujeta a un revisi\u00f3n y vigilancia con mucho rigor. Este modelo busca blindar la voluntad ciudadana a trav\u00e9s de un sinf\u00edn de medidas de control: que van desde la capacitaci\u00f3n de vecinos como funcionarios de casilla hasta el uso de tecnolog\u00eda indeleble y escrutinios hiper vigilados.<\/p>\n<p>&nbsp;<\/p>\n<p>\u201cM\u00e9xico ha producido un modelo de organizaci\u00f3n y arbitraje electoral, pues busca contener toda desviaci\u00f3n para evitar cualquier posibilidad de de trampa, garantizar que cada paso, cada decisi\u00f3n, cada actuaci\u00f3n, est\u00e9 debidamente documentado\u201d, dijo.<\/p>\n<p>&nbsp;<\/p>\n<p>La consejera subray\u00f3 que este rigor se supone garant\u00eda de la paz pol\u00edtica, pues si bien la democracia no se limita a las elecciones, \u00absin elecciones simplemente no hay democracia\u00bb<\/p>\n<p>&nbsp;<\/p>\n<p>El Presidente del Colegio de Jalisco, Roberto Arias de la Mora, asegur\u00f3 que la confianza en las instituciones no existe en las nuevas generaciones, a pesar de que es el \u201ceje vertebrador\u201d de las sociedades.<\/p>\n<p>&nbsp;<\/p>\n<p>El acad\u00e9mico critic\u00f3 la estrategia pol\u00edtica que promet\u00eda que la soluci\u00f3n a los males del pa\u00eds se limitaba a la alternancia en el poder.<\/p>\n<p>&nbsp;<\/p>\n<p>\u00abA lo largo de toda esa trayectoria, se nos fue vendiendo la idea de que el gran problema de este pa\u00eds era sacar al PRI, que lo \u00fanico que hab\u00eda que hacer en este pa\u00eds era la alternancia y nuestro sistema electoral est\u00e1 pinchado de la desconfianza. Es el m\u00e1s costoso del mundo y a\u00fan as\u00ed todav\u00eda vemos qui\u00e9nes dudamos del resultado\u00bb, recalc\u00f3.<\/p>\n<p>&nbsp;<\/p>\n<p>El doctor Arias de la Mora lament\u00f3 que, en lugar de modificar las formas de gobernar, se sustituy\u00f3 un r\u00e9gimen por otro con pr\u00e1cticas similares, fallando a una generaci\u00f3n a la que se le prometi\u00f3 un \u00abbono demogr\u00e1fico\u00bb, que la din\u00e1mica econ\u00f3mica no pudo absorber y que cre\u00f3 un caldo de cultivo para las desigualdades y violencias actuales.<\/p>\n<p>&nbsp;<\/p>\n<p>El ex Rector General de la Universidad de Guadalajara y diputado local, maestro Itzcoatl Tonatiuh Bravo Padilla, record\u00f3 que la Revoluci\u00f3n Mexicana logr\u00f3 derechos plasmados en la Constituci\u00f3n de 1917 en educaci\u00f3n, salud, trabajo para que las instituciones son las garantes de estos derechos que; sin embargo, est\u00e1n en constante riesgo de ser capturadas por intereses ajenos a lo p\u00fablico.<\/p>\n<p>&nbsp;<\/p>\n<p>Asegur\u00f3 que se debe de evitar que dichas instituciones sean cooptadas por otros intereses y se\u00f1al\u00f3 que la educaci\u00f3n es un derecho fundamental con una caracter\u00edstica \u00fanica que es la de ser un \u00abderecho habilitador\u00bb de otras posibilidades.<\/p>\n<p>&nbsp;<\/p>\n<p>\u00abEs un derecho que tiene una caracter\u00edstica que dif\u00edcilmente tienen los dem\u00e1s o que no la tienen. Es un derecho habilitador de los dem\u00e1s derechos. \u00bfC\u00f3mo va una persona a defender su derecho a la vida, sus derechos laborales, sus derechos de g\u00e9nero, si no tiene una formaci\u00f3n educativa que lo lleve a ser consciente de lo que implica la defensa de sus derechos y a poderlos ejercer? Entonces, una poblaci\u00f3n que no tiene educaci\u00f3n, no es f\u00e1cil que pueda ejercer sus derechos y m\u00e1s a\u00fan defenderlo\u00bb, cuestion\u00f3.<\/p>\n<p>&nbsp;<\/p>\n<p>Y a\u00f1adi\u00f3 que la educaci\u00f3n no s\u00f3lo es un catalizador de derechos individuales, sino un motor para la formaci\u00f3n de capacidades institucionales necesarias para estructurar el Estado desde el sector salud hasta el Poder Judicial.<\/p>\n<p>&nbsp;<\/p>\n","protected":false},"excerpt":{"rendered":"<p>Realizan el Encuentro de Cultura Democr\u00e1tica en la FIL La desconfianza es el eje que vertebra a la sociedad mexicana en el \u00e1mbito pol\u00edtico y electoral y la que ha desgastado la participaci\u00f3n y la defensa de los derechos fundamentales, coincidieron especialistas en el Encuentro de Cultura Democr\u00e1tica, celebrado en el marco de la Feria &hellip; <\/p>\n<p><a class=\"more-link btn\" href=\"https:\/\/lamendigapolitica.com\/?p=82008\">Seguir leyendo<\/a><\/p>\n","protected":false},"author":1,"featured_media":0,"comment_status":"open","ping_status":"closed","sticky":false,"template":"","format":"standard","meta":{"footnotes":""},"categories":[5],"tags":[],"class_list":["post-82008","post","type-post","status-publish","format-standard","hentry","category-partidos","item-wrap"],"_links":{"self":[{"href":"https:\/\/lamendigapolitica.com\/index.php?rest_route=\/wp\/v2\/posts\/82008","targetHints":{"allow":["GET"]}}],"collection":[{"href":"https:\/\/lamendigapolitica.com\/index.php?rest_route=\/wp\/v2\/posts"}],"about":[{"href":"https:\/\/lamendigapolitica.com\/index.php?rest_route=\/wp\/v2\/types\/post"}],"author":[{"embeddable":true,"href":"https:\/\/lamendigapolitica.com\/index.php?rest_route=\/wp\/v2\/users\/1"}],"replies":[{"embeddable":true,"href":"https:\/\/lamendigapolitica.com\/index.php?rest_route=%2Fwp%2Fv2%2Fcomments&post=82008"}],"version-history":[{"count":1,"href":"https:\/\/lamendigapolitica.com\/index.php?rest_route=\/wp\/v2\/posts\/82008\/revisions"}],"predecessor-version":[{"id":82010,"href":"https:\/\/lamendigapolitica.com\/index.php?rest_route=\/wp\/v2\/posts\/82008\/revisions\/82010"}],"wp:attachment":[{"href":"https:\/\/lamendigapolitica.com\/index.php?rest_route=%2Fwp%2Fv2%2Fmedia&parent=82008"}],"wp:term":[{"taxonomy":"category","embeddable":true,"href":"https:\/\/lamendigapolitica.com\/index.php?rest_route=%2Fwp%2Fv2%2Fcategories&post=82008"},{"taxonomy":"post_tag","embeddable":true,"href":"https:\/\/lamendigapolitica.com\/index.php?rest_route=%2Fwp%2Fv2%2Ftags&post=82008"}],"curies":[{"name":"wp","href":"https:\/\/api.w.org\/{rel}","templated":true}]}}