{"id":82005,"date":"2025-12-01T10:25:17","date_gmt":"2025-12-01T16:25:17","guid":{"rendered":"https:\/\/lamendigapolitica.com\/?p=82005"},"modified":"2025-12-08T21:00:41","modified_gmt":"2025-12-09T03:00:41","slug":"recuerdan-el-legado-intelectual-de-mario-vargas-llosa","status":"publish","type":"post","link":"https:\/\/lamendigapolitica.com\/?p=82005","title":{"rendered":"Recuerdan el legado intelectual de Mario Vargas Llosa"},"content":{"rendered":"<p><img loading=\"lazy\" decoding=\"async\" class=\"aligncenter size-full wp-image-82006\" src=\"https:\/\/lamendigapolitica.com\/wp-content\/uploads\/2025\/12\/Captura-de-pantalla-2025-12-02-a-las-10.24.12.png\" alt=\"\" width=\"688\" height=\"445\" srcset=\"https:\/\/lamendigapolitica.com\/wp-content\/uploads\/2025\/12\/Captura-de-pantalla-2025-12-02-a-las-10.24.12.png 688w, https:\/\/lamendigapolitica.com\/wp-content\/uploads\/2025\/12\/Captura-de-pantalla-2025-12-02-a-las-10.24.12-300x194.png 300w, https:\/\/lamendigapolitica.com\/wp-content\/uploads\/2025\/12\/Captura-de-pantalla-2025-12-02-a-las-10.24.12-555x359.png 555w\" sizes=\"auto, (max-width: 688px) 100vw, 688px\" \/><\/p>\n<p>Durante la charla \u201cEl humanista universal\u201d, en la FIL 2025, amigos y colegas del escritor peruano recordaron sus facetas como pol\u00edtico, escritor y periodista<\/p>\n<p>Quienes lo conocieron lo describen como un personaje polifac\u00e9tico, un intelectual que hizo cimbrar a Per\u00fa en su fase como pol\u00edtico, un personaje risue\u00f1o en la cotidianidad y un profundo pensador cuando se encontraba entre letras, como cuando se le ve\u00eda en sus visitas por los pasillos de la Feria Internacional del Libro de Guadalajara (FIL).<!--more--><\/p>\n<p>De esta manera es como se recuerda el legado del escritor peruano Mario Vargas Llosa, un asiduo asistente a esta fiesta de los libros, quien fue homenajeado como parte del programa de FIL Literatura en la charla \u201cEl humanista universal\u201d por sus compa\u00f1eros, amigos y colegas.<\/p>\n<p>El periodista y escritor peruano Ra\u00fal Tola mencion\u00f3 los or\u00edgenes de la relaci\u00f3n que mantuvo con Vargas Llosa, quien impact\u00f3 en su vida tras conocerlo en su faceta como pol\u00edtico aspirante a la presidencia de Per\u00fa en 1990.<\/p>\n<p>Estos episodios alimentaron la idea de que Vargas Llosa era un personaje que se desarrollaba entre \u00e1mbitos pol\u00edticos y culturales, lo que nutr\u00eda su curiosidad por su alrededor: \u201cEra extraordinariamente curioso y esa curiosidad estaba parte del n\u00facleo de sus novelas; \u00e9l siempre buscaba eso nuevo, se dejaba sorprender\u201d, declar\u00f3.<\/p>\n<p>&nbsp;<\/p>\n<p>La Directora General de la FIL, Marisol Schulz, record\u00f3 la relaci\u00f3n que mantuvo con Vargas Llosa por m\u00e1s de 17 a\u00f1os siendo su editora, calificando al peruano como un escritor que se dejaba acompa\u00f1ar y con quien fortaleci\u00f3 su amistad en los pasillos de la FIL y en la Bienal Mario Vargas Llosa.<\/p>\n<p>&nbsp;<\/p>\n<p>\u201cEra un hombre generoso, un amigo caballeroso que siempre ten\u00eda una palabra amable y con quien era delicioso platicar\u201d, declar\u00f3.<\/p>\n<p>&nbsp;<\/p>\n<p>Por otra parte, Vargas Llosa tambi\u00e9n era una persona que disfrutaba de la far\u00e1ndula, con facetas que no se limitaban al periodismo, la literatura o la pol\u00edtica, sino que tambi\u00e9n se trasladaban hacia otros terrenos cotidianos y superficiales, refiri\u00f3.<\/p>\n<p>&nbsp;<\/p>\n<p>\u201cEsa parte multifac\u00e9tica de Mario Vargas Llosa nos da cuenta de ese humanismo. En general creo que hay muy pocas personas que puedan tener tantas facetas y casi todas hacerlas bien, digo casi porque no fue buen actor\u201d, precis\u00f3 Marisol Schulz.<\/p>\n<p>&nbsp;<\/p>\n<p>Mientras que para el pol\u00edtico peruano Pedro Cateriano, Mario Vargas Llosa fue un escritor que no se alej\u00f3 de la realidad de Latinoam\u00e9rica, sino que quiso influir en ella con su trabajo como pol\u00edtico, periodista y escritor mostrando honestidad intelectual y el valor para defender lo que cre\u00eda.<\/p>\n<p>&nbsp;<\/p>\n<p>\u201cEra un escritor comprometido que no deb\u00eda abstraerse de la compleja realidad pol\u00edtica y social de su pa\u00eds. Desde que era un muchacho actu\u00f3 con criterio, fue un escritor comprometido hasta el final de sus d\u00edas\u201d, indic\u00f3.<\/p>\n<p>&nbsp;<\/p>\n","protected":false},"excerpt":{"rendered":"<p>Durante la charla \u201cEl humanista universal\u201d, en la FIL 2025, amigos y colegas del escritor peruano recordaron sus facetas como pol\u00edtico, escritor y periodista Quienes lo conocieron lo describen como un personaje polifac\u00e9tico, un intelectual que hizo cimbrar a Per\u00fa en su fase como pol\u00edtico, un personaje risue\u00f1o en la cotidianidad y un profundo pensador &hellip; <\/p>\n<p><a class=\"more-link btn\" href=\"https:\/\/lamendigapolitica.com\/?p=82005\">Seguir leyendo<\/a><\/p>\n","protected":false},"author":1,"featured_media":0,"comment_status":"open","ping_status":"closed","sticky":false,"template":"","format":"standard","meta":{"footnotes":""},"categories":[5],"tags":[],"class_list":["post-82005","post","type-post","status-publish","format-standard","hentry","category-partidos","item-wrap"],"_links":{"self":[{"href":"https:\/\/lamendigapolitica.com\/index.php?rest_route=\/wp\/v2\/posts\/82005","targetHints":{"allow":["GET"]}}],"collection":[{"href":"https:\/\/lamendigapolitica.com\/index.php?rest_route=\/wp\/v2\/posts"}],"about":[{"href":"https:\/\/lamendigapolitica.com\/index.php?rest_route=\/wp\/v2\/types\/post"}],"author":[{"embeddable":true,"href":"https:\/\/lamendigapolitica.com\/index.php?rest_route=\/wp\/v2\/users\/1"}],"replies":[{"embeddable":true,"href":"https:\/\/lamendigapolitica.com\/index.php?rest_route=%2Fwp%2Fv2%2Fcomments&post=82005"}],"version-history":[{"count":1,"href":"https:\/\/lamendigapolitica.com\/index.php?rest_route=\/wp\/v2\/posts\/82005\/revisions"}],"predecessor-version":[{"id":82007,"href":"https:\/\/lamendigapolitica.com\/index.php?rest_route=\/wp\/v2\/posts\/82005\/revisions\/82007"}],"wp:attachment":[{"href":"https:\/\/lamendigapolitica.com\/index.php?rest_route=%2Fwp%2Fv2%2Fmedia&parent=82005"}],"wp:term":[{"taxonomy":"category","embeddable":true,"href":"https:\/\/lamendigapolitica.com\/index.php?rest_route=%2Fwp%2Fv2%2Fcategories&post=82005"},{"taxonomy":"post_tag","embeddable":true,"href":"https:\/\/lamendigapolitica.com\/index.php?rest_route=%2Fwp%2Fv2%2Ftags&post=82005"}],"curies":[{"name":"wp","href":"https:\/\/api.w.org\/{rel}","templated":true}]}}