{"id":81994,"date":"2025-11-30T20:15:40","date_gmt":"2025-12-01T02:15:40","guid":{"rendered":"https:\/\/lamendigapolitica.com\/?p=81994"},"modified":"2025-11-30T20:15:40","modified_gmt":"2025-12-01T02:15:40","slug":"regimen-politico-en-mexico-entre-la-ausencia-y-el-exceso-de-poder","status":"publish","type":"post","link":"https:\/\/lamendigapolitica.com\/?p=81994","title":{"rendered":"R\u00e9gimen pol\u00edtico en M\u00e9xico, entre la ausencia y el exceso de poder"},"content":{"rendered":"<p><img loading=\"lazy\" decoding=\"async\" class=\"aligncenter size-full wp-image-81995\" src=\"https:\/\/lamendigapolitica.com\/wp-content\/uploads\/2025\/11\/Captura-de-pantalla-2025-11-30-a-las-20.14.50.png\" alt=\"\" width=\"689\" height=\"457\" srcset=\"https:\/\/lamendigapolitica.com\/wp-content\/uploads\/2025\/11\/Captura-de-pantalla-2025-11-30-a-las-20.14.50.png 689w, https:\/\/lamendigapolitica.com\/wp-content\/uploads\/2025\/11\/Captura-de-pantalla-2025-11-30-a-las-20.14.50-300x199.png 300w, https:\/\/lamendigapolitica.com\/wp-content\/uploads\/2025\/11\/Captura-de-pantalla-2025-11-30-a-las-20.14.50-555x368.png 555w\" sizes=\"auto, (max-width: 689px) 100vw, 689px\" \/><\/p>\n<p>Durante la mesa \u201cDerecho\u201d del Foro Nexos. Cambio de r\u00e9gimen: A\u00f1o Cero, especialistas analizan los cambios pol\u00edticos en las \u00faltimas d\u00e9cadas<\/p>\n<p>Los cambios pol\u00edticos en M\u00e9xico de los \u00faltimos a\u00f1os a\u00fan no terminan de plantear con claridad la postura del r\u00e9gimen a cargo del poder p\u00fablico, puesto que muestra caracter\u00edsticas que van y vienen entre el autoritarismo y la democracia, y entre un aparente Estado de derecho y un panorama violento que afecta al pa\u00eds.<\/p>\n<p>En esto coincidieron especialistas durante la mesa \u201cDerecho\u201d, en el Foro Nexos. Cambio de r\u00e9gimen A\u00f1o Cero, durante la Feria Internacional del Libro de Guadalajara (FIL) 2025, en la que fueron analizados los cambios que ocurrieron en M\u00e9xico durante la transici\u00f3n del poder pol\u00edtico en las \u00faltimas d\u00e9cadas.<!--more--><\/p>\n<p>El escritor y periodista Jes\u00fas Silva-Herzog M\u00e1rquez mencion\u00f3 que para hablar del r\u00e9gimen pol\u00edtico actual en M\u00e9xico es necesario revisar dos visiones de la perspectiva del poder, una de ellas orientada hacia la acumulaci\u00f3n y control del poder pol\u00edtico, y otra m\u00e1s en la presencia del poder violento en el pa\u00eds.<\/p>\n<p>&nbsp;<\/p>\n<p>\u201cPor una parte, tenemos este ogro autoritario y, por el otro lado, tenemos este ogro criminal. El ciudadano mexicano, en ese sentido, es v\u00edctima, en estos momentos, de los dos males mayores de la pol\u00edtica: ser v\u00edctima del exceso de poder y ser v\u00edctima de la ausencia del poder estatal. Eso me parece que es el monstruo de dos cabezas que es el nuevo r\u00e9gimen pol\u00edtico\u201d, asever\u00f3.<\/p>\n<p>&nbsp;<\/p>\n<p>A\u00f1adi\u00f3 que los cambios pol\u00edticos en el M\u00e9xico contempor\u00e1neo han sido de los m\u00e1s profundos en los \u00faltimos a\u00f1os, y se espera que \u00e9stos permeen por generaciones de la mano de un r\u00e9gimen que toma decisiones con ambig\u00fcedad.<\/p>\n<p>&nbsp;<\/p>\n<p>\u201cNo hablamos en M\u00e9xico del proceso de una erosi\u00f3n democr\u00e1tica, no hablamos ya de un proceso en el que se est\u00e1n diluyendo elementos liberales de un sistema democr\u00e1tico; sino del fin de un sistema de democracia liberal, y eso se hizo que muy r\u00e1pidamente un escenario en donde resulta dif\u00edcil imaginar la restauraci\u00f3n democr\u00e1tica\u201d, precis\u00f3.<\/p>\n<p>&nbsp;<\/p>\n<p>Para la especialista en derecho Ana Laura Magaloni, es claro que existe un cambio de r\u00e9gimen pol\u00edtico en M\u00e9xico; sin embargo, en este panorama no se puede asegurar que exista una falta de democracia, sino que se han dado las condiciones para que se ejerza un poder casi autoritario que se maneja entre arbitrariedades al tomar decisiones pol\u00edticas.<\/p>\n<p>&nbsp;<\/p>\n<p>\u201cTienen mayor\u00eda calificada para cambiar cualquier ley, cualquier constituci\u00f3n; desde ah\u00ed no se construye ning\u00fan l\u00edmite jur\u00eddico, porque disponen de las reglas y eso es lo m\u00e1s amenazante de momento, porque no sabemos bien c\u00f3mo frenar esa arbitrariedad del poder o c\u00f3mo predecirla\u201d, sostuvo.<\/p>\n<p>&nbsp;<\/p>\n<p>Por su parte, el analista Jes\u00fas Garza Onofre indic\u00f3 que los cambios que implican las reformas judiciales recientes carecen de aspectos funcionales, institucionales y jurisdiccionales que faciliten la operaci\u00f3n del Poder Judicial.<\/p>\n<p>&nbsp;<\/p>\n<p>Cuestion\u00f3 la capacidad de los \u00f3rganos judiciales en todo el pa\u00eds y los l\u00edmites en sus funciones, adem\u00e1s de que con estas reformas, en las que las y los jueces son elegidos por la ciudadan\u00eda, no fomentan una profunda cercan\u00eda con los funcionarios electos y, en cambio, se corre el riesgo de que el populismo llegue a ese poder.<\/p>\n<p>&nbsp;<\/p>\n<p>\u201cSi el populismo ya est\u00e1 en varios \u00e1mbitos de la vida p\u00fablica, tambi\u00e9n va a llegar el populismo al \u00e1mbito del derecho, y esto significa respuestas f\u00e1ciles a problemas complejos\u201d, refiri\u00f3.<\/p>\n<p>&nbsp;<\/p>\n<p>Informativo 0018<\/p>\n","protected":false},"excerpt":{"rendered":"<p>Durante la mesa \u201cDerecho\u201d del Foro Nexos. Cambio de r\u00e9gimen: A\u00f1o Cero, especialistas analizan los cambios pol\u00edticos en las \u00faltimas d\u00e9cadas Los cambios pol\u00edticos en M\u00e9xico de los \u00faltimos a\u00f1os a\u00fan no terminan de plantear con claridad la postura del r\u00e9gimen a cargo del poder p\u00fablico, puesto que muestra caracter\u00edsticas que van y vienen entre &hellip; <\/p>\n<p><a class=\"more-link btn\" href=\"https:\/\/lamendigapolitica.com\/?p=81994\">Seguir leyendo<\/a><\/p>\n","protected":false},"author":1,"featured_media":0,"comment_status":"open","ping_status":"closed","sticky":false,"template":"","format":"standard","meta":{"footnotes":""},"categories":[5],"tags":[],"class_list":["post-81994","post","type-post","status-publish","format-standard","hentry","category-partidos","item-wrap"],"_links":{"self":[{"href":"https:\/\/lamendigapolitica.com\/index.php?rest_route=\/wp\/v2\/posts\/81994","targetHints":{"allow":["GET"]}}],"collection":[{"href":"https:\/\/lamendigapolitica.com\/index.php?rest_route=\/wp\/v2\/posts"}],"about":[{"href":"https:\/\/lamendigapolitica.com\/index.php?rest_route=\/wp\/v2\/types\/post"}],"author":[{"embeddable":true,"href":"https:\/\/lamendigapolitica.com\/index.php?rest_route=\/wp\/v2\/users\/1"}],"replies":[{"embeddable":true,"href":"https:\/\/lamendigapolitica.com\/index.php?rest_route=%2Fwp%2Fv2%2Fcomments&post=81994"}],"version-history":[{"count":1,"href":"https:\/\/lamendigapolitica.com\/index.php?rest_route=\/wp\/v2\/posts\/81994\/revisions"}],"predecessor-version":[{"id":81996,"href":"https:\/\/lamendigapolitica.com\/index.php?rest_route=\/wp\/v2\/posts\/81994\/revisions\/81996"}],"wp:attachment":[{"href":"https:\/\/lamendigapolitica.com\/index.php?rest_route=%2Fwp%2Fv2%2Fmedia&parent=81994"}],"wp:term":[{"taxonomy":"category","embeddable":true,"href":"https:\/\/lamendigapolitica.com\/index.php?rest_route=%2Fwp%2Fv2%2Fcategories&post=81994"},{"taxonomy":"post_tag","embeddable":true,"href":"https:\/\/lamendigapolitica.com\/index.php?rest_route=%2Fwp%2Fv2%2Ftags&post=81994"}],"curies":[{"name":"wp","href":"https:\/\/api.w.org\/{rel}","templated":true}]}}