{"id":81991,"date":"2025-11-30T20:10:24","date_gmt":"2025-12-01T02:10:24","guid":{"rendered":"https:\/\/lamendigapolitica.com\/?p=81991"},"modified":"2025-11-30T20:10:24","modified_gmt":"2025-12-01T02:10:24","slug":"la-literatura-es-mas-indispensable-que-nunca-amin-maalouf","status":"publish","type":"post","link":"https:\/\/lamendigapolitica.com\/?p=81991","title":{"rendered":"\u201cLa literatura es m\u00e1s indispensable que nunca\u201d: Amin Maalouf"},"content":{"rendered":"<p><img loading=\"lazy\" decoding=\"async\" class=\"aligncenter size-full wp-image-81992\" src=\"https:\/\/lamendigapolitica.com\/wp-content\/uploads\/2025\/11\/54954040213_cbd8c85803_w.jpg\" alt=\"\" width=\"400\" height=\"267\" srcset=\"https:\/\/lamendigapolitica.com\/wp-content\/uploads\/2025\/11\/54954040213_cbd8c85803_w.jpg 400w, https:\/\/lamendigapolitica.com\/wp-content\/uploads\/2025\/11\/54954040213_cbd8c85803_w-300x200.jpg 300w\" sizes=\"auto, (max-width: 400px) 100vw, 400px\" \/><\/p>\n<p>Guadalajara, Barcelona y el galardonado con el Premio FIL coincidieron en que la literatura es el veh\u00edculo para un presente y un futuro con m\u00e1s esperanza<\/p>\n<p>Poco despu\u00e9s de las once de la ma\u00f1ana, Carlos Maciel, el maestro de ceremonias que ya es marca registrada de la Feria Internacional del Libro de Guadalajara (FIL), exhort\u00f3 al p\u00fablico invitado a que tomara sus sillas para comenzar el acto de inauguraci\u00f3n de la Feria, y la entrega del Premio FIL de Literatura en Lenguas Romances.<\/p>\n<p>Como ya es costumbre, el acto protocolario cont\u00f3 con la participaci\u00f3n de una variedad de autoridades pol\u00edticas, sociales y culturales, que celebraron el comienzo oficial de los nueve d\u00edas en los que los libros estar\u00e1n en boca de todos en Guadalajara, en M\u00e9xico y los pa\u00edses de habla hispana, principalmente.<!--more--><\/p>\n<p>En cada una de las participaciones se aprovech\u00f3 para resaltar la importancia de la literatura para superar los tiempos actuales. Karla Planter, la primera mujer rectora de la Universidad de Guadalajara, puso de relieve la importancia de la obra del ganador del Premio FIL, el escritor franco-liban\u00e9s Amin Maalouf, por sus esfuerzos intelectuales al hablar de la \u00e9poca actual.<\/p>\n<p>\u00abLa escritura y la lectura son parte del desarrollo del pensamiento cr\u00edtico\u00bb, dijo antes de se\u00f1alar que la Feria es una zona abierta a toda la pluralidad, un espacio para el intercambio de las ideas. Jos\u00e9 Trinidad Padilla L\u00f3pez, presidente de la FIL, le dio la raz\u00f3n a Planter: \u00abTal como la concibi\u00f3 Ra\u00fal Padilla, la FIL es un encuentro para honrar la libertad editorial, una evocaci\u00f3n del di\u00e1logo\u00bb que recuerda que la lectura no es un acto de consumo, sino \u00abla trinchera de lo inc\u00f3modo\u00bb, en donde se lleva a cabo una conversaci\u00f3n entre el libro y quien lo lee. Aprovech\u00f3 tambi\u00e9n para mencionar que la familia de Juan Jos\u00e9 Arreola ha donado la biblioteca del escritor a la Universidad de Guadalajara, y que estar\u00e1 resguardada en la biblioteca p\u00fablica del estado, que lleva su nombre.<\/p>\n<p>&nbsp;<\/p>\n<p>\u00abBarcelona viene con todo\u00bb, declar\u00f3 con entusiasmo la directora de la FIL, Marisol Schulz Manaut, al mencionar la variedad de disciplinas de la ciudad Invitada de Honor de este a\u00f1o, a las que podr\u00e1n asistir los miles de lectores que peregrinan en sus pasillos cada a\u00f1o. Si quedaba alguna duda al respecto, Jaume Collboni, alcalde de Barcelona, lo confirm\u00f3 sin atisbos: la ciudad entera estar\u00e1 presente con un ambicioso programa cient\u00edfico, acad\u00e9mico, musical, gastron\u00f3mico y literario, en el que se incluyen nuevas voces, muchas de ellas femeninas, que se tradujeron del catal\u00e1n al espa\u00f1ol especialmente para esta edici\u00f3n de la Feria. \u00abHoy, Barcelona cumple el sue\u00f1o de ser invitado a la FIL\u00bb, comparti\u00f3 Collboni, reconociendo tambi\u00e9n lo que su cultura le debe a M\u00e9xico, cuando el pa\u00eds fue refugio de escritores que pudieron continuar su oficio en catal\u00e1n durante el exilio republicano. \u00abA M\u00e8xic salvem les nostres paraules\u00bb (\u00abEn M\u00e9xico salvamos nuestras palabras\u00bb), dijo.<\/p>\n<p>&nbsp;<\/p>\n<p>Antes de que se realizara la entrega del Premio FIL en Lenguas Romances, Marcelo Ebrard, secretario de Econom\u00eda, otorg\u00f3 a Planter, y a Schulz, un certificado (el primero en M\u00e9xico, precis\u00f3) por el proceso de excelencia bajo el que la Feria se ha convertido en la m\u00e1s importante de las letras hispanas, en representaci\u00f3n de la presidenta, Claudia Sheinbaum.<\/p>\n<p>&nbsp;<\/p>\n<p>Tal y como se ha efectuado en otras ocasiones, el micr\u00f3fono qued\u00f3 libre para la representante del jurado, Carmen Alemany Bay. Al hacer la lectura del acta que se firm\u00f3 en agosto de este a\u00f1o, mencion\u00f3 que Amin Maalouf es una de las voces m\u00e1s importantes en la literatura actual porque \u00abexplora con lucidez las fracturas y los mestizajes del mundo moderno. Sus novelas y ensayos exploran la memoria y el exilio, a la vez que rechazan al nacionalismo o la religi\u00f3n\u00bb como soluci\u00f3n a las divisiones contempor\u00e1neas. En su elogio al autor, el escritor mexicano Jorge Volpi sigui\u00f3 esta reflexi\u00f3n con las propias que ha coleccionado desde que descubri\u00f3 la obra de Maalouf, donde ha encontrado a alguien que \u00abreinventa l\u00facidamente el pasado para mostrarnos qui\u00e9nes somos hoy y el que, con inquietante clarividencia, nos confronta con qui\u00e9nes podr\u00edamos llegar a ser en un futuro, por desgracia, posible.\u00bb<\/p>\n<p>&nbsp;<\/p>\n<p>Amin Maalouf, quien llama la atenci\u00f3n por su bufanda blanca sobre un traje oscuro y una melena canosa que se resiste a permanecer aplanada, se acerc\u00f3 al podio sin prisa y con una sonrisa afable. Mientras le\u00eda su discurso en franc\u00e9s, un par de pantallas proyectaron la traducci\u00f3n de sus palabras, que dejaron en claro por qu\u00e9 su obra ensay\u00edstica de los \u00faltimos a\u00f1os es tan relevante para quien llega a su literatura.<\/p>\n<p>Por un lado, no tuvo reparo en expresar la admiraci\u00f3n que tiene ante los descubrimientos tecnol\u00f3gicos, que permiten que tenga \u00abal alcance de mis dedos, en cualquier momento, todo el conocimiento del universo; que podr\u00eda conversar cara a cara con mis hijos y mis nietos, al otro lado del planeta; que podr\u00eda participar en una conferencia en Mil\u00e1n, en M\u00e9xico\u00bb; por otro, se\u00f1al\u00f3 que nunca habr\u00eda pensado que la violencia seguir\u00eda aumentando, que la democracia se ver\u00eda debilitada, que las guerras no iban a desaparecer.<\/p>\n<p>&nbsp;<\/p>\n<p>Pero Maalouf todav\u00eda tiene esperanza, a pesar de lo que ha visto a lo largo de su vida. \u201cNunca volveremos al mundo de antes\u00bb, expres\u00f3 sin amargura, \u00abPodemos lamentarlo o celebrarlo, pero en todo caso debemos ser conscientes de ello para poder avanzar\u201d. Reconoci\u00f3 la importancia del esfuerzo colectivo para superar los retos del momento, que se mueven a una velocidad vertiginosa, y es labor de la humanidad elevarse \u00abpor encima de sus codicias, de sus ego\u00edsmos, de sus prejuicios\u00bb. Confi\u00f3 en una de las misiones de la literatura, que puede llevar por dos caminos. \u201cO sobrevivimos juntos, o desaparecemos juntos&#8230; Porque es a ella [la literatura] \u2014es decir, a todos nosotros\u2014 a quien le corresponde reparar el presente e imaginar el futuro\u201d. El auditorio Juan Rulfo explot\u00f3 en aplausos.<\/p>\n<p>&nbsp;<\/p>\n<p>Finalmente, una tradici\u00f3n cambi\u00f3 este d\u00eda: no escuchamos a Carlos Maciel hacer los honores y declarar inaugurada \u00abla trig\u00e9sima novena Feria Internacional del Libro en Guadalajara\u00bb a las 13 horas con 21 minutos, sino que fue Pablo Lemus, gobernador de Jalisco, quien hizo la declaratoria.<\/p>\n<p>&nbsp;<\/p>\n<p>Y as\u00ed, las flores llegaron.<\/p>\n","protected":false},"excerpt":{"rendered":"<p>Guadalajara, Barcelona y el galardonado con el Premio FIL coincidieron en que la literatura es el veh\u00edculo para un presente y un futuro con m\u00e1s esperanza Poco despu\u00e9s de las once de la ma\u00f1ana, Carlos Maciel, el maestro de ceremonias que ya es marca registrada de la Feria Internacional del Libro de Guadalajara (FIL), exhort\u00f3 &hellip; <\/p>\n<p><a class=\"more-link btn\" href=\"https:\/\/lamendigapolitica.com\/?p=81991\">Seguir leyendo<\/a><\/p>\n","protected":false},"author":1,"featured_media":0,"comment_status":"open","ping_status":"closed","sticky":false,"template":"","format":"standard","meta":{"footnotes":""},"categories":[5],"tags":[],"class_list":["post-81991","post","type-post","status-publish","format-standard","hentry","category-partidos","item-wrap"],"_links":{"self":[{"href":"https:\/\/lamendigapolitica.com\/index.php?rest_route=\/wp\/v2\/posts\/81991","targetHints":{"allow":["GET"]}}],"collection":[{"href":"https:\/\/lamendigapolitica.com\/index.php?rest_route=\/wp\/v2\/posts"}],"about":[{"href":"https:\/\/lamendigapolitica.com\/index.php?rest_route=\/wp\/v2\/types\/post"}],"author":[{"embeddable":true,"href":"https:\/\/lamendigapolitica.com\/index.php?rest_route=\/wp\/v2\/users\/1"}],"replies":[{"embeddable":true,"href":"https:\/\/lamendigapolitica.com\/index.php?rest_route=%2Fwp%2Fv2%2Fcomments&post=81991"}],"version-history":[{"count":1,"href":"https:\/\/lamendigapolitica.com\/index.php?rest_route=\/wp\/v2\/posts\/81991\/revisions"}],"predecessor-version":[{"id":81993,"href":"https:\/\/lamendigapolitica.com\/index.php?rest_route=\/wp\/v2\/posts\/81991\/revisions\/81993"}],"wp:attachment":[{"href":"https:\/\/lamendigapolitica.com\/index.php?rest_route=%2Fwp%2Fv2%2Fmedia&parent=81991"}],"wp:term":[{"taxonomy":"category","embeddable":true,"href":"https:\/\/lamendigapolitica.com\/index.php?rest_route=%2Fwp%2Fv2%2Fcategories&post=81991"},{"taxonomy":"post_tag","embeddable":true,"href":"https:\/\/lamendigapolitica.com\/index.php?rest_route=%2Fwp%2Fv2%2Ftags&post=81991"}],"curies":[{"name":"wp","href":"https:\/\/api.w.org\/{rel}","templated":true}]}}