{"id":81952,"date":"2025-11-29T21:07:23","date_gmt":"2025-11-30T03:07:23","guid":{"rendered":"https:\/\/lamendigapolitica.com\/?p=81952"},"modified":"2025-11-29T21:07:23","modified_gmt":"2025-11-30T03:07:23","slug":"la-fil-inicia-con-un-llamado-a-cuidar-a-los-libros-y-los-espacios-de-fomento-a-la-lectura-de-discursos-intolerantes","status":"publish","type":"post","link":"https:\/\/lamendigapolitica.com\/?p=81952","title":{"rendered":"La FIL inicia con un llamado a cuidar a los libros y los espacios de fomento a la lectura de discursos intolerantes"},"content":{"rendered":"<p><img loading=\"lazy\" decoding=\"async\" class=\"aligncenter size-large wp-image-81953\" src=\"https:\/\/lamendigapolitica.com\/wp-content\/uploads\/2025\/11\/Captura-de-pantalla-2025-11-29-a-las-21.06.28-1024x673.png\" alt=\"\" width=\"555\" height=\"365\" srcset=\"https:\/\/lamendigapolitica.com\/wp-content\/uploads\/2025\/11\/Captura-de-pantalla-2025-11-29-a-las-21.06.28-1024x673.png 1024w, https:\/\/lamendigapolitica.com\/wp-content\/uploads\/2025\/11\/Captura-de-pantalla-2025-11-29-a-las-21.06.28-300x197.png 300w, https:\/\/lamendigapolitica.com\/wp-content\/uploads\/2025\/11\/Captura-de-pantalla-2025-11-29-a-las-21.06.28-768x505.png 768w, https:\/\/lamendigapolitica.com\/wp-content\/uploads\/2025\/11\/Captura-de-pantalla-2025-11-29-a-las-21.06.28-555x365.png 555w, https:\/\/lamendigapolitica.com\/wp-content\/uploads\/2025\/11\/Captura-de-pantalla-2025-11-29-a-las-21.06.28.png 1034w\" sizes=\"auto, (max-width: 555px) 100vw, 555px\" \/><\/p>\n<p>La maestra Karla Planter P\u00e9rez, Rectora General de la Universidad de Guadalajara (UdeG), invit\u00f3 a cuidar a los libros, el poder de la palabra y los espacios de promoci\u00f3n de la lectura ante la barbarie y los discursos intolerantes que asolan a diversas partes del mundo.<!--more--><\/p>\n<p>Durante su primera ceremonia de inauguraci\u00f3n de la Feria Internacional del Libro de Guadalajara (FIL) \u2013en su edici\u00f3n 39\u2013, como Rectora General, Planter P\u00e9rez declar\u00f3 que la lectura y la escritura son una forma de actuaci\u00f3n en el mundo y permiten conectar con otros mundo y otras personas.<\/p>\n<p>&nbsp;<\/p>\n<p>La FIL es un espacio que fomenta la lectura, el entendimiento entre sociedades y la comprensi\u00f3n de los otros, y por ello es necesario cuidarla y mantenerla, alert\u00f3.<\/p>\n<p>&nbsp;<\/p>\n<p>\u201cLa FIL es una zona de puertas abiertas a la pluralidad. Aqu\u00ed tienen cabida todas las perspectivas. Es un espacio de importancia internacional para el intercambio de las ideas. Cuid\u00e9mosla, y no permitamos que la intolerancia y la cerraz\u00f3n amenacen a la palabra y supriman la posibilidad del di\u00e1logo en libertad\u201d, subray\u00f3.<\/p>\n<p>&nbsp;<\/p>\n<p>Record\u00f3 que la creaci\u00f3n de esta feria es un logro de la sociedad jalisciense, que muestra la manifestaci\u00f3n de su fortaleza cultural y su identidad hist\u00f3rica y que se ha convertido en una manera de afirmar su vocaci\u00f3n por la libertad creativa y la democracia.<\/p>\n<p>&nbsp;<\/p>\n<p>\u201cLa FIL es un espacio plural, un sitio para el di\u00e1logo racional que pone en pr\u00e1ctica los m\u00e1s enaltecidos valores c\u00edvicos y humanos. Nutre a nuestra idiosincrasia con la riqueza cultural del mundo y tambi\u00e9n proyecta lo que somos en el \u00e1mbito universal\u201d, a\u00f1adi\u00f3 Planter P\u00e9rez.<\/p>\n<p>&nbsp;<\/p>\n<p>Recalc\u00f3 que la visita de Barcelona, como invitada de honor a esta edici\u00f3n, es una oportunidad para adentrarse en sus libros, sus creadores y su cultura.<\/p>\n<p>&nbsp;<\/p>\n<p>La Ciudad Condal viene a la FIL \u201ccon toda la fuerza de su historia, su originalidad cultural y dignidad c\u00edvica, como un pueblo destinado a brillar en el concierto ib\u00e9rico y mundial. Barcelona ser\u00e1 noticia desde aqu\u00ed para el resto de la Tierra, y nutrir\u00e1 nuestras vidas con sus letras, su poes\u00eda, su ensay\u00edstica y su ciencia; su arquitectura y personalidad urbana; su m\u00fasica, su cine y su folklore\u201d, afirm\u00f3.<\/p>\n","protected":false},"excerpt":{"rendered":"<p>La maestra Karla Planter P\u00e9rez, Rectora General de la Universidad de Guadalajara (UdeG), invit\u00f3 a cuidar a los libros, el poder de la palabra y los espacios de promoci\u00f3n de la lectura ante la barbarie y los discursos intolerantes que asolan a diversas partes del mundo.<\/p><p><a class=\"more-link btn\" href=\"https:\/\/lamendigapolitica.com\/?p=81952\">Seguir leyendo<\/a><\/p>\n","protected":false},"author":1,"featured_media":0,"comment_status":"open","ping_status":"closed","sticky":false,"template":"","format":"standard","meta":{"footnotes":""},"categories":[5],"tags":[],"class_list":["post-81952","post","type-post","status-publish","format-standard","hentry","category-partidos","item-wrap"],"_links":{"self":[{"href":"https:\/\/lamendigapolitica.com\/index.php?rest_route=\/wp\/v2\/posts\/81952","targetHints":{"allow":["GET"]}}],"collection":[{"href":"https:\/\/lamendigapolitica.com\/index.php?rest_route=\/wp\/v2\/posts"}],"about":[{"href":"https:\/\/lamendigapolitica.com\/index.php?rest_route=\/wp\/v2\/types\/post"}],"author":[{"embeddable":true,"href":"https:\/\/lamendigapolitica.com\/index.php?rest_route=\/wp\/v2\/users\/1"}],"replies":[{"embeddable":true,"href":"https:\/\/lamendigapolitica.com\/index.php?rest_route=%2Fwp%2Fv2%2Fcomments&post=81952"}],"version-history":[{"count":1,"href":"https:\/\/lamendigapolitica.com\/index.php?rest_route=\/wp\/v2\/posts\/81952\/revisions"}],"predecessor-version":[{"id":81954,"href":"https:\/\/lamendigapolitica.com\/index.php?rest_route=\/wp\/v2\/posts\/81952\/revisions\/81954"}],"wp:attachment":[{"href":"https:\/\/lamendigapolitica.com\/index.php?rest_route=%2Fwp%2Fv2%2Fmedia&parent=81952"}],"wp:term":[{"taxonomy":"category","embeddable":true,"href":"https:\/\/lamendigapolitica.com\/index.php?rest_route=%2Fwp%2Fv2%2Fcategories&post=81952"},{"taxonomy":"post_tag","embeddable":true,"href":"https:\/\/lamendigapolitica.com\/index.php?rest_route=%2Fwp%2Fv2%2Ftags&post=81952"}],"curies":[{"name":"wp","href":"https:\/\/api.w.org\/{rel}","templated":true}]}}