{"id":81944,"date":"2025-11-28T20:37:59","date_gmt":"2025-11-29T02:37:59","guid":{"rendered":"https:\/\/lamendigapolitica.com\/?p=81944"},"modified":"2025-11-29T20:46:00","modified_gmt":"2025-11-30T02:46:00","slug":"creatividad-editorial-y-digital-catalana-se-exhibe-en-el-musa","status":"publish","type":"post","link":"https:\/\/lamendigapolitica.com\/?p=81944","title":{"rendered":"Creatividad editorial y digital catalana se exhibe en el MUSA"},"content":{"rendered":"<p><img loading=\"lazy\" decoding=\"async\" class=\"aligncenter size-full wp-image-81945\" src=\"https:\/\/lamendigapolitica.com\/wp-content\/uploads\/2025\/11\/Captura-de-pantalla-2025-11-29-a-las-20.45.01.png\" alt=\"\" width=\"624\" height=\"422\" srcset=\"https:\/\/lamendigapolitica.com\/wp-content\/uploads\/2025\/11\/Captura-de-pantalla-2025-11-29-a-las-20.45.01.png 624w, https:\/\/lamendigapolitica.com\/wp-content\/uploads\/2025\/11\/Captura-de-pantalla-2025-11-29-a-las-20.45.01-300x203.png 300w, https:\/\/lamendigapolitica.com\/wp-content\/uploads\/2025\/11\/Captura-de-pantalla-2025-11-29-a-las-20.45.01-555x375.png 555w\" sizes=\"auto, (max-width: 624px) 100vw, 624px\" \/><\/p>\n<p>&nbsp;<\/p>\n<p>A prop\u00f3sito de que Barcelona es invitada de honor en la FIL 2025, se presentan las muestras \u201cLos libros de Barcelona\u201d y \u201cEspacio on\u00edrico\u201d, del 29 de noviembre al 1 de marzo<\/p>\n<p>El dise\u00f1o editorial de libros y la proyecci\u00f3n de videomapas inmersivos son los emblemas creativos que la delegaci\u00f3n de Barcelona presenta en el Museo de las Artes de la Universidad de Guadalajara (MUSA), a prop\u00f3sito de ser la ciudad Invitada de Honor de la Feria Internacional del Libro de Guadalajara (FIL) 2025.<!--more--><\/p>\n<p>Antes del arranque del encuentro literario m\u00e1s importante de habla hispana, este viernes por la noche se presentaron las muestras Los libros de Barcelona. Dise\u00f1o y edici\u00f3n y Espacio on\u00edrico. Un viaje inmersivo por la creatividad digital de Catalu\u00f1a.<\/p>\n<p>&nbsp;<\/p>\n<p>La primera exposici\u00f3n hace un recorrido por la evoluci\u00f3n hist\u00f3rica del proceso de producci\u00f3n editorial y las corrientes de dise\u00f1o de libros; mientras que la segunda es una sala con visuales que dan cuenta del talento para la producci\u00f3n audiovisual y que invita a los visitantes a reflexionar sobre diversas tem\u00e1ticas.<\/p>\n<p>&nbsp;<\/p>\n<p>\u201cEstas dos extraordinarias exposiciones visten esta edici\u00f3n de la FIL, con la presencia del invitado de honor, que adem\u00e1s estar\u00e1 tres meses para el p\u00fablico en general\u201d, expres\u00f3 la Coordinadora General de Extensi\u00f3n y Difusi\u00f3n Cultural de la UdeG, Daniela Yoffe.<\/p>\n<p>&nbsp;<\/p>\n<p>A\u00f1adi\u00f3 que la exposici\u00f3n de Los libros de Barcelona consta de 300 libros que muestran el arte del libro como objeto y que dan cuenta de que la producci\u00f3n de dicha ciudad del Mediterr\u00e1neo es de las m\u00e1s importantes en Espa\u00f1a y Europa. \u201cEsta muestra permite construir este puente de intercambio de ida y vuelta de Barcelona con M\u00e9xico, y en este caso con Guadalajara\u201d.<\/p>\n<p>&nbsp;<\/p>\n<p>En la ceremonia inauguraci\u00f3n estuvo el Alcalde de Barcelona, Jaume Collboni, quien inform\u00f3 que \u201cestas dos muestras caracteriza mucho a la ciudad de Barcelona. Una es sobre la edici\u00f3n con la tradici\u00f3n del dise\u00f1o, de 300 libros del fondo propio del museo Disseny Hub de Barcelona. Es la primera vez que salen tantos libros del museo y de la ciudad\u201d.<\/p>\n<p>&nbsp;<\/p>\n<p>Apunt\u00f3 que el ejemplar m\u00e1s antiguo de la exposici\u00f3n es de los a\u00f1os 1600, y que \u00e9sta tiene que ver con la vocaci\u00f3n del dise\u00f1o barcelon\u00e9s, pues en la ciudad, dijo, hay m\u00e1s de 25 escuelas que forman a profesionales de la comunicaci\u00f3n gr\u00e1fica.<\/p>\n<p>&nbsp;<\/p>\n<p>Ana Guitart, encargada del Comit\u00e9 del Programa Cultural de Barcelona, mencion\u00f3 que la muestra Espacio on\u00edrico se expone la creatividad digital de la ciudad y que es una producci\u00f3n del de la Direcci\u00f3n General de Innovaci\u00f3n y Cultura Digital del Departamento de Cultura de la Generalitat de Catalu\u00f1a, de la mano de seis artistas y estudios catalanes: Blit, Desilence, Eyesberg, Masso, Onionlab y Sevi Iko D\u00f8mochevsk.<\/p>\n<p>&nbsp;<\/p>\n<p>El Presidente de la FIL, maestro Jose Trinidad Padilla L\u00f3pez, destac\u00f3 el v\u00ednculo profundo que hermana Barcelona con Guadalajara, y a la par inaugur\u00f3 oficialmente ambas muestras que estar\u00e1n expuestas hasta el 1 de marzo de 2026.<\/p>\n<p>&nbsp;<\/p>\n<p>En la inauguraci\u00f3n tambi\u00e9n estuvo presente el Director del MUSA, Mois\u00e9s Schiaffino; la Directora General de la FIL, Marisol Schulz Manaut, y el Concejal del Instituto de Cultura de Barcelona, Xavier Marc\u00e9 Carol.<\/p>\n<p>&nbsp;<\/p>\n<p>Un recorrido por la historia del dise\u00f1o editorial desde Catalu\u00f1a<\/p>\n<p>En la planta baja del MUSA, tres salas tienen sus paredes pintadas de azul cian, amarillo y magenta, tres de los colores fundamentales para la imprenta. Ah\u00ed se muestran libros y artefactos para crear libros en Barcelona del siglo XVII a la fecha.<\/p>\n<p>&nbsp;<\/p>\n<p>Se trata de la exposici\u00f3n Los libros de Barcelona. Dise\u00f1o y edici\u00f3n, que cuenta la historia y la actualidad en torno al dise\u00f1o editorial mediante ejemplares que lucen portadas de autores como Domenech Montaner y Alexander de Riquer, as\u00ed como la tipograf\u00eda de Eudald Canibell; as\u00ed como dise\u00f1os de Erwin Bechtold, Eugenia Vidal y Toni Miserachs; al igual que la presencia de Josep Mar\u00eda Mir, Jordi Dur\u00f3, Carles Murillo, Astrid Stavro y Javier Ja\u00e9n.<\/p>\n<p>&nbsp;<\/p>\n<p>El curador de la muestra, Enric Jard\u00ed, quien trabaja en el museo Disseny Hub, explica que el dise\u00f1o de libros tiene su magia, pues se extiende en sus hojas, tipograf\u00eda y portada. Todo con un prop\u00f3sito:<\/p>\n<p>&nbsp;<\/p>\n<p>\u201cNo es que se muestre qu\u00e9 ocurre en el libro, que es lo que muchas veces la gente piensa: que tienes que explicar el argumento de la de la novela, pero eso no tiene ning\u00fan sentido\u201d.<\/p>\n<p>&nbsp;<\/p>\n<p>\u201cPorque no tienes por qu\u00e9 explicarlo, tienes que hacer algo que sugiera; no es hacer algo que no tenga nada que ver, sino que tiene que tener relaci\u00f3n y que sea agradable. Pero sobre todo que te deje esta sensaci\u00f3n de que cuando has le\u00eddo el libro te guste tenerlo, te guste retenerlo y te guste tenerlo ah\u00ed\u201d, expres\u00f3.<\/p>\n<p>&nbsp;<\/p>\n<p>Recalc\u00f3 que los visitantes podr\u00e1n conectar con t\u00edtulos y dise\u00f1os que refieren a la esencia creativa de la Ciudad Condal, Barcelona, por lo que el p\u00fablico tapat\u00edo podr\u00e1 asomarse a una ventana del ecosistema creativo de dicha ciudad espa\u00f1ola.<\/p>\n<p>&nbsp;<\/p>\n","protected":false},"excerpt":{"rendered":"<p>&nbsp; A prop\u00f3sito de que Barcelona es invitada de honor en la FIL 2025, se presentan las muestras \u201cLos libros de Barcelona\u201d y \u201cEspacio on\u00edrico\u201d, del 29 de noviembre al 1 de marzo El dise\u00f1o editorial de libros y la proyecci\u00f3n de videomapas inmersivos son los emblemas creativos que la delegaci\u00f3n de Barcelona presenta en &hellip; <\/p>\n<p><a class=\"more-link btn\" href=\"https:\/\/lamendigapolitica.com\/?p=81944\">Seguir leyendo<\/a><\/p>\n","protected":false},"author":1,"featured_media":0,"comment_status":"open","ping_status":"closed","sticky":false,"template":"","format":"standard","meta":{"footnotes":""},"categories":[5],"tags":[],"class_list":["post-81944","post","type-post","status-publish","format-standard","hentry","category-partidos","item-wrap"],"_links":{"self":[{"href":"https:\/\/lamendigapolitica.com\/index.php?rest_route=\/wp\/v2\/posts\/81944","targetHints":{"allow":["GET"]}}],"collection":[{"href":"https:\/\/lamendigapolitica.com\/index.php?rest_route=\/wp\/v2\/posts"}],"about":[{"href":"https:\/\/lamendigapolitica.com\/index.php?rest_route=\/wp\/v2\/types\/post"}],"author":[{"embeddable":true,"href":"https:\/\/lamendigapolitica.com\/index.php?rest_route=\/wp\/v2\/users\/1"}],"replies":[{"embeddable":true,"href":"https:\/\/lamendigapolitica.com\/index.php?rest_route=%2Fwp%2Fv2%2Fcomments&post=81944"}],"version-history":[{"count":1,"href":"https:\/\/lamendigapolitica.com\/index.php?rest_route=\/wp\/v2\/posts\/81944\/revisions"}],"predecessor-version":[{"id":81946,"href":"https:\/\/lamendigapolitica.com\/index.php?rest_route=\/wp\/v2\/posts\/81944\/revisions\/81946"}],"wp:attachment":[{"href":"https:\/\/lamendigapolitica.com\/index.php?rest_route=%2Fwp%2Fv2%2Fmedia&parent=81944"}],"wp:term":[{"taxonomy":"category","embeddable":true,"href":"https:\/\/lamendigapolitica.com\/index.php?rest_route=%2Fwp%2Fv2%2Fcategories&post=81944"},{"taxonomy":"post_tag","embeddable":true,"href":"https:\/\/lamendigapolitica.com\/index.php?rest_route=%2Fwp%2Fv2%2Ftags&post=81944"}],"curies":[{"name":"wp","href":"https:\/\/api.w.org\/{rel}","templated":true}]}}