{"id":81943,"date":"2025-11-29T20:59:21","date_gmt":"2025-11-30T02:59:21","guid":{"rendered":"https:\/\/lamendigapolitica.com\/?p=81943"},"modified":"2025-11-29T20:59:21","modified_gmt":"2025-11-30T02:59:21","slug":"gobierno-de-mexico-reconoce-a-la-fil-con-certificado-hecho-en-mexico","status":"publish","type":"post","link":"https:\/\/lamendigapolitica.com\/?p=81943","title":{"rendered":"Gobierno de M\u00e9xico reconoce a la FIL con certificado \u201cHecho en M\u00e9xico\u201d"},"content":{"rendered":"<p><img loading=\"lazy\" decoding=\"async\" class=\"aligncenter size-large wp-image-81950\" src=\"https:\/\/lamendigapolitica.com\/wp-content\/uploads\/2025\/11\/Captura-de-pantalla-2025-11-29-a-las-20.58.43-1024x670.png\" alt=\"\" width=\"555\" height=\"363\" srcset=\"https:\/\/lamendigapolitica.com\/wp-content\/uploads\/2025\/11\/Captura-de-pantalla-2025-11-29-a-las-20.58.43-1024x670.png 1024w, https:\/\/lamendigapolitica.com\/wp-content\/uploads\/2025\/11\/Captura-de-pantalla-2025-11-29-a-las-20.58.43-300x196.png 300w, https:\/\/lamendigapolitica.com\/wp-content\/uploads\/2025\/11\/Captura-de-pantalla-2025-11-29-a-las-20.58.43-768x502.png 768w, https:\/\/lamendigapolitica.com\/wp-content\/uploads\/2025\/11\/Captura-de-pantalla-2025-11-29-a-las-20.58.43-555x363.png 555w, https:\/\/lamendigapolitica.com\/wp-content\/uploads\/2025\/11\/Captura-de-pantalla-2025-11-29-a-las-20.58.43.png 1144w\" sizes=\"auto, (max-width: 555px) 100vw, 555px\" \/><\/p>\n<p>Esta distinci\u00f3n reconoce la excelencia y el compromiso por convertirse en un referente internacional, y le fue entregado a autoridades del encuentro literario y la UdeG<\/p>\n<p>Durante la ceremonia de inauguraci\u00f3n de la edici\u00f3n 39 de la Feria Internacional del Libro de Guadalajara (FIL), este encuentro literario fue reconocido por el gobierno federal por su importancia cultural y por el compromiso que lo ha llevado a ser un referente internacional, con el certificado \u201cHecho en M\u00e9xico\u201d.<!--more--><\/p>\n<p>Esta distinci\u00f3n fue entregada por el Secretario de Econom\u00eda de M\u00e9xico, Marcelo Ebrard Casaub\u00f3n, en representaci\u00f3n de la Presidenta Claudia Sheinbaum Pardo, a la Rectora General de la Universidad de Guadalajara (UdeG), maestra Karla Planter P\u00e9rez; el Presidente de la FIL, maestro Trinidad Padilla L\u00f3pez y a la Directora de la feria, maestra Marisol Schulz Manaut.<\/p>\n<p>\u201cLa Feria Internacional del Libro, su esfuerzo de perseverancia, excelencia, compromiso y capacidad, que ha llevado a convertir a esta feria en una de las m\u00e1s grandes del mundo. Hecha en M\u00e9xico, y creada para todo el mundo al mismo tiempo\u201d, recalc\u00f3 Ebrard Casaub\u00f3n en el auditorio Juan Rulfo de Expo Guadalajara.<\/p>\n<p>Record\u00f3 que desde 1987 la FIL est\u00e1 vinculada con la idea de la libertad y el universalismo, que siguen vigentes hasta hoy, en su edici\u00f3n n\u00famero 39.<\/p>\n<p>Destac\u00f3 asimismo que se trata de un reconocimiento que se entrega a \u201cun gran evento cultural de libertad, en un mundo donde la barbarie se asoma todos los d\u00edas, en un mundo donde hay quien pone en peligro nuestras libertades\u201d.<\/p>\n<p>\u201cQu\u00e9 maravilla que tengamos a la FIL; es un gran activo, es un gran espacio para todo el mundo. Que viva la libertad y la democracia, que viva el futuro de todas y de todos\u201d, expres\u00f3 Ebrard Casaub\u00f3n.<\/p>\n<p>La Rectora General destac\u00f3 que la FIL es un espacio abierto a la pluralidad, donde ocurre \u201cel intercambio de ideas. Cuid\u00e9mosla, y no permitamos que la intolerancia y la cerraz\u00f3n amenacen a la palabra y supriman la posibilidad del di\u00e1logo en libertad\u201d, subray\u00f3.<\/p>\n","protected":false},"excerpt":{"rendered":"<p>Esta distinci\u00f3n reconoce la excelencia y el compromiso por convertirse en un referente internacional, y le fue entregado a autoridades del encuentro literario y la UdeG Durante la ceremonia de inauguraci\u00f3n de la edici\u00f3n 39 de la Feria Internacional del Libro de Guadalajara (FIL), este encuentro literario fue reconocido por el gobierno federal por su &hellip; <\/p>\n<p><a class=\"more-link btn\" href=\"https:\/\/lamendigapolitica.com\/?p=81943\">Seguir leyendo<\/a><\/p>\n","protected":false},"author":1,"featured_media":0,"comment_status":"open","ping_status":"closed","sticky":false,"template":"","format":"standard","meta":{"footnotes":""},"categories":[5],"tags":[],"class_list":["post-81943","post","type-post","status-publish","format-standard","hentry","category-partidos","item-wrap"],"_links":{"self":[{"href":"https:\/\/lamendigapolitica.com\/index.php?rest_route=\/wp\/v2\/posts\/81943","targetHints":{"allow":["GET"]}}],"collection":[{"href":"https:\/\/lamendigapolitica.com\/index.php?rest_route=\/wp\/v2\/posts"}],"about":[{"href":"https:\/\/lamendigapolitica.com\/index.php?rest_route=\/wp\/v2\/types\/post"}],"author":[{"embeddable":true,"href":"https:\/\/lamendigapolitica.com\/index.php?rest_route=\/wp\/v2\/users\/1"}],"replies":[{"embeddable":true,"href":"https:\/\/lamendigapolitica.com\/index.php?rest_route=%2Fwp%2Fv2%2Fcomments&post=81943"}],"version-history":[{"count":1,"href":"https:\/\/lamendigapolitica.com\/index.php?rest_route=\/wp\/v2\/posts\/81943\/revisions"}],"predecessor-version":[{"id":81951,"href":"https:\/\/lamendigapolitica.com\/index.php?rest_route=\/wp\/v2\/posts\/81943\/revisions\/81951"}],"wp:attachment":[{"href":"https:\/\/lamendigapolitica.com\/index.php?rest_route=%2Fwp%2Fv2%2Fmedia&parent=81943"}],"wp:term":[{"taxonomy":"category","embeddable":true,"href":"https:\/\/lamendigapolitica.com\/index.php?rest_route=%2Fwp%2Fv2%2Fcategories&post=81943"},{"taxonomy":"post_tag","embeddable":true,"href":"https:\/\/lamendigapolitica.com\/index.php?rest_route=%2Fwp%2Fv2%2Ftags&post=81943"}],"curies":[{"name":"wp","href":"https:\/\/api.w.org\/{rel}","templated":true}]}}