{"id":81941,"date":"2025-11-27T22:29:47","date_gmt":"2025-11-28T04:29:47","guid":{"rendered":"https:\/\/lamendigapolitica.com\/?p=81941"},"modified":"2025-11-27T22:42:30","modified_gmt":"2025-11-28T04:42:30","slug":"presenta-pablo-lemus-navarro-gobernador-de-jalisco-a-claudia-sheinbaum-pardo-presidenta-de-mexico-avances-de-legado-social-rumbo-al-mundial-2026","status":"publish","type":"post","link":"https:\/\/lamendigapolitica.com\/?p=81941","title":{"rendered":"Presenta Pablo Lemus Navarro, Gobernador de Jalisco, a Claudia Sheinbaum Pardo, Presidenta de M\u00e9xico, avances de legado social rumbo al Mundial 2026"},"content":{"rendered":"<p><img loading=\"lazy\" decoding=\"async\" class=\"aligncenter size-full wp-image-81939\" src=\"https:\/\/lamendigapolitica.com\/wp-content\/uploads\/2025\/11\/54948939727_e1e27c9b50_c.jpg\" alt=\"\" width=\"799\" height=\"533\" srcset=\"https:\/\/lamendigapolitica.com\/wp-content\/uploads\/2025\/11\/54948939727_e1e27c9b50_c.jpg 799w, https:\/\/lamendigapolitica.com\/wp-content\/uploads\/2025\/11\/54948939727_e1e27c9b50_c-300x200.jpg 300w, https:\/\/lamendigapolitica.com\/wp-content\/uploads\/2025\/11\/54948939727_e1e27c9b50_c-768x512.jpg 768w, https:\/\/lamendigapolitica.com\/wp-content\/uploads\/2025\/11\/54948939727_e1e27c9b50_c-555x370.jpg 555w\" sizes=\"auto, (max-width: 799px) 100vw, 799px\" \/><\/p>\n<p>En la conferencia matutina realizada en Palacio Nacional, Pablo Lemus Navarro, comparti\u00f3 la presentaci\u00f3n con sus hom\u00f3logos Clara Brugada y Samuel Garc\u00eda, titulares de entidades sedes mundialistas<\/p>\n<p>Jalisco ser\u00e1 la sede mundialista m\u00e1s mexicana, con una estrategia s\u00f3lida de legado social que quedar\u00e1 para la entidad, con acciones en infraestructura, transporte p\u00fablico, oferta tur\u00edstica y cultural, entre otras<\/p>\n<p>Claudia Sheinbaum Pardo, Presidenta de M\u00e9xico, se\u00f1al\u00f3 que que el Gobierno Federal destinar\u00e1 entre mil 500 y 2 mil millones de pesos para obras de movilidad en Jalisco, Ciudad de M\u00e9xico y Nuevo Le\u00f3n<!--more--><\/p>\n<p>Con base en un plan al estilo Jalisco que integra acciones en rubros como turismo, infraestructura y transporte p\u00fablico, que ser\u00e1n un legado social para la entidad, Pablo Lemus Navarro, Gobernador del Estado, present\u00f3 ante Claudia Sheinbaum Pardo, Presidenta de M\u00e9xico, los avances de la sede m\u00e1s mexicana para el Mundial 2026.<\/p>\n<p>El Gobernador comparti\u00f3 durante la Conferencia del Pueblo los proyectos para Jalisco, en compa\u00f1\u00eda de Clara Brugada Molina, Jefa de Gobierno de la Ciudad de M\u00e9xico; Samuel Garc\u00eda Sep\u00falveda, Gobernador de Nuevo Le\u00f3n; y Gabriela Cuevas, como representante de M\u00e9xico para el Mundial 2026.<\/p>\n<p>\u201cJalisco ser\u00e1, por tercera ocasi\u00f3n en la historia, sede mundialista: 1970, 1986, 2026. Todos sabemos que muchos de los s\u00edmbolos que distinguen a M\u00e9xico en el mundo, son s\u00edmbolos de Jalisco. El tequila, el mariachi, la charrer\u00eda, por eso nos hemos propuesto ser la sede m\u00e1s mexicana\u201d, afirm\u00f3 el mandatario jalisciense.<\/p>\n<p>Lemus Navarro explic\u00f3 que se trabaja en los preparativos para vivir la fiesta para los dos juegos de repechaje en marzo de 2026 y cuatro juegos mundialistas que se disputar\u00e1n el 11, 18 23 y 26 de junio; el segundo partido ser\u00e1 en el que juegue la Selecci\u00f3n Mexicana.<\/p>\n<p>Jalisco albergar\u00e1 tres sedes de entrenamiento en el Estadio Jalisco, la Academia Atlas y en Verde Valle, adem\u00e1s de un Centro de Voluntarios.<\/p>\n<p>Se estima recibir entre 2.5 y 3 millones de visitantes durante los 39 d\u00edas de actividad, por lo que se consolid\u00f3 una oferta hotelera de 90 mil habitaciones disponibles.<\/p>\n<p>El Gobernador de Jalisco destac\u00f3 las acciones de remodelaci\u00f3n que se llevan a cabo en el Aeropuerto Internacional de Guadalajara, el mejor de Am\u00e9rica Latina, y el incremento en sus rutas a\u00e9reas, principalmente a las sedes hermanas como Estado Unidos de Am\u00e9rica y Canad\u00e1.<\/p>\n<p>En lo que respecta al transporte p\u00fablico en el \u00c1rea Metropolitana de Guadalajara (AMG), anunci\u00f3 el arranque de operaciones de la L\u00ednea 4 a partir del 15 de diciembre, que unir\u00e1 a Tlajomulco de Z\u00fa\u00f1iga con Guadalajara.<\/p>\n<p>El Estado consolida un nuevo modelo de electromovilidad con la L\u00ednea 5 del transporte p\u00fablico, que tendr\u00e1 conexi\u00f3n con los sistemas de Mi Macro Perif\u00e9rico y Mi Macro Calzada, as\u00ed como las L\u00edneas 1, 3 y 4 de Mi Tren.<br \/>\nLemus Navarro agreg\u00f3 que avanzan las obras de intervenci\u00f3n en la Carretera a Chapala, el principal acceso a la ciudad, las cuales se cumplen en tiempo y forma.<\/p>\n","protected":false},"excerpt":{"rendered":"<p>En la conferencia matutina realizada en Palacio Nacional, Pablo Lemus Navarro, comparti\u00f3 la presentaci\u00f3n con sus hom\u00f3logos Clara Brugada y Samuel Garc\u00eda, titulares de entidades sedes mundialistas Jalisco ser\u00e1 la sede mundialista m\u00e1s mexicana, con una estrategia s\u00f3lida de legado social que quedar\u00e1 para la entidad, con acciones en infraestructura, transporte p\u00fablico, oferta tur\u00edstica y &hellip; <\/p>\n<p><a class=\"more-link btn\" href=\"https:\/\/lamendigapolitica.com\/?p=81941\">Seguir leyendo<\/a><\/p>\n","protected":false},"author":1,"featured_media":0,"comment_status":"open","ping_status":"closed","sticky":false,"template":"","format":"standard","meta":{"footnotes":""},"categories":[5],"tags":[],"class_list":["post-81941","post","type-post","status-publish","format-standard","hentry","category-partidos","item-wrap"],"_links":{"self":[{"href":"https:\/\/lamendigapolitica.com\/index.php?rest_route=\/wp\/v2\/posts\/81941","targetHints":{"allow":["GET"]}}],"collection":[{"href":"https:\/\/lamendigapolitica.com\/index.php?rest_route=\/wp\/v2\/posts"}],"about":[{"href":"https:\/\/lamendigapolitica.com\/index.php?rest_route=\/wp\/v2\/types\/post"}],"author":[{"embeddable":true,"href":"https:\/\/lamendigapolitica.com\/index.php?rest_route=\/wp\/v2\/users\/1"}],"replies":[{"embeddable":true,"href":"https:\/\/lamendigapolitica.com\/index.php?rest_route=%2Fwp%2Fv2%2Fcomments&post=81941"}],"version-history":[{"count":1,"href":"https:\/\/lamendigapolitica.com\/index.php?rest_route=\/wp\/v2\/posts\/81941\/revisions"}],"predecessor-version":[{"id":81942,"href":"https:\/\/lamendigapolitica.com\/index.php?rest_route=\/wp\/v2\/posts\/81941\/revisions\/81942"}],"wp:attachment":[{"href":"https:\/\/lamendigapolitica.com\/index.php?rest_route=%2Fwp%2Fv2%2Fmedia&parent=81941"}],"wp:term":[{"taxonomy":"category","embeddable":true,"href":"https:\/\/lamendigapolitica.com\/index.php?rest_route=%2Fwp%2Fv2%2Fcategories&post=81941"},{"taxonomy":"post_tag","embeddable":true,"href":"https:\/\/lamendigapolitica.com\/index.php?rest_route=%2Fwp%2Fv2%2Ftags&post=81941"}],"curies":[{"name":"wp","href":"https:\/\/api.w.org\/{rel}","templated":true}]}}