{"id":81935,"date":"2025-11-26T21:39:10","date_gmt":"2025-11-27T03:39:10","guid":{"rendered":"https:\/\/lamendigapolitica.com\/?p=81935"},"modified":"2025-11-30T19:33:56","modified_gmt":"2025-12-01T01:33:56","slug":"el-rugido-de-los-leones-negros-resonara-en-la-fil","status":"publish","type":"post","link":"https:\/\/lamendigapolitica.com\/?p=81935","title":{"rendered":"El rugido de los Leones Negros resonar\u00e1 en la FIL"},"content":{"rendered":"<p><img loading=\"lazy\" decoding=\"async\" class=\"aligncenter size-full wp-image-81936\" src=\"https:\/\/lamendigapolitica.com\/wp-content\/uploads\/2025\/11\/Captura-de-pantalla-2025-11-27-a-las-22.14.45.png\" alt=\"\" width=\"1328\" height=\"681\" srcset=\"https:\/\/lamendigapolitica.com\/wp-content\/uploads\/2025\/11\/Captura-de-pantalla-2025-11-27-a-las-22.14.45.png 1328w, https:\/\/lamendigapolitica.com\/wp-content\/uploads\/2025\/11\/Captura-de-pantalla-2025-11-27-a-las-22.14.45-300x154.png 300w, https:\/\/lamendigapolitica.com\/wp-content\/uploads\/2025\/11\/Captura-de-pantalla-2025-11-27-a-las-22.14.45-1024x525.png 1024w, https:\/\/lamendigapolitica.com\/wp-content\/uploads\/2025\/11\/Captura-de-pantalla-2025-11-27-a-las-22.14.45-768x394.png 768w, https:\/\/lamendigapolitica.com\/wp-content\/uploads\/2025\/11\/Captura-de-pantalla-2025-11-27-a-las-22.14.45-555x285.png 555w\" sizes=\"auto, (max-width: 1328px) 100vw, 1328px\" \/><\/p>\n<p>&nbsp;<\/p>\n<p>Exjugadores, entrenadores y autoridades universitarias participar\u00e1n en di\u00e1logos que destacar\u00e1n la trascendencia del equipo en la UdeG<\/p>\n<p>El Sindicato de Trabajadores Acad\u00e9micos de la Universidad de Guadalajara (STAUdeG), en coordinaci\u00f3n con la asociaci\u00f3n Leones por Siempre, participar\u00e1n en la Feria Internacional del Libro de Guadalajara 2025 (FIL) con la organizaci\u00f3n de conversatorios y foros que celebrar\u00e1n la historia, identidad y legado del equipo universitario, y en los que participar\u00e1n exjugadores, entrenadores, directivos y autoridades universitarias.<!--more--><\/p>\n<p>En rueda de prensa, la Secretaria General del STAUdeG, maestra Natalia Ju\u00e1rez Miranda, dijo que esta alianza surge gracias a todo lo que los Leones Negros han otorgado a la universidad en materia de identidad.<\/p>\n<p>\u201cNos dieron a\u00f1os de historia, de entrega, de pasi\u00f3n por el futbol que ya es parte de nuestra cotidianidad. A los personajes que crearon esta gran leyenda de los Leones Negros tenemos que agradecerles por eso\u201d, dijo.<\/p>\n<p>&nbsp;<\/p>\n<p>Estos espacios son importantes para mantener estos sentimientos y agradecer la historia gestada por quienes han integrado el equipo universitario, a\u00f1adi\u00f3.<\/p>\n<p>&nbsp;<\/p>\n<p>El exjugador de Leones Negros, Jorge \u201cVikingo\u201d D\u00e1valos, Presidente de la asociaci\u00f3n Leones por Siempre, dijo que tendr\u00e1n diversas actividades con la participaci\u00f3n de quienes fueron parte del crecimiento y desarrollo del futbol en la instituci\u00f3n.<\/p>\n<p>&nbsp;<\/p>\n<p>\u201cEl d\u00eda domingo 30 de noviembre tendremos la primera actividad, donde hablaremos de los or\u00edgenes y los aportes que ha tenido el equipo para el futbol de M\u00e9xico. Para el martes 2 de diciembre ser\u00e1 el Foro FIL: &#8216;Leones Negros, pasado y presente&#8217;, al que est\u00e1 invitada la Rectora General de la UdeG, Karla Planter P\u00e9rez, para que sea la madrina de la asociaci\u00f3n\u201d, inform\u00f3.<\/p>\n<p>&nbsp;<\/p>\n<p>Belarmino de Almeida Junior, exjugador de Leones Negros y quien se mantiene activo como captador de talentos en Brasil, dijo sentirse contento por su participaci\u00f3n en estas actividades.<\/p>\n<p>&nbsp;<\/p>\n<p>\u201cMe da gusto estar aqu\u00ed con los amigos con los que jugu\u00e9 y encontrarme tambi\u00e9n con quienes son amigos de muchos a\u00f1os. Me gusta Guadalajara porque viv\u00ed 12 a\u00f1os aqu\u00ed, es mi casa\u201d, indic\u00f3.<\/p>\n<p>&nbsp;<\/p>\n<p>Las actividades:<\/p>\n<p>&nbsp;<\/p>\n<p>Conversatorio \u201cEl origen de Leones Negros\u201d<\/p>\n<p>Domingo 30 de noviembre<br \/>\n12:00 horas<br \/>\nExpo Guadalajara, Stand H24<\/p>\n<p>Foro FIL: \u201cLeones Negros, pasado y presente\u201d<\/p>\n<p>Martes 2 de diciembre<br \/>\n09:20 horas<br \/>\nExpo Guadalajara, Auditorio Juan Rulfo<\/p>\n<p>Conversatorio \u201cCachirules 1989\u201d<\/p>\n<p>Jueves 4 de diciembre<br \/>\n12:00 horas<br \/>\nExpo Guadalajara, Stand H24<\/p>\n<p>Conversatorio \u201cLa Universidad de Guadalajara en la vida del futbolista\u201d<\/p>\n<p>Domingo 7 de diciembre<br \/>\n12:00 horas<br \/>\nExpo Guadalajara, Stand H24<\/p>\n","protected":false},"excerpt":{"rendered":"<p>&nbsp; Exjugadores, entrenadores y autoridades universitarias participar\u00e1n en di\u00e1logos que destacar\u00e1n la trascendencia del equipo en la UdeG El Sindicato de Trabajadores Acad\u00e9micos de la Universidad de Guadalajara (STAUdeG), en coordinaci\u00f3n con la asociaci\u00f3n Leones por Siempre, participar\u00e1n en la Feria Internacional del Libro de Guadalajara 2025 (FIL) con la organizaci\u00f3n de conversatorios y foros &hellip; <\/p>\n<p><a class=\"more-link btn\" href=\"https:\/\/lamendigapolitica.com\/?p=81935\">Seguir leyendo<\/a><\/p>\n","protected":false},"author":1,"featured_media":0,"comment_status":"open","ping_status":"closed","sticky":false,"template":"","format":"standard","meta":{"footnotes":""},"categories":[5],"tags":[],"class_list":["post-81935","post","type-post","status-publish","format-standard","hentry","category-partidos","item-wrap"],"_links":{"self":[{"href":"https:\/\/lamendigapolitica.com\/index.php?rest_route=\/wp\/v2\/posts\/81935","targetHints":{"allow":["GET"]}}],"collection":[{"href":"https:\/\/lamendigapolitica.com\/index.php?rest_route=\/wp\/v2\/posts"}],"about":[{"href":"https:\/\/lamendigapolitica.com\/index.php?rest_route=\/wp\/v2\/types\/post"}],"author":[{"embeddable":true,"href":"https:\/\/lamendigapolitica.com\/index.php?rest_route=\/wp\/v2\/users\/1"}],"replies":[{"embeddable":true,"href":"https:\/\/lamendigapolitica.com\/index.php?rest_route=%2Fwp%2Fv2%2Fcomments&post=81935"}],"version-history":[{"count":2,"href":"https:\/\/lamendigapolitica.com\/index.php?rest_route=\/wp\/v2\/posts\/81935\/revisions"}],"predecessor-version":[{"id":81987,"href":"https:\/\/lamendigapolitica.com\/index.php?rest_route=\/wp\/v2\/posts\/81935\/revisions\/81987"}],"wp:attachment":[{"href":"https:\/\/lamendigapolitica.com\/index.php?rest_route=%2Fwp%2Fv2%2Fmedia&parent=81935"}],"wp:term":[{"taxonomy":"category","embeddable":true,"href":"https:\/\/lamendigapolitica.com\/index.php?rest_route=%2Fwp%2Fv2%2Fcategories&post=81935"},{"taxonomy":"post_tag","embeddable":true,"href":"https:\/\/lamendigapolitica.com\/index.php?rest_route=%2Fwp%2Fv2%2Ftags&post=81935"}],"curies":[{"name":"wp","href":"https:\/\/api.w.org\/{rel}","templated":true}]}}