{"id":81921,"date":"2025-11-22T19:49:57","date_gmt":"2025-11-23T01:49:57","guid":{"rendered":"https:\/\/lamendigapolitica.com\/?p=81921"},"modified":"2025-11-22T19:49:57","modified_gmt":"2025-11-23T01:49:57","slug":"enrique-alfaro-debuta-en-el-futbol-europeo","status":"publish","type":"post","link":"https:\/\/lamendigapolitica.com\/?p=81921","title":{"rendered":"Enrique Alfaro debuta en el futbol europeo"},"content":{"rendered":"<p><img loading=\"lazy\" decoding=\"async\" class=\"aligncenter size-full wp-image-81922\" src=\"https:\/\/lamendigapolitica.com\/wp-content\/uploads\/2025\/11\/alfaro-en-el-real-valladolid-4f0c77d3-focus-0-0-696-464.jpeg\" alt=\"\" width=\"696\" height=\"464\" srcset=\"https:\/\/lamendigapolitica.com\/wp-content\/uploads\/2025\/11\/alfaro-en-el-real-valladolid-4f0c77d3-focus-0-0-696-464.jpeg 696w, https:\/\/lamendigapolitica.com\/wp-content\/uploads\/2025\/11\/alfaro-en-el-real-valladolid-4f0c77d3-focus-0-0-696-464-300x200.jpeg 300w, https:\/\/lamendigapolitica.com\/wp-content\/uploads\/2025\/11\/alfaro-en-el-real-valladolid-4f0c77d3-focus-0-0-696-464-555x370.jpeg 555w\" sizes=\"auto, (max-width: 696px) 100vw, 696px\" \/><\/p>\n<p>Con apenas dos a\u00f1os y medio de preparaci\u00f3n como entrenador, el ex gobernador de Jalisco, Enrique Alfaro, anunci\u00f3 que ser\u00e1 el nuevo auxiliar t\u00e9cnico de Guillermo Almada en el Real Valladolid.<\/p>\n<p>Con apenas dos a\u00f1os y medio de preparaci\u00f3n como entrenador, el ex gobernador de Jalisco, Enrique Alfaro, anunci\u00f3 que ser\u00e1 el nuevo auxiliar t\u00e9cnico de Guillermo Almada en el Real Valladolid.<!--more--><\/p>\n<p>A trav\u00e9s de sus redes sociales, el ex mandatario estatal reconoci\u00f3 que durante su gesti\u00f3n realiz\u00f3 pr\u00e1cticas en las Fuerzas B\u00e1sicas de Chivas, aunque no aparece en los registros digitales de los cuerpos t\u00e9cnicos rojiblancos de los \u00faltimos tres a\u00f1os.<\/p>\n<p>Alfro se form\u00f3 como entrenador en la Asociaci\u00f3n de T\u00e9cnicos de F\u00fatbol de Argentina, adem\u00e1s de un m\u00e1ster en direcci\u00f3n de f\u00fatbol en la Universidad del Real Madrid.<\/p>\n<p>Su llegada al f\u00fatbol europeo es inusual: mientras lo normal es que los entrenadores comiencen en categor\u00edas menores antes de incorporarse a un primer equipo, \u00e9l solo realiz\u00f3 pr\u00e1cticas en Chivas y ahora formar\u00e1 parte del cuerpo t\u00e9cnico de un club que actualmente ocupa el s\u00e9ptimo lugar en la Segunda Divisi\u00f3n espa\u00f1ola, con posibilidades de ascenso el pr\u00f3ximo a\u00f1o.<\/p>\n<p>A diferencia de figuras como Rafael M\u00e1rquez, quien inici\u00f3 su trayectoria como entrenador del Barcelona B, Alfaro se habr\u00eda saltado etapas esenciales en M\u00e9xico, para dirigir se debe pasar por el Sistema Nacional de Capacitaci\u00f3n de la Federaci\u00f3n Mexicana de F\u00fatbol y haber formado parte de fuerzas b\u00e1sicas o equipos formativos.<\/p>\n<p>Las licencias vigentes son: D y C para f\u00fatbol infantil; B para Sub-19 Femenil, Sub-18, Sub-16 y Sub-14; A para Sub-23 y Liga TDP; y Pro para Liga MX, Liga MX Femenil, Expansi\u00f3n MX y Liga Premier. En el caso de Alfaro, habr\u00eda brincado al menos dos categor\u00edas para estar en un banquillo profesional.<br \/>\nUn elemento clave que facilita su incorporaci\u00f3n al Valladolid es que el club est\u00e1 actualmente bajo control de empresarios mexicanos, entre ellos el ex directivo del Quer\u00e9taro, Gabriel Solares.<\/p>\n","protected":false},"excerpt":{"rendered":"<p>Con apenas dos a\u00f1os y medio de preparaci\u00f3n como entrenador, el ex gobernador de Jalisco, Enrique Alfaro, anunci\u00f3 que ser\u00e1 el nuevo auxiliar t\u00e9cnico de Guillermo Almada en el Real Valladolid. Con apenas dos a\u00f1os y medio de preparaci\u00f3n como entrenador, el ex gobernador de Jalisco, Enrique Alfaro, anunci\u00f3 que ser\u00e1 el nuevo auxiliar t\u00e9cnico &hellip; <\/p>\n<p><a class=\"more-link btn\" href=\"https:\/\/lamendigapolitica.com\/?p=81921\">Seguir leyendo<\/a><\/p>\n","protected":false},"author":1,"featured_media":0,"comment_status":"open","ping_status":"closed","sticky":false,"template":"","format":"standard","meta":{"footnotes":""},"categories":[5],"tags":[],"class_list":["post-81921","post","type-post","status-publish","format-standard","hentry","category-partidos","item-wrap"],"_links":{"self":[{"href":"https:\/\/lamendigapolitica.com\/index.php?rest_route=\/wp\/v2\/posts\/81921","targetHints":{"allow":["GET"]}}],"collection":[{"href":"https:\/\/lamendigapolitica.com\/index.php?rest_route=\/wp\/v2\/posts"}],"about":[{"href":"https:\/\/lamendigapolitica.com\/index.php?rest_route=\/wp\/v2\/types\/post"}],"author":[{"embeddable":true,"href":"https:\/\/lamendigapolitica.com\/index.php?rest_route=\/wp\/v2\/users\/1"}],"replies":[{"embeddable":true,"href":"https:\/\/lamendigapolitica.com\/index.php?rest_route=%2Fwp%2Fv2%2Fcomments&post=81921"}],"version-history":[{"count":1,"href":"https:\/\/lamendigapolitica.com\/index.php?rest_route=\/wp\/v2\/posts\/81921\/revisions"}],"predecessor-version":[{"id":81923,"href":"https:\/\/lamendigapolitica.com\/index.php?rest_route=\/wp\/v2\/posts\/81921\/revisions\/81923"}],"wp:attachment":[{"href":"https:\/\/lamendigapolitica.com\/index.php?rest_route=%2Fwp%2Fv2%2Fmedia&parent=81921"}],"wp:term":[{"taxonomy":"category","embeddable":true,"href":"https:\/\/lamendigapolitica.com\/index.php?rest_route=%2Fwp%2Fv2%2Fcategories&post=81921"},{"taxonomy":"post_tag","embeddable":true,"href":"https:\/\/lamendigapolitica.com\/index.php?rest_route=%2Fwp%2Fv2%2Ftags&post=81921"}],"curies":[{"name":"wp","href":"https:\/\/api.w.org\/{rel}","templated":true}]}}