{"id":81918,"date":"2025-11-21T19:38:41","date_gmt":"2025-11-22T01:38:41","guid":{"rendered":"https:\/\/lamendigapolitica.com\/?p=81918"},"modified":"2025-11-22T19:41:16","modified_gmt":"2025-11-23T01:41:16","slug":"puerto-vallarta-recibe-a-buque-de-la-armada-de-colombia","status":"publish","type":"post","link":"https:\/\/lamendigapolitica.com\/?p=81918","title":{"rendered":"Puerto Vallarta recibe a buque de la Armada de Colombia"},"content":{"rendered":"<p><img loading=\"lazy\" decoding=\"async\" class=\"aligncenter size-full wp-image-81919\" src=\"https:\/\/lamendigapolitica.com\/wp-content\/uploads\/2025\/11\/COMUNICADO-1254-3.jpeg\" alt=\"\" width=\"1280\" height=\"853\" srcset=\"https:\/\/lamendigapolitica.com\/wp-content\/uploads\/2025\/11\/COMUNICADO-1254-3.jpeg 1280w, https:\/\/lamendigapolitica.com\/wp-content\/uploads\/2025\/11\/COMUNICADO-1254-3-300x200.jpeg 300w, https:\/\/lamendigapolitica.com\/wp-content\/uploads\/2025\/11\/COMUNICADO-1254-3-1024x682.jpeg 1024w, https:\/\/lamendigapolitica.com\/wp-content\/uploads\/2025\/11\/COMUNICADO-1254-3-768x512.jpeg 768w, https:\/\/lamendigapolitica.com\/wp-content\/uploads\/2025\/11\/COMUNICADO-1254-3-555x370.jpeg 555w\" sizes=\"auto, (max-width: 1280px) 100vw, 1280px\" \/><\/p>\n<p>\u00b7 Habr\u00e1 acceso al p\u00fablico para conocer este majestuoso buque<\/p>\n<p>Lleg\u00f3 a Puerto Vallarta el Buque Escuela ARC Gloria de la Armada de Colombia, que ofrece una experiencia \u00fanica a los visitantes. El buque est\u00e1 atracado en el Muelle No. 3 de la Administraci\u00f3n del Sistema Portuario Nacional (ASIPONA) y abri\u00f3 sus puertas al p\u00fablico.<!--more--><\/p>\n<p>En un gesto de bienvenida, funcionarios del Ayuntamiento, en representaci\u00f3n del alcalde Luis Mungu\u00eda, asistieron al recibimiento de la tripulaci\u00f3n y entregaron obsequios como muestra de hospitalidad.<\/p>\n<p>Los amantes del mar y la aventura pueden visitar el Buque Escuela ARC Gloria en los siguientes horarios:<\/p>\n<p>&#8211; 21, 22 y 23 de noviembre: 8:30 a 19 hrs<\/p>\n<p>&#8211; 24 de noviembre: 8:30 a 12:00 hrs<\/p>\n<p>La entrada es gratuita y el acceso es por Puerto M\u00e1gico. Los vallartenses podr\u00e1n subir a bordo y conocer m\u00e1s sobre la historia y la tripulaci\u00f3n de este emblem\u00e1tico buque. Este evento es un ejemplo de la cooperaci\u00f3n y el intercambio cultural entre naciones, y el gobierno municipal se complace en apoyar iniciativas que promueven la uni\u00f3n y el desarrollo tur\u00edstico de Puerto Vallarta.<\/p>\n","protected":false},"excerpt":{"rendered":"<p>\u00b7 Habr\u00e1 acceso al p\u00fablico para conocer este majestuoso buque Lleg\u00f3 a Puerto Vallarta el Buque Escuela ARC Gloria de la Armada de Colombia, que ofrece una experiencia \u00fanica a los visitantes. El buque est\u00e1 atracado en el Muelle No. 3 de la Administraci\u00f3n del Sistema Portuario Nacional (ASIPONA) y abri\u00f3 sus puertas al p\u00fablico.<\/p><p><a class=\"more-link btn\" href=\"https:\/\/lamendigapolitica.com\/?p=81918\">Seguir leyendo<\/a><\/p>\n","protected":false},"author":1,"featured_media":0,"comment_status":"open","ping_status":"closed","sticky":false,"template":"","format":"standard","meta":{"footnotes":""},"categories":[5],"tags":[],"class_list":["post-81918","post","type-post","status-publish","format-standard","hentry","category-partidos","item-wrap"],"_links":{"self":[{"href":"https:\/\/lamendigapolitica.com\/index.php?rest_route=\/wp\/v2\/posts\/81918","targetHints":{"allow":["GET"]}}],"collection":[{"href":"https:\/\/lamendigapolitica.com\/index.php?rest_route=\/wp\/v2\/posts"}],"about":[{"href":"https:\/\/lamendigapolitica.com\/index.php?rest_route=\/wp\/v2\/types\/post"}],"author":[{"embeddable":true,"href":"https:\/\/lamendigapolitica.com\/index.php?rest_route=\/wp\/v2\/users\/1"}],"replies":[{"embeddable":true,"href":"https:\/\/lamendigapolitica.com\/index.php?rest_route=%2Fwp%2Fv2%2Fcomments&post=81918"}],"version-history":[{"count":1,"href":"https:\/\/lamendigapolitica.com\/index.php?rest_route=\/wp\/v2\/posts\/81918\/revisions"}],"predecessor-version":[{"id":81920,"href":"https:\/\/lamendigapolitica.com\/index.php?rest_route=\/wp\/v2\/posts\/81918\/revisions\/81920"}],"wp:attachment":[{"href":"https:\/\/lamendigapolitica.com\/index.php?rest_route=%2Fwp%2Fv2%2Fmedia&parent=81918"}],"wp:term":[{"taxonomy":"category","embeddable":true,"href":"https:\/\/lamendigapolitica.com\/index.php?rest_route=%2Fwp%2Fv2%2Fcategories&post=81918"},{"taxonomy":"post_tag","embeddable":true,"href":"https:\/\/lamendigapolitica.com\/index.php?rest_route=%2Fwp%2Fv2%2Ftags&post=81918"}],"curies":[{"name":"wp","href":"https:\/\/api.w.org\/{rel}","templated":true}]}}