{"id":81912,"date":"2025-11-19T19:20:33","date_gmt":"2025-11-20T01:20:33","guid":{"rendered":"https:\/\/lamendigapolitica.com\/?p=81912"},"modified":"2025-11-30T19:35:48","modified_gmt":"2025-12-01T01:35:48","slug":"fernanda-romero-es-nombrada-nueva-presidenta-de-la-feu","status":"publish","type":"post","link":"https:\/\/lamendigapolitica.com\/?p=81912","title":{"rendered":"Fernanda Romero es nombrada nueva Presidenta de la FEU"},"content":{"rendered":"<p class=\"x_MsoNormal\" style=\"text-align: left;\" align=\"center\"><img loading=\"lazy\" decoding=\"async\" class=\"aligncenter size-full wp-image-81913\" src=\"https:\/\/lamendigapolitica.com\/wp-content\/uploads\/2025\/11\/251119_ilg_8.jpeg\" alt=\"\" width=\"1600\" height=\"1066\" srcset=\"https:\/\/lamendigapolitica.com\/wp-content\/uploads\/2025\/11\/251119_ilg_8.jpeg 1600w, https:\/\/lamendigapolitica.com\/wp-content\/uploads\/2025\/11\/251119_ilg_8-300x200.jpeg 300w, https:\/\/lamendigapolitica.com\/wp-content\/uploads\/2025\/11\/251119_ilg_8-1024x682.jpeg 1024w, https:\/\/lamendigapolitica.com\/wp-content\/uploads\/2025\/11\/251119_ilg_8-768x512.jpeg 768w, https:\/\/lamendigapolitica.com\/wp-content\/uploads\/2025\/11\/251119_ilg_8-1536x1023.jpeg 1536w, https:\/\/lamendigapolitica.com\/wp-content\/uploads\/2025\/11\/251119_ilg_8-555x370.jpeg 555w\" sizes=\"auto, (max-width: 1600px) 100vw, 1600px\" \/><\/p>\n<p class=\"x_MsoNormal\"><span lang=\"ES\">\u00a0<\/span><\/p>\n<p class=\"x_MsoNormal\"><b><span lang=\"ES\">El enfoque social y la descentralizaci\u00f3n de los proyectos ser\u00e1 una prioridad dentro de su periodo, de 2025 a 2028<\/span><\/b><\/p>\n<p class=\"x_MsoNormal\"><span lang=\"ES\">Entre porras y aplausos, el \u00c1gora Jenkins fue sede de la toma de protesta de la licenciada\u00a0<b>Fernanda Citlalli Romero Delgado<\/b>, qui\u00e9n, desde el d\u00eda de hoy y hasta el 2028, encabezar\u00e1 la\u00a0<a title=\"Protegido por Outlook: https:\/\/feu.mx\/. Haz clic o pulsa para seguir el v\u00ednculo.\" href=\"https:\/\/na01.safelinks.protection.outlook.com\/?url=https%3A%2F%2Ffeu.mx%2F&amp;data=05%7C02%7C%7C9bd748faa7534f937b5208de27ef8a30%7C84df9e7fe9f640afb435aaaaaaaaaaaa%7C1%7C0%7C638992106929698040%7CUnknown%7CTWFpbGZsb3d8eyJFbXB0eU1hcGkiOnRydWUsIlYiOiIwLjAuMDAwMCIsIlAiOiJXaW4zMiIsIkFOIjoiTWFpbCIsIldUIjoyfQ%3D%3D%7C0%7C%7C%7C&amp;sdata=n9X1FYT65STwHzq7afzUPrYUPYEm8WuWUODYr1rGC7s%3D&amp;reserved=0\" target=\"_blank\" rel=\"noopener noreferrer\" data-auth=\"NotApplicable\" data-linkindex=\"0\">Federaci\u00f3n Estudiantil Universitaria (FEU)<\/a>, convirti\u00e9ndose en\u00a0<b>la segunda presidenta<\/b>\u00a0de dicha organizaci\u00f3n estudiantil de la Universidad de Guadalajara (UdeG).<\/span><\/p>\n<p class=\"x_MsoNormal\"><span lang=\"ES\">\u00a0<\/span><span lang=\"ES\">\u201cAl recibir esta organizaci\u00f3n de las manos de Zo\u00e9 es la prueba de que las cosas cambian y se pueden hacer mejor\u201d, declar\u00f3 Romero Delgado, quien es licenciada en Derecho por la UdeG.<\/span><\/p>\n<p class=\"x_MsoNormal\"><span lang=\"ES\">\u00a0<\/span><span lang=\"ES\">Agreg\u00f3 que se siente agradecida y emocionada por la responsabilidad que ahora la compromete con la comunidad universitaria y declar\u00f3 que\u00a0<b>entre sus iniciativas se encuentran<\/b>:<\/span><!--more--><\/p>\n<p class=\"x_MsoNormal\"><span lang=\"ES\">\u00a0<\/span><\/p>\n<p class=\"x_MsoNormal\"><span lang=\"ES\">\u00b7\u00a0\u00a0\u00a0\u00a0\u00a0\u00a0\u00a0\u00a0\u00a0<\/span><b><span lang=\"ES\">Convertir las escuelas en refugios de paz<\/span><\/b><span lang=\"ES\">, dentro y fuera de las aulas.<\/span><\/p>\n<p class=\"x_MsoNormal\"><span lang=\"ES\">\u00b7\u00a0\u00a0\u00a0\u00a0\u00a0\u00a0\u00a0\u00a0\u00a0<\/span><b><span lang=\"ES\">Luchar por un presupuesto justo<\/span><\/b><span lang=\"ES\">, el cual deber\u00e1 crecer y renovarse a las necesidades de los estudiantes.<\/span><\/p>\n<p class=\"x_MsoNormal\"><span lang=\"ES\">\u00b7\u00a0\u00a0\u00a0\u00a0\u00a0\u00a0\u00a0\u00a0\u00a0<\/span><b><span lang=\"ES\">Descentralizar los proyectos<\/span><\/b><span lang=\"ES\">, llegar a todos los rincones de la Red Universitaria para que nadie se quede fuera.<\/span><\/p>\n<p class=\"x_MsoNormal\"><span lang=\"ES\">\u00b7\u00a0\u00a0\u00a0\u00a0\u00a0\u00a0\u00a0\u00a0\u00a0<\/span><b><span lang=\"ES\">Abogar por el transporte accesible<\/span><\/b><span lang=\"ES\">, las pol\u00edticas de g\u00e9nero, la calidad acad\u00e9mica, el cuidado f\u00edsico y mental, etc\u00e9tera.<\/span><\/p>\n<p class=\"x_MsoNormal\"><span lang=\"ES\">\u00a0<\/span><\/p>\n<p class=\"x_MsoNormal\"><span lang=\"ES\">A su vez, frente autoridades universitarias y estatales, alumnos y representantes de la FEU, Fernanda Romero Delgado reafirm\u00f3 su compromiso con aquellos que tambi\u00e9n est\u00e9n en desacuerdo con la organizaci\u00f3n, todo por el bien de la comunidad estudiantil y la universidad.<\/span><\/p>\n<p class=\"x_MsoNormal\"><span lang=\"ES\">\u00a0<\/span><\/p>\n<p class=\"x_MsoNormal\"><span lang=\"ES\">\u201c<b>Estar\u00e9 aqu\u00ed para ayudarles y apoyar a la comunidad<\/b>. La FEU ser\u00e1 de todos, de los que no est\u00e1n de acuerdo, de los que s\u00ed y de todo el territorio, incluyendo las regiones que son la br\u00fajula de nuestra lucha\u201d, agreg\u00f3.<\/span><\/p>\n<p class=\"x_MsoNormal\"><span lang=\"ES\">\u00a0<\/span><\/p>\n<p class=\"x_MsoNormal\"><span lang=\"ES\">La ingeniera Zo\u00e9 Garc\u00eda Romero, Presidenta saliente de la FEU, di\u00f3 un emotivo discurso de despedida, en el que hizo un repaso hist\u00f3rico y la manera en la que, junto con su equipo, renovaron la organizaci\u00f3n, siendo ella la primera mujer l\u00edder de la organizaci\u00f3n estudiantil.<\/span><\/p>\n<p class=\"x_MsoNormal\"><span lang=\"ES\">\u00a0<\/span><\/p>\n<p class=\"x_MsoNormal\"><span lang=\"ES\">\u201cSiempre ser\u00e9 universitaria,\u00a0<b>siempre cuidar\u00e9 a esta comunidad y a la autonom\u00eda de esta instituci\u00f3n<\/b>\u00a0y de la organizaci\u00f3n que me di\u00f3 la oportunidad de representarlos durante tres a\u00f1os\u201d, dijo.<\/span><\/p>\n<p class=\"x_MsoNormal\"><span lang=\"ES\">\u00a0<\/span><\/p>\n<p class=\"x_MsoNormal\"><span lang=\"ES\">\u201cMe llevo la certeza de que la FEU est\u00e1 a salv\u00f3 mientras existan j\u00f3venes valientes e interesados.\u00a0<b>Fernanda dirigir\u00e1 est\u00e1 organizaci\u00f3n los pr\u00f3ximos a\u00f1os y no tengo duda de que ser\u00e1 mucho mejor de lo que pudimos hacer estos \u00faltimos a\u00f1os<\/b>, porque as\u00ed es como se lo merecen las pr\u00f3ximas generaciones de estudiantes. Estoy segura de que lo har\u00e1s con mucho compromiso, dignidad y cari\u00f1o\u201d, agreg\u00f3.<\/span><\/p>\n<p class=\"x_MsoNormal\"><span lang=\"ES\">\u00a0<\/span><\/p>\n<p class=\"x_MsoNormal\"><span lang=\"ES\">La Rectora General, Karla Planter P\u00e9rez, extendi\u00f3 su disposici\u00f3n\u00a0<b>para trabajar en conjunto con este nuevo equipo de trabajo<\/b>\u00a0y agradeci\u00f3 el compromiso, dedicaci\u00f3n y labor de la Presidenta saliente, Zo\u00e9 Garc\u00eda.<\/span><\/p>\n<p class=\"x_MsoNormal\"><span lang=\"ES\">\u00a0<\/span><\/p>\n<p class=\"x_MsoNormal\"><span lang=\"ES\">\u201cFelicito a Zo\u00e9 por ser la primera mujer en levantar la voz dentro de esta trinchera,\u00a0<b>por ejercer su liderazgo con seriedad e inteligencia<\/b>. Estuviste a la altura de cada reto que se present\u00f3 y dejaste en claro que la representaci\u00f3n no solo se ocupa, se le tiene que poner toda la atenci\u00f3n\u201d, dijo.<\/span><\/p>\n<p class=\"x_MsoNormal\"><span lang=\"ES\">\u00a0<\/span><\/p>\n<p class=\"x_MsoNormal\"><span lang=\"ES\">Di\u00f3 la bienvenida a Fernanda Romero, qui\u00e9n \u201cha demostrado su disposici\u00f3n y compromiso con la organizaci\u00f3n desde el primer momento\u201d.<\/span><\/p>\n<p class=\"x_MsoNormal\"><span lang=\"ES\">\u00a0<\/span><\/p>\n<p class=\"x_MsoNormal\"><span lang=\"ES\">\u201cEs un verdadero motivo de alegr\u00eda estar aqu\u00ed y celebrar la llegada de Fer a la presidencia de la mejor organizaci\u00f3n de estudiantes de todo el pa\u00eds\u201d.<\/span><\/p>\n<p class=\"x_MsoNormal\"><span lang=\"ES\">\u00a0<\/span><\/p>\n<p class=\"x_MsoNormal\"><span lang=\"ES\">\u201cTus valores son profundamente importantes para crear una sociedad de inclusi\u00f3n, representaci\u00f3n y equidad. Felicidades, Fernanda,\u00a0<b>cuenta con toda la disposici\u00f3n de la UdeG para trabajar en pro de los estudiantes<\/b>\u201d, agreg\u00f3 la Rectora General.<\/span><\/p>\n","protected":false},"excerpt":{"rendered":"<p>\u00a0 El enfoque social y la descentralizaci\u00f3n de los proyectos ser\u00e1 una prioridad dentro de su periodo, de 2025 a 2028 Entre porras y aplausos, el \u00c1gora Jenkins fue sede de la toma de protesta de la licenciada\u00a0Fernanda Citlalli Romero Delgado, qui\u00e9n, desde el d\u00eda de hoy y hasta el 2028, encabezar\u00e1 la\u00a0Federaci\u00f3n Estudiantil Universitaria &hellip; <\/p>\n<p><a class=\"more-link btn\" href=\"https:\/\/lamendigapolitica.com\/?p=81912\">Seguir leyendo<\/a><\/p>\n","protected":false},"author":1,"featured_media":0,"comment_status":"open","ping_status":"closed","sticky":false,"template":"","format":"standard","meta":{"footnotes":""},"categories":[5],"tags":[],"class_list":["post-81912","post","type-post","status-publish","format-standard","hentry","category-partidos","item-wrap"],"_links":{"self":[{"href":"https:\/\/lamendigapolitica.com\/index.php?rest_route=\/wp\/v2\/posts\/81912","targetHints":{"allow":["GET"]}}],"collection":[{"href":"https:\/\/lamendigapolitica.com\/index.php?rest_route=\/wp\/v2\/posts"}],"about":[{"href":"https:\/\/lamendigapolitica.com\/index.php?rest_route=\/wp\/v2\/types\/post"}],"author":[{"embeddable":true,"href":"https:\/\/lamendigapolitica.com\/index.php?rest_route=\/wp\/v2\/users\/1"}],"replies":[{"embeddable":true,"href":"https:\/\/lamendigapolitica.com\/index.php?rest_route=%2Fwp%2Fv2%2Fcomments&post=81912"}],"version-history":[{"count":2,"href":"https:\/\/lamendigapolitica.com\/index.php?rest_route=\/wp\/v2\/posts\/81912\/revisions"}],"predecessor-version":[{"id":81989,"href":"https:\/\/lamendigapolitica.com\/index.php?rest_route=\/wp\/v2\/posts\/81912\/revisions\/81989"}],"wp:attachment":[{"href":"https:\/\/lamendigapolitica.com\/index.php?rest_route=%2Fwp%2Fv2%2Fmedia&parent=81912"}],"wp:term":[{"taxonomy":"category","embeddable":true,"href":"https:\/\/lamendigapolitica.com\/index.php?rest_route=%2Fwp%2Fv2%2Fcategories&post=81912"},{"taxonomy":"post_tag","embeddable":true,"href":"https:\/\/lamendigapolitica.com\/index.php?rest_route=%2Fwp%2Fv2%2Ftags&post=81912"}],"curies":[{"name":"wp","href":"https:\/\/api.w.org\/{rel}","templated":true}]}}