{"id":81879,"date":"2025-11-11T16:51:49","date_gmt":"2025-11-11T22:51:49","guid":{"rendered":"https:\/\/lamendigapolitica.com\/?p=81879"},"modified":"2025-11-11T16:51:49","modified_gmt":"2025-11-11T22:51:49","slug":"inicia-festival-de-videomapping-artes-digitales-2025","status":"publish","type":"post","link":"https:\/\/lamendigapolitica.com\/?p=81879","title":{"rendered":"Inicia Festival de Videomapping Artes Digitales 2025"},"content":{"rendered":"<p><img loading=\"lazy\" decoding=\"async\" class=\"aligncenter size-full wp-image-81880\" src=\"https:\/\/lamendigapolitica.com\/wp-content\/uploads\/2025\/11\/Video-mapping-Guadalajara-1024x683-1.jpeg\" alt=\"\" width=\"1024\" height=\"683\" srcset=\"https:\/\/lamendigapolitica.com\/wp-content\/uploads\/2025\/11\/Video-mapping-Guadalajara-1024x683-1.jpeg 1024w, https:\/\/lamendigapolitica.com\/wp-content\/uploads\/2025\/11\/Video-mapping-Guadalajara-1024x683-1-300x200.jpeg 300w, https:\/\/lamendigapolitica.com\/wp-content\/uploads\/2025\/11\/Video-mapping-Guadalajara-1024x683-1-768x512.jpeg 768w, https:\/\/lamendigapolitica.com\/wp-content\/uploads\/2025\/11\/Video-mapping-Guadalajara-1024x683-1-555x370.jpeg 555w\" sizes=\"auto, (max-width: 1024px) 100vw, 1024px\" \/><\/p>\n<p>\u2022 Del 12 al 14 de noviembre, la Catedral Metropolitana de Guadalajara y El Santuario ser\u00e1n iluminados con proyecciones de entre 30 y 90 segundos, donde el arte y la tecnolog\u00eda llenar\u00e1n de color sus fachadas.<br \/>\n\u2022 Habr\u00e1 dos proyecciones por d\u00eda, con horarios de 19:45 y 20:45 horas en la Catedral de Guadalajara, mientras que en el Santuario ser\u00e1n a las 20:30 y 21:30 horas.<br \/>\n\u2022 Se espera una asistencia de por lo menos 20,000 personas durante las actividades del festival.<!--more--><\/p>\n<p>El Centro de Guadalajara se llenar\u00e1 de color, talento y creatividad del 12 al 14 de noviembre con el Festival de Videomapping Artes Digitales.<\/p>\n<p>Las fachadas de edificios hist\u00f3ricos y emblem\u00e1ticos, como El Santuario y la Catedral Metropolitana de Guadalajara, ser\u00e1n iluminadas y cobrar\u00e1n vida con ayuda de la tecnolog\u00eda.<\/p>\n<p>El festival inicia este mi\u00e9rcoles con una proyecci\u00f3n monumental a las 19:45 horas en la Catedral de Guadalajara; posteriormente, El Santuario tendr\u00e1 su primera proyecci\u00f3n a las 20:30 horas.<\/p>\n<p>Cada uno de los recintos contar\u00e1 con dos proyecciones diarias en distintos horarios, donde se iluminar\u00e1n sus fachadas con diversas obras que durar\u00e1n entre 30 y 90 segundos.<\/p>\n<p>La directora de Turismo de Guadalajara, Mar\u00eda Plascencia, coment\u00f3 que esperan una asistencia de 20 mil personas, en las proyecciones en estos dos recintos.<\/p>\n<p>Plascencia afirm\u00f3 que en la Direcci\u00f3n a su cargo tiene planeadas diversas actividades para posicionar el Centro Hist\u00f3rico como un punto de encuentro creativo e innovador donde se combine la ciencia, la tecnolog\u00eda, las artes y las tradiciones.<\/p>\n<p>La directora de Emprendimiento y Promoci\u00f3n Econ\u00f3mica, Mariana Orozco, reiter\u00f3 que albergar este tipo de eventos demuestra que Guadalajara es una ciudad activa que apuesta por la innovaci\u00f3n y la creatividad, adem\u00e1s busca conectar el arte con la tecnolog\u00eda.<\/p>\n<p>\u201cEste festival es mucho m\u00e1s que una agenda de actividades; es una declaraci\u00f3n de lo que somos como ciudad: una Guadalajara viva, creativa, diversa, que se atreve a innovar y a contar su historia de nuevas maneras a trav\u00e9s de la luz, la tecnolog\u00eda y el arte. Nuestra ciudad volver\u00e1 a ser un punto de encuentro para artistas, creadores, visitantes y familias que podr\u00e1n disfrutar de experiencias \u00fanicas en el espacio p\u00fablico.\u201d<\/p>\n<p>El evento, agreg\u00f3 Carlos Ba\u00f1uelos, director general de la Plataforma Abierta de Innovaci\u00f3n, no solo prev\u00e9 experiencias de videomapping, sino que tambi\u00e9n viene acompa\u00f1ado de toda una estrategia de capacitaci\u00f3n que se ha venido trabajando a lo largo de los \u00faltimos meses, en Ciudad Creativa Digital.<\/p>\n<p>Agreg\u00f3 que pondr\u00e1n a disposici\u00f3n de la ciudadan\u00eda nuevos programas de capacitaci\u00f3n en creaci\u00f3n de experiencias inmersivas, nuevas realidades y dise\u00f1o de experiencias, para que puedan tener una nueva oportunidad de ingresos para todas y todos los jaliscienses.<\/p>\n","protected":false},"excerpt":{"rendered":"<p>\u2022 Del 12 al 14 de noviembre, la Catedral Metropolitana de Guadalajara y El Santuario ser\u00e1n iluminados con proyecciones de entre 30 y 90 segundos, donde el arte y la tecnolog\u00eda llenar\u00e1n de color sus fachadas. \u2022 Habr\u00e1 dos proyecciones por d\u00eda, con horarios de 19:45 y 20:45 horas en la Catedral de Guadalajara, mientras &hellip; <\/p>\n<p><a class=\"more-link btn\" href=\"https:\/\/lamendigapolitica.com\/?p=81879\">Seguir leyendo<\/a><\/p>\n","protected":false},"author":1,"featured_media":0,"comment_status":"open","ping_status":"closed","sticky":false,"template":"","format":"standard","meta":{"footnotes":""},"categories":[5],"tags":[],"class_list":["post-81879","post","type-post","status-publish","format-standard","hentry","category-partidos","item-wrap"],"_links":{"self":[{"href":"https:\/\/lamendigapolitica.com\/index.php?rest_route=\/wp\/v2\/posts\/81879","targetHints":{"allow":["GET"]}}],"collection":[{"href":"https:\/\/lamendigapolitica.com\/index.php?rest_route=\/wp\/v2\/posts"}],"about":[{"href":"https:\/\/lamendigapolitica.com\/index.php?rest_route=\/wp\/v2\/types\/post"}],"author":[{"embeddable":true,"href":"https:\/\/lamendigapolitica.com\/index.php?rest_route=\/wp\/v2\/users\/1"}],"replies":[{"embeddable":true,"href":"https:\/\/lamendigapolitica.com\/index.php?rest_route=%2Fwp%2Fv2%2Fcomments&post=81879"}],"version-history":[{"count":1,"href":"https:\/\/lamendigapolitica.com\/index.php?rest_route=\/wp\/v2\/posts\/81879\/revisions"}],"predecessor-version":[{"id":81881,"href":"https:\/\/lamendigapolitica.com\/index.php?rest_route=\/wp\/v2\/posts\/81879\/revisions\/81881"}],"wp:attachment":[{"href":"https:\/\/lamendigapolitica.com\/index.php?rest_route=%2Fwp%2Fv2%2Fmedia&parent=81879"}],"wp:term":[{"taxonomy":"category","embeddable":true,"href":"https:\/\/lamendigapolitica.com\/index.php?rest_route=%2Fwp%2Fv2%2Fcategories&post=81879"},{"taxonomy":"post_tag","embeddable":true,"href":"https:\/\/lamendigapolitica.com\/index.php?rest_route=%2Fwp%2Fv2%2Ftags&post=81879"}],"curies":[{"name":"wp","href":"https:\/\/api.w.org\/{rel}","templated":true}]}}