{"id":81873,"date":"2025-11-09T16:36:39","date_gmt":"2025-11-09T22:36:39","guid":{"rendered":"https:\/\/lamendigapolitica.com\/?p=81873"},"modified":"2025-11-11T16:37:05","modified_gmt":"2025-11-11T22:37:05","slug":"presentan-el-xli-maraton-internacional-guadalajara-skarch-2025","status":"publish","type":"post","link":"https:\/\/lamendigapolitica.com\/?p=81873","title":{"rendered":"Presentan el XLI Marat\u00f3n Internacional Guadalajara Skarch 2025"},"content":{"rendered":"<p><img loading=\"lazy\" decoding=\"async\" class=\"aligncenter size-full wp-image-81874\" src=\"https:\/\/lamendigapolitica.com\/wp-content\/uploads\/2025\/11\/WhatsApp-Image-2025-11-10-at-6.09.02-PM.jpeg\" alt=\"\" width=\"1600\" height=\"1066\" srcset=\"https:\/\/lamendigapolitica.com\/wp-content\/uploads\/2025\/11\/WhatsApp-Image-2025-11-10-at-6.09.02-PM.jpeg 1600w, https:\/\/lamendigapolitica.com\/wp-content\/uploads\/2025\/11\/WhatsApp-Image-2025-11-10-at-6.09.02-PM-300x200.jpeg 300w, https:\/\/lamendigapolitica.com\/wp-content\/uploads\/2025\/11\/WhatsApp-Image-2025-11-10-at-6.09.02-PM-1024x682.jpeg 1024w, https:\/\/lamendigapolitica.com\/wp-content\/uploads\/2025\/11\/WhatsApp-Image-2025-11-10-at-6.09.02-PM-768x512.jpeg 768w, https:\/\/lamendigapolitica.com\/wp-content\/uploads\/2025\/11\/WhatsApp-Image-2025-11-10-at-6.09.02-PM-1536x1023.jpeg 1536w, https:\/\/lamendigapolitica.com\/wp-content\/uploads\/2025\/11\/WhatsApp-Image-2025-11-10-at-6.09.02-PM-555x370.jpeg 555w\" sizes=\"auto, (max-width: 1600px) 100vw, 1600px\" \/><\/p>\n<p>\u2022 La carrera tendr\u00e1 lugar el pr\u00f3ximo 30 de noviembre con salida y meta en la Minerva<br \/>\n\u2022 El evento congregar\u00e1 a 7 mil 400 corredores en las modalidades de marat\u00f3n y carrera de relevos<\/p>\n<p>La Presidenta Vero Delgadillo present\u00f3, oficialmente, la nueva edici\u00f3n del Marat\u00f3n Internacional Guadalajara Skarch hidratado por Electrolit, que tendr\u00e1 lugar el pr\u00f3ximo domingo 30 de noviembre a partir de las 6:30 horas, con salida y meta en la Glorieta Minerva.<!--more--><\/p>\n<p>Vero Delgadillo se\u00f1al\u00f3 que este Marat\u00f3n no s\u00f3lo convoca a grandes atletas, sino que invita a desafiarse, divertirse y crear comunidad, apropi\u00e1ndose del espacio p\u00fablico.<\/p>\n<p>\u201cEstamos muy felices de darles la bienvenida a la inscripci\u00f3n n\u00famero 41 del Marat\u00f3n de Guadalajara (\u2026) Es un gran pretexto para recordarles que pueden venir de dos maneras, o de tres. Pueden venir a correr todo el marat\u00f3n, venir a hacer equipo y correr en relevos, o pueden venir a animar a la gente. Pueden venir a inyectar energ\u00eda, alegr\u00eda y disfrutar. Una de las cosas m\u00e1s bonitas que se puede hacer en una sociedad es construir comunidad\u201d, inst\u00f3 la Presidenta.<\/p>\n<p>Vero Delgadillo tambi\u00e9n present\u00f3 la medalla que se entregar\u00e1 a todos los participantes que corran este Marat\u00f3n.<\/p>\n<p>\u201cEsta medalla es s\u00faper bonita, decirles que cuando la elegimos, la elegimos pensando en que se lleven un corazoncito de Guadalajara con su hermoso s\u00edmbolo de le\u00f3n, para que se sientan muy orgullosas y orgullosos, si corrieron r\u00e1pido, despacito, pero simplemente que se atrevieron a correr el marat\u00f3n\u201d.<\/p>\n<p>La Coordinadora General de Construcci\u00f3n de Comunidad, Crystal Zavala L\u00f3pez destac\u00f3 la trascendencia que la tradicional carrera tiene no solo para la Perla Tapat\u00eda, sino lo que significa a nivel internacional.<\/p>\n<p>\u201cEs un gran orgullo para la Ciudad por las certificaciones que tiene, lo que implica a nivel internacional llevar a cabo este evento para la Ciudad, que se convierte en una fiesta para correr y recorrer las calles de Guadalajara\u201d.<\/p>\n<p>El director general de COMUDE Guadalajara, David Prado, present\u00f3 los detalles t\u00e9cnicos de la carrera, la ruta y los puntos para los relevos en dicha modalidad de competencia.<\/p>\n<p>\u201cUna vez m\u00e1s, a trav\u00e9s de los eventos deportivos que hace el Gobierno de Guadalajara, ponemos esta ciudad en los ojos del mundo. El pr\u00f3ximo 30 de noviembre estaremos con este marat\u00f3n de Guadalajara, que es para 7 mil 400 participantes, de los cuales, 4 mil son para la modalidad de marat\u00f3n y tres mil 400 para la modalidad de relevos. Tendremos para atletas y atletas elite, atletas clasificados y los recreativos, donde todo mundo nos damos cita para tener una gran fiesta a partir de las 6:30 de la ma\u00f1ana\u201d.<\/p>\n<p>La ruta est\u00e1 certificada por World Athletics, organismo rector del atletismo a nivel mundial, y tendr\u00e1 algunas modificaciones.<\/p>\n<p>\u201cLa ruta saldr\u00e1 de la Glorieta Minerva, tomar\u00e1 Agust\u00edn Y\u00e1\u00f1ez hasta Mariano Otero, Paseo de la Arboleda, L\u00e1zaro C\u00e1rdenas hasta el \u00c1lamo, retorno por la misma v\u00eda hasta San Ignacio, Vallarta, Juan Palomar y Arias, Terranova, Manuel Acu\u00f1a, L\u00f3pez Mateos hasta Las \u00c1guilas, retorno por la misma v\u00eda hasta Hidalgo, Luis P\u00e9rez Verd\u00eda y Agust\u00edn Y\u00e1\u00f1ez hasta la meta. Con los relevos, es libre la conformaci\u00f3n del equipo. La ruta es la misma, pero el primer relevo se hace en el \u00c1lamo, el segundo en Plaza Sania, y el tercero se har\u00e1 en Las \u00c1guilas\u201d, se\u00f1al\u00f3 Prado Arredondo.<\/p>\n<p>La salida ser\u00e1 a las 6:30 horas con el disparo para los para atletas, a las 6:40 ser\u00e1 el disparo para los atletas elite y atletas clasificados, a las 6:45 para los atletas recreativos, y a partir de las 7:10 saldr\u00e1 la modalidad de relevos. La expo deportiva y entrega de kits ser\u00e1 el 28 y 29 de noviembre de 10:00 a 18:00 horas en el Vel\u00f3dromo Panamericano del Polideportivo Paradero.<\/p>\n<p>La premiaci\u00f3n ser\u00e1 para los ocho primeros lugares de manera general, con 200 mil pesos al primer puesto, 100 mil al segundo y 80 mil al tercero en ambas ramas.<\/p>\n<p>En las premiaciones por categor\u00edas se dar\u00e1n 13 mil pesos al primer lugar; 9 mil, al segundo, y 5 mil al tercero. La bolsa acumulada ser\u00e1 de un mill\u00f3n 872 mil pesos de premiaci\u00f3n.<\/p>\n<p>Tambi\u00e9n habr\u00e1 premio especial para el primer mexicano y el primer jalisciense en ambas ramas, y tambi\u00e9n 35 mil pesos para quienes rompan el r\u00e9cord de 2:29:00 en la rama femenil y 2:10:00 en la varonil.<\/p>\n<p>Luis Antonio L\u00f3pez, director de inteligencia de negocios de Skarch, reiter\u00f3 el compromiso de Embotelladora Aga con la carrera y lo que representa para la ciudad.<\/p>\n<p>\u201cAgradecemos la confianza se seguir trabajando con el Marat\u00f3n de Guadalajara. Nuestro compromiso es superar lo que hicimos el a\u00f1o pasado. Hemos visto c\u00f3mo ha crecido mucho la marca en funci\u00f3n de la cultura runner y nos gusta mucho la parte de crear comunidad. Lo m\u00e1s importante es la convivencia, lo social y la comunidad que se logra en estos eventos\u201d.<\/p>\n<p>Los cierres viales comenzar\u00e1n el viernes 28 por la noche en la Glorieta Minerva, seguir\u00e1n de manera progresiva el s\u00e1bado, y el cierre total de vialidades estar\u00e1 completado el domingo a las 6:00 horas.<\/p>\n","protected":false},"excerpt":{"rendered":"<p>\u2022 La carrera tendr\u00e1 lugar el pr\u00f3ximo 30 de noviembre con salida y meta en la Minerva \u2022 El evento congregar\u00e1 a 7 mil 400 corredores en las modalidades de marat\u00f3n y carrera de relevos La Presidenta Vero Delgadillo present\u00f3, oficialmente, la nueva edici\u00f3n del Marat\u00f3n Internacional Guadalajara Skarch hidratado por Electrolit, que tendr\u00e1 lugar &hellip; <\/p>\n<p><a class=\"more-link btn\" href=\"https:\/\/lamendigapolitica.com\/?p=81873\">Seguir leyendo<\/a><\/p>\n","protected":false},"author":1,"featured_media":0,"comment_status":"open","ping_status":"closed","sticky":false,"template":"","format":"standard","meta":{"footnotes":""},"categories":[5],"tags":[],"class_list":["post-81873","post","type-post","status-publish","format-standard","hentry","category-partidos","item-wrap"],"_links":{"self":[{"href":"https:\/\/lamendigapolitica.com\/index.php?rest_route=\/wp\/v2\/posts\/81873","targetHints":{"allow":["GET"]}}],"collection":[{"href":"https:\/\/lamendigapolitica.com\/index.php?rest_route=\/wp\/v2\/posts"}],"about":[{"href":"https:\/\/lamendigapolitica.com\/index.php?rest_route=\/wp\/v2\/types\/post"}],"author":[{"embeddable":true,"href":"https:\/\/lamendigapolitica.com\/index.php?rest_route=\/wp\/v2\/users\/1"}],"replies":[{"embeddable":true,"href":"https:\/\/lamendigapolitica.com\/index.php?rest_route=%2Fwp%2Fv2%2Fcomments&post=81873"}],"version-history":[{"count":1,"href":"https:\/\/lamendigapolitica.com\/index.php?rest_route=\/wp\/v2\/posts\/81873\/revisions"}],"predecessor-version":[{"id":81875,"href":"https:\/\/lamendigapolitica.com\/index.php?rest_route=\/wp\/v2\/posts\/81873\/revisions\/81875"}],"wp:attachment":[{"href":"https:\/\/lamendigapolitica.com\/index.php?rest_route=%2Fwp%2Fv2%2Fmedia&parent=81873"}],"wp:term":[{"taxonomy":"category","embeddable":true,"href":"https:\/\/lamendigapolitica.com\/index.php?rest_route=%2Fwp%2Fv2%2Fcategories&post=81873"},{"taxonomy":"post_tag","embeddable":true,"href":"https:\/\/lamendigapolitica.com\/index.php?rest_route=%2Fwp%2Fv2%2Ftags&post=81873"}],"curies":[{"name":"wp","href":"https:\/\/api.w.org\/{rel}","templated":true}]}}