{"id":81860,"date":"2025-11-06T22:50:03","date_gmt":"2025-11-07T04:50:03","guid":{"rendered":"https:\/\/lamendigapolitica.com\/?p=81860"},"modified":"2025-11-06T22:50:03","modified_gmt":"2025-11-07T04:50:03","slug":"gobernador-de-jalisco-rinde-su-primer-informe-de-gobierno","status":"publish","type":"post","link":"https:\/\/lamendigapolitica.com\/?p=81860","title":{"rendered":"Gobernador de Jalisco rinde su primer informe de gobierno"},"content":{"rendered":"<p><img loading=\"lazy\" decoding=\"async\" class=\"aligncenter size-full wp-image-81861\" src=\"https:\/\/lamendigapolitica.com\/wp-content\/uploads\/2025\/11\/54905480837_afa6768fff_c.jpg\" alt=\"\" width=\"800\" height=\"534\" srcset=\"https:\/\/lamendigapolitica.com\/wp-content\/uploads\/2025\/11\/54905480837_afa6768fff_c.jpg 800w, https:\/\/lamendigapolitica.com\/wp-content\/uploads\/2025\/11\/54905480837_afa6768fff_c-300x200.jpg 300w, https:\/\/lamendigapolitica.com\/wp-content\/uploads\/2025\/11\/54905480837_afa6768fff_c-768x513.jpg 768w, https:\/\/lamendigapolitica.com\/wp-content\/uploads\/2025\/11\/54905480837_afa6768fff_c-555x370.jpg 555w\" sizes=\"auto, (max-width: 800px) 100vw, 800px\" \/><\/p>\n<p>El mandatario estatal llam\u00f3 a la unidad pues las y los jaliscienses merecen un clima de paz pol\u00edtica; reiter\u00f3 su llamado respetuoso a una reforma judicial al servicio de la gente<\/p>\n<p>Se informaron avances en materia de movilidad, obra p\u00fablica, infraestructura carretera, transporte p\u00fablico, educaci\u00f3n, salud, desarrollo social y econ\u00f3mico, seguridad, entre otros rubros<\/p>\n<p>Inst\u00f3 a continuar con los trabajos en atenci\u00f3n integral a colectivos de b\u00fasqueda y familiares de personas desaparecidas, y para el desarrollo y protecci\u00f3n de las mujeres<!--more--><\/p>\n<p>En un ejercicio de rendici\u00f3n de cuentas para informar a los distintos sectores de la sociedad sobre el estado que guarda la administraci\u00f3n p\u00fablica estatal, Pablo Lemus Navarro, Gobernador del Estado, present\u00f3 el informe de actividades a un a\u00f1o de trabajar al estilo Jalisco.<\/p>\n<p>En su primer ejercicio el mandatario estatal llam\u00f3 a la unidad pues, dijo, las y los jaliscienses merecen un clima de paz pol\u00edtica.<\/p>\n<p>Tambi\u00e9n reiter\u00f3 su llamado respetuoso a una reforma judicial al servicio de la gente, y que tome en cuenta las propuestas de las universidades, que garantice el estado de derecho y la legalidad.<\/p>\n<p>\u201cAmor con amor se paga y Jalisco est\u00e1 listo para trabajar con la Presidenta de la Rep\u00fablica (Claudia Sheinbaum), porque no solamente Jalisco merece unidad, M\u00e9xico merece unidad (&#8230;) La gente nos quiere ver resolviendo, y en Jalisco estamos puestos\u201d, afirm\u00f3 el mandatario estatal, quien refrend\u00f3 la voluntad de un trabajo coordinado.<\/p>\n<p>En este ejercicio se dio cuenta sobre los avances en materia de movilidad, obra p\u00fablica, infraestructura carretera, transporte p\u00fablico, educaci\u00f3n, salud, desarrollo social y econ\u00f3mico, seguridad, entre otros rubros.<\/p>\n<p>\u201cDecirle al pueblo de Jalisco que tienen mi gratitud eterna por el respaldo que me han dado (&#8230;) Tenemos que ser un gobierno cercano, pero sobre todo, un gobierno que resuelva. Nuestra principal identificaci\u00f3n es un gobierno de resultados, como los que hemos hecho siempre\u201d, se\u00f1al\u00f3.<\/p>\n<p>Se cont\u00f3 con la asistencia de autoridades de los tres niveles de gobierno, como C\u00e9sar Y\u00e1\u00f1ez Centeno Cabrera, Subsecretario de Gobernaci\u00f3n del Gobierno de M\u00e9xico, sociedad civil organizada, academia, iniciativa privada, l\u00edderes sociales y sindicales, legisladoras y legisladores locales y federales, y ex gobernadores del Estado.<\/p>\n<p>Tambi\u00e9n acudieron actores destacados del sector pol\u00edtico nacional como Dante Delgado, Samuel Garc\u00eda, Gobernador de Nuevo Le\u00f3n, y Luis Donaldo Colosio, Senador de la Rep\u00fablica.<\/p>\n<p>Lemus Navarro inst\u00f3 a continuar con los trabajos para el desarrollo y protecci\u00f3n de las mujeres, y la atenci\u00f3n integral a colectivos de b\u00fasqueda y familiares de personas desaparecidas.<\/p>\n<p>El mandatario estatal reconoci\u00f3 la importancia de visibilizar la desaparici\u00f3n de personas en el estado y el pa\u00eds, as\u00ed como tomar acciones estrat\u00e9gicas para su atenci\u00f3n.<\/p>\n<p>Afirm\u00f3 que Jalisco reconocer\u00e1 a familiares y v\u00edctimas de este delito como un sector vulnerable, quienes tendr\u00e1n el apoyo total del Estado, trabajando de la mano y en di\u00e1logo permanente con los colectivos de b\u00fasqueda y familiares.<\/p>\n<p>En el primer a\u00f1o de gobierno, se cre\u00f3 la Secretar\u00eda de Inteligencia y B\u00fasqueda de Personas, \u00fanica a nivel nacional.<\/p>\n<p>\u201cTenemos la obligaci\u00f3n de pagar una deuda hist\u00f3rica con todas estas familias, pero sobre todo tenemos un compromiso de trabajar por el futuro de nuestro Estado y de M\u00e9xico para erradicar la desaparici\u00f3n\u201d, puntualiz\u00f3 el Gobernador, al anunciar que, en 2026, incrementar\u00e1 m\u00e1s de 170 por ciento el presupuesto para esta agenda prioritaria.<\/p>\n<p>El mandatario estatal se\u00f1al\u00f3 que se trabaja en la legislaci\u00f3n federal para homologar las medidas de vigilancia en las centrales camioneras, a fin de evitar el reclutamiento forzado a trav\u00e9s de enga\u00f1os u ofertas de trabajo fraudulentas.<\/p>\n<p>Obra p\u00fablica y transporte p\u00fablico digno para las y los jaliscienses<\/p>\n<p>En el informe de resultados, Pablo Lemus, refiri\u00f3 una serie de obras de infraestructura en curso, de cara al Mundial 2026, y que quedar\u00e1n como un legado para la ciudad.<\/p>\n<p>Destacan la renovaci\u00f3n de la carretera a Chapala con la ampliaci\u00f3n a seis carriles por sentido, de los cuales, dos carriles ser\u00e1n usados para el nuevo transporte de electromovilidad, as\u00ed como las obras en Camino Real a Colima.<\/p>\n<p>Se tendr\u00e1 la apertura de carriles, en ambas obras, el 20 de noviembre y se estima su t\u00e9rmino en el \u00faltimo d\u00eda de este a\u00f1o.<\/p>\n<p>Otro proyecto de impacto para la entidad es la construcci\u00f3n de la carretera Amatit\u00e1n- San Mart\u00edn de Bola\u00f1os, la cual permitir\u00e1 conectar el \u00c1rea Metropolitana de Guadalajara con la regi\u00f3n Norte.<\/p>\n<p>El Gobernador refiri\u00f3 la modernizaci\u00f3n de casi 5 mil kil\u00f3metros de la red carretera estatal, con una inversi\u00f3n superior a 24 mil millones de pesos, que incluye acciones como renovaci\u00f3n y mantenimiento peri\u00f3dico, y que ser\u00e1 terminada en julio de 2026.<\/p>\n<p>Lemus Navarro record\u00f3 que tambi\u00e9n se impulsa obra p\u00fablica en otros municipios metropolitanos como Tlajomulco de Z\u00fa\u00f1iga, El Salto y Juanacatl\u00e1n, entre otros.<\/p>\n<p>En materia de transporte p\u00fablico, el mandatario jalisciense inform\u00f3 que en 2026, el sistema Mi Bici pondr\u00e1 en operaci\u00f3n y disposici\u00f3n de los usuarios m\u00e1s mil 200 bicis el\u00e9ctricas, que estar\u00e1n listas para el Mundial 2026.<\/p>\n<p>La L\u00ednea 4 comenzar\u00e1 operaciones el 15 de diciembre de este a\u00f1o.<\/p>\n<p>\u201cEl 15 de diciembre iniciamos operaciones L\u00ednea 4, y van a ser completamente gratuitas durante los primeros, cuando menos, 15 d\u00edas. Nos vamos todo el a\u00f1o con que quede la L\u00ednea 4 sea gratuita. Y va a operar de punta a punta\u201d, explic\u00f3 Lemus Navarro.<\/p>\n<p>Se adquirir\u00e1n nuevas unidades para el sistema Mi Macro y reducir\u00e1 de 14 a siete minutos el tiempo de espera. Esto estar\u00e1 listo en marzo del pr\u00f3ximo a\u00f1o.<\/p>\n<p>Mi Macro llegar\u00e1 hasta la zona centro de Tonal\u00e1 a finales de 2026, y para ello, actualmente est\u00e1n en construcci\u00f3n dos nuevas estaciones.<\/p>\n<p>La L\u00ednea 5 del transporte p\u00fablico tendr\u00e1 un modelo de electromovilidad y recorrer\u00e1 los municipios de El Salto, Tlajomulco de Z\u00fa\u00f1iga, Tlaquepaque, Guadalajara y Zapopan.<\/p>\n<p>Se adquirieron 200 nuevos veh\u00edculos para fortalecer el modelo de transporte p\u00fablico en el estado. De \u00e9stas, 86 nuevos camiones ser\u00e1n destinados a Puerto Vallarta, y llegar\u00e1n unidades de electromovilidad para un modelo previsto en el Boulevard Francisco Medina Ascencio, en Puerto Vallarta.<\/p>\n<p>El pr\u00f3ximo a\u00f1o iniciar\u00e1 la construcci\u00f3n del Hospital Civil de Puerto Vallarta y Zapotl\u00e1n El Grande, y la ampliaci\u00f3n del Hospital Civil de Oriente de Tonal\u00e1.<\/p>\n<p>\u201cNos hemos puesto de acuerdo para que los Hospitales Civiles en este modelo de Hospital-Escuela se repliquen en todo el estado de Jalisco\u201d, coment\u00f3 Pablo Lemus.<\/p>\n<p>En la cobertura de servicios m\u00e9dicos, el Gobernador puntualiz\u00f3 que se ha prestado atenci\u00f3n m\u00e9dica a m\u00e1s de un mill\u00f3n 300 mil personas a trav\u00e9s del Seguro Jalisco, y que se tiene una cobertura de 92 por cientos en medicamentos en la red estatal.<\/p>\n<p>En materia de seguridad el Gobernador, Pablo Lemus, dijo que es el tema prioritario de la presente Administraci\u00f3n.<\/p>\n<p>Una de las primeras acciones fue la creaci\u00f3n de la Polic\u00eda Estatal de Caminos, para el cuidado de las vialidades al interior de la entidad.<\/p>\n<p>Con el reconocimiento del Gobierno de M\u00e9xico en la reducci\u00f3n de \u00edndices delictivos, como homicidios dolosos, y en coordinaci\u00f3n con autoridades de los tres niveles de gobierno, Jalisco logr\u00f3 reducir sus \u00edndices de manera significativa en este primer a\u00f1o de gesti\u00f3n.<\/p>\n<p>En delitos patrimoniales, de enero a septiembre de 2025 versus el mismo periodo en 2024, la reducci\u00f3n en robo a personas fue de 67.3 por ciento, robo a negocios con 80.7 por ciento, robo a veh\u00edculo de 70.6 por ciento, robo a cuentahabiente de 94.7 por ciento, robo a bancos de 95.8 por ciento, y robo a veh\u00edculos de carga pesada de 86.8 por ciento.<br \/>\nEn equipamiento, se adquirieron alrededor de 700 nuevas unidades para la Secretar\u00eda de Seguridad P\u00fablica, y que fueron entregadas 259 patrullas a los 125 municipios del estado para fortalecer las acciones de vigilancia.<\/p>\n<p>Lemus Navarro adelant\u00f3 la construcci\u00f3n del nuevo Centro Escudo Urbano C5, que estar\u00e1 operando en su primera etapa en mayo de 2026 y terminado en 2027.<\/p>\n<p>El pr\u00f3ximo a\u00f1o se dar\u00e1 impulso al Aeropuerto de Chalacatepec.<\/p>\n<p>Respecto a la Copa Mundial de F\u00fatbol 2026, el Gobernador record\u00f3 que en Jalisco se jugar\u00e1n cuatro partidos, de los cuales, uno lo disputar\u00e1 la Selecci\u00f3n Mexicana en el Estadio Guadalajara.<\/p>\n","protected":false},"excerpt":{"rendered":"<p>El mandatario estatal llam\u00f3 a la unidad pues las y los jaliscienses merecen un clima de paz pol\u00edtica; reiter\u00f3 su llamado respetuoso a una reforma judicial al servicio de la gente Se informaron avances en materia de movilidad, obra p\u00fablica, infraestructura carretera, transporte p\u00fablico, educaci\u00f3n, salud, desarrollo social y econ\u00f3mico, seguridad, entre otros rubros Inst\u00f3 &hellip; <\/p>\n<p><a class=\"more-link btn\" href=\"https:\/\/lamendigapolitica.com\/?p=81860\">Seguir leyendo<\/a><\/p>\n","protected":false},"author":1,"featured_media":0,"comment_status":"open","ping_status":"closed","sticky":false,"template":"","format":"standard","meta":{"footnotes":""},"categories":[5],"tags":[],"class_list":["post-81860","post","type-post","status-publish","format-standard","hentry","category-partidos","item-wrap"],"_links":{"self":[{"href":"https:\/\/lamendigapolitica.com\/index.php?rest_route=\/wp\/v2\/posts\/81860","targetHints":{"allow":["GET"]}}],"collection":[{"href":"https:\/\/lamendigapolitica.com\/index.php?rest_route=\/wp\/v2\/posts"}],"about":[{"href":"https:\/\/lamendigapolitica.com\/index.php?rest_route=\/wp\/v2\/types\/post"}],"author":[{"embeddable":true,"href":"https:\/\/lamendigapolitica.com\/index.php?rest_route=\/wp\/v2\/users\/1"}],"replies":[{"embeddable":true,"href":"https:\/\/lamendigapolitica.com\/index.php?rest_route=%2Fwp%2Fv2%2Fcomments&post=81860"}],"version-history":[{"count":1,"href":"https:\/\/lamendigapolitica.com\/index.php?rest_route=\/wp\/v2\/posts\/81860\/revisions"}],"predecessor-version":[{"id":81862,"href":"https:\/\/lamendigapolitica.com\/index.php?rest_route=\/wp\/v2\/posts\/81860\/revisions\/81862"}],"wp:attachment":[{"href":"https:\/\/lamendigapolitica.com\/index.php?rest_route=%2Fwp%2Fv2%2Fmedia&parent=81860"}],"wp:term":[{"taxonomy":"category","embeddable":true,"href":"https:\/\/lamendigapolitica.com\/index.php?rest_route=%2Fwp%2Fv2%2Fcategories&post=81860"},{"taxonomy":"post_tag","embeddable":true,"href":"https:\/\/lamendigapolitica.com\/index.php?rest_route=%2Fwp%2Fv2%2Ftags&post=81860"}],"curies":[{"name":"wp","href":"https:\/\/api.w.org\/{rel}","templated":true}]}}