{"id":81857,"date":"2025-11-03T20:25:35","date_gmt":"2025-11-04T02:25:35","guid":{"rendered":"https:\/\/lamendigapolitica.com\/?p=81857"},"modified":"2025-11-04T20:28:10","modified_gmt":"2025-11-05T02:28:10","slug":"participa-guadalajara-en-la-cumbre-mundial-de-alcaldes-del-c40-en-brasil","status":"publish","type":"post","link":"https:\/\/lamendigapolitica.com\/?p=81857","title":{"rendered":"Participa Guadalajara en la Cumbre Mundial de Alcaldes del C40, en Brasil"},"content":{"rendered":"<p><img loading=\"lazy\" decoding=\"async\" class=\"aligncenter size-full wp-image-81858\" src=\"https:\/\/lamendigapolitica.com\/wp-content\/uploads\/2025\/11\/WhatsApp-Image-2025-11-03-at-6.25.03-PM.jpeg\" alt=\"\" width=\"720\" height=\"1280\" srcset=\"https:\/\/lamendigapolitica.com\/wp-content\/uploads\/2025\/11\/WhatsApp-Image-2025-11-03-at-6.25.03-PM.jpeg 720w, https:\/\/lamendigapolitica.com\/wp-content\/uploads\/2025\/11\/WhatsApp-Image-2025-11-03-at-6.25.03-PM-169x300.jpeg 169w, https:\/\/lamendigapolitica.com\/wp-content\/uploads\/2025\/11\/WhatsApp-Image-2025-11-03-at-6.25.03-PM-576x1024.jpeg 576w, https:\/\/lamendigapolitica.com\/wp-content\/uploads\/2025\/11\/WhatsApp-Image-2025-11-03-at-6.25.03-PM-555x987.jpeg 555w\" sizes=\"auto, (max-width: 720px) 100vw, 720px\" \/><\/p>\n<p>&nbsp;<\/p>\n<p>El Gobierno de Guadalajara participa en la Cumbre Mundial de Alcaldes del C40, donde fortalecer\u00e1 las relaciones t\u00e9cnicas y acceder a financiamientos que permitan continuar con acciones encaminadas a combatir el cambio clim\u00e1tico.<\/p>\n<p>La Presidenta Vero Delgadillo se\u00f1al\u00f3 que el Gobierno integra la acci\u00f3n clim\u00e1tica como centro del modelo de desarrollo que prioriza a quienes m\u00e1s lo necesitan y tiene un enfoque incluyente.<!--more--><\/p>\n<p>\u201cDise\u00f1amos pol\u00edticas clim\u00e1ticas sensibles, efectivas, porque lo hacemos en el territorio y eso s\u00ed, de la mano de la gente a trav\u00e9s de ejercicios permanentes como los Martes Comunitarios, los S\u00e1bados de Corresponsabilidad, con las vecinas y vecinos construimos soluciones para nuestra comunidad\u201d, coment\u00f3.<\/p>\n<p>La Presidenta agreg\u00f3 que al participar en este tipo de Conferencias y ser parte del C40 se da continuidad a un trabajo que tiene m\u00e1s de cuatro a\u00f1os y que se ha consolidado en que Guadalajara tenga el primer lugar de baja emisiones.<\/p>\n<p>\u201cEsta visi\u00f3n de justicia clim\u00e1tica se traduce en instrumentos, por ejemplo, de planeaci\u00f3n y sobre todo en acciones sumamente concretas. Un gran ejemplo de esto es la zona de bajas emisiones en Guadalajara, la primera en todo M\u00e9xico que hoy es una realidad gracias al programa de implementaci\u00f3n de acci\u00f3n clim\u00e1tica financiado por el Gobierno del Reino Unido y ejecutado en colaboraci\u00f3n con C40\u201d.<\/p>\n<p>En la Cumbre, que se realiza en Brasil, participa el Jefe de la Oficina Ejecutiva de Presidencia, Mario Silva, record\u00f3 que desde 2018 se trabaja como parte del C40 con lo que se ha logrado el Plan de Acci\u00f3n Clim\u00e1tica Metropolitana y la zona de bajas emisiones, en el Paseo Alcalde.<\/p>\n<p>\u201cVenimos precisamente para ver c\u00f3mo podemos optimizar y continuar con el trabajo que se ha construido en todo este tiempo, queremos continuar siendo esta Ciudad que te Cuida\u201d, dijo Silva.<\/p>\n","protected":false},"excerpt":{"rendered":"<p>&nbsp; El Gobierno de Guadalajara participa en la Cumbre Mundial de Alcaldes del C40, donde fortalecer\u00e1 las relaciones t\u00e9cnicas y acceder a financiamientos que permitan continuar con acciones encaminadas a combatir el cambio clim\u00e1tico. La Presidenta Vero Delgadillo se\u00f1al\u00f3 que el Gobierno integra la acci\u00f3n clim\u00e1tica como centro del modelo de desarrollo que prioriza a &hellip; <\/p>\n<p><a class=\"more-link btn\" href=\"https:\/\/lamendigapolitica.com\/?p=81857\">Seguir leyendo<\/a><\/p>\n","protected":false},"author":1,"featured_media":0,"comment_status":"open","ping_status":"closed","sticky":false,"template":"","format":"standard","meta":{"footnotes":""},"categories":[5],"tags":[],"class_list":["post-81857","post","type-post","status-publish","format-standard","hentry","category-partidos","item-wrap"],"_links":{"self":[{"href":"https:\/\/lamendigapolitica.com\/index.php?rest_route=\/wp\/v2\/posts\/81857","targetHints":{"allow":["GET"]}}],"collection":[{"href":"https:\/\/lamendigapolitica.com\/index.php?rest_route=\/wp\/v2\/posts"}],"about":[{"href":"https:\/\/lamendigapolitica.com\/index.php?rest_route=\/wp\/v2\/types\/post"}],"author":[{"embeddable":true,"href":"https:\/\/lamendigapolitica.com\/index.php?rest_route=\/wp\/v2\/users\/1"}],"replies":[{"embeddable":true,"href":"https:\/\/lamendigapolitica.com\/index.php?rest_route=%2Fwp%2Fv2%2Fcomments&post=81857"}],"version-history":[{"count":1,"href":"https:\/\/lamendigapolitica.com\/index.php?rest_route=\/wp\/v2\/posts\/81857\/revisions"}],"predecessor-version":[{"id":81859,"href":"https:\/\/lamendigapolitica.com\/index.php?rest_route=\/wp\/v2\/posts\/81857\/revisions\/81859"}],"wp:attachment":[{"href":"https:\/\/lamendigapolitica.com\/index.php?rest_route=%2Fwp%2Fv2%2Fmedia&parent=81857"}],"wp:term":[{"taxonomy":"category","embeddable":true,"href":"https:\/\/lamendigapolitica.com\/index.php?rest_route=%2Fwp%2Fv2%2Fcategories&post=81857"},{"taxonomy":"post_tag","embeddable":true,"href":"https:\/\/lamendigapolitica.com\/index.php?rest_route=%2Fwp%2Fv2%2Ftags&post=81857"}],"curies":[{"name":"wp","href":"https:\/\/api.w.org\/{rel}","templated":true}]}}