{"id":81853,"date":"2025-11-04T19:16:43","date_gmt":"2025-11-05T01:16:43","guid":{"rendered":"https:\/\/lamendigapolitica.com\/?p=81853"},"modified":"2025-11-04T19:16:43","modified_gmt":"2025-11-05T01:16:43","slug":"puerto-vallarta-evacua-con-exito-en-simulacro-de-tsunami","status":"publish","type":"post","link":"https:\/\/lamendigapolitica.com\/?p=81853","title":{"rendered":"Puerto Vallarta evac\u00faa con \u00e9xito en simulacro de tsunami"},"content":{"rendered":"<p><img loading=\"lazy\" decoding=\"async\" class=\"aligncenter size-full wp-image-81854\" src=\"https:\/\/lamendigapolitica.com\/wp-content\/uploads\/2025\/11\/COMUNICADO-1195-11.jpeg\" alt=\"\" width=\"1280\" height=\"853\" srcset=\"https:\/\/lamendigapolitica.com\/wp-content\/uploads\/2025\/11\/COMUNICADO-1195-11.jpeg 1280w, https:\/\/lamendigapolitica.com\/wp-content\/uploads\/2025\/11\/COMUNICADO-1195-11-300x200.jpeg 300w, https:\/\/lamendigapolitica.com\/wp-content\/uploads\/2025\/11\/COMUNICADO-1195-11-1024x682.jpeg 1024w, https:\/\/lamendigapolitica.com\/wp-content\/uploads\/2025\/11\/COMUNICADO-1195-11-768x512.jpeg 768w, https:\/\/lamendigapolitica.com\/wp-content\/uploads\/2025\/11\/COMUNICADO-1195-11-555x370.jpeg 555w\" sizes=\"auto, (max-width: 1280px) 100vw, 1280px\" \/><\/p>\n<p>\u00b7 En el simulacro participaron escuelas, dependencias municipales, establecimientos de servicios y condominios<\/p>\n<p>El Simulacro de Tsunami 2025 fue un ejercicio de prevenci\u00f3n y respuesta ante emergencias que se llev\u00f3 a cabo en Puerto Vallarta este martes, logrando la evacuaci\u00f3n de m\u00e1s de 1,300 personas de la franja tur\u00edstica y zonas de riesgo, quienes participaron activamente.<\/p>\n<p>En el simulacro participaron seis escuelas de la zona centro, as\u00ed como personal de la Presidencia Municipal y nueve establecimientos de servicios y condominios, que realizaron de manera ordenada y coordinada los protocolos de evacuaci\u00f3n establecidos. Durante el ejercicio, se cerr\u00f3 la calle Ju\u00e1rez, entre Guerrero e Iturbide, para permitir la circulaci\u00f3n fluida de los evacuados.<!--more--><\/p>\n<p>La regidora Laurel Carrillo Ventura, presidenta de la comisi\u00f3n edilicia de Protecci\u00f3n Civil, Bomberos, Gesti\u00f3n Integral de Riesgos y Resiliencia, destac\u00f3 que es fundamental estar informados y coordinar esfuerzos entre todas las direcciones del gobierno para responder de manera efectiva ante situaciones de emergencia.<\/p>\n<p>Por su parte, el director de Protecci\u00f3n Civil y Bomberos de Puerto Vallarta, Misael L\u00f3pez Muro, resalt\u00f3 que la indicaci\u00f3n del alcalde Luis Mungu\u00eda es que este destino participe en estos ejercicios, en los que se fortalezca la cultura de la protecci\u00f3n civil, promoviendo la participaci\u00f3n ciudadana y la preparaci\u00f3n ante un posible evento de tsunami, con el fin de salvaguardar la integridad de la poblaci\u00f3n y mejorar la capacidad de respuesta institucional.<\/p>\n","protected":false},"excerpt":{"rendered":"<p>\u00b7 En el simulacro participaron escuelas, dependencias municipales, establecimientos de servicios y condominios El Simulacro de Tsunami 2025 fue un ejercicio de prevenci\u00f3n y respuesta ante emergencias que se llev\u00f3 a cabo en Puerto Vallarta este martes, logrando la evacuaci\u00f3n de m\u00e1s de 1,300 personas de la franja tur\u00edstica y zonas de riesgo, quienes participaron &hellip; <\/p>\n<p><a class=\"more-link btn\" href=\"https:\/\/lamendigapolitica.com\/?p=81853\">Seguir leyendo<\/a><\/p>\n","protected":false},"author":1,"featured_media":0,"comment_status":"open","ping_status":"closed","sticky":false,"template":"","format":"standard","meta":{"footnotes":""},"categories":[5],"tags":[],"class_list":["post-81853","post","type-post","status-publish","format-standard","hentry","category-partidos","item-wrap"],"_links":{"self":[{"href":"https:\/\/lamendigapolitica.com\/index.php?rest_route=\/wp\/v2\/posts\/81853","targetHints":{"allow":["GET"]}}],"collection":[{"href":"https:\/\/lamendigapolitica.com\/index.php?rest_route=\/wp\/v2\/posts"}],"about":[{"href":"https:\/\/lamendigapolitica.com\/index.php?rest_route=\/wp\/v2\/types\/post"}],"author":[{"embeddable":true,"href":"https:\/\/lamendigapolitica.com\/index.php?rest_route=\/wp\/v2\/users\/1"}],"replies":[{"embeddable":true,"href":"https:\/\/lamendigapolitica.com\/index.php?rest_route=%2Fwp%2Fv2%2Fcomments&post=81853"}],"version-history":[{"count":1,"href":"https:\/\/lamendigapolitica.com\/index.php?rest_route=\/wp\/v2\/posts\/81853\/revisions"}],"predecessor-version":[{"id":81855,"href":"https:\/\/lamendigapolitica.com\/index.php?rest_route=\/wp\/v2\/posts\/81853\/revisions\/81855"}],"wp:attachment":[{"href":"https:\/\/lamendigapolitica.com\/index.php?rest_route=%2Fwp%2Fv2%2Fmedia&parent=81853"}],"wp:term":[{"taxonomy":"category","embeddable":true,"href":"https:\/\/lamendigapolitica.com\/index.php?rest_route=%2Fwp%2Fv2%2Fcategories&post=81853"},{"taxonomy":"post_tag","embeddable":true,"href":"https:\/\/lamendigapolitica.com\/index.php?rest_route=%2Fwp%2Fv2%2Ftags&post=81853"}],"curies":[{"name":"wp","href":"https:\/\/api.w.org\/{rel}","templated":true}]}}