{"id":81849,"date":"2025-11-02T19:06:16","date_gmt":"2025-11-03T01:06:16","guid":{"rendered":"https:\/\/lamendigapolitica.com\/?p=81849"},"modified":"2025-11-04T19:10:04","modified_gmt":"2025-11-05T01:10:04","slug":"mas-de-30-mil-asistentes-celebraron-la-vida-en-el-festival-mictlan-2025","status":"publish","type":"post","link":"https:\/\/lamendigapolitica.com\/?p=81849","title":{"rendered":"M\u00e1s de 30 mil asistentes celebraron la vida en el Festival Mictl\u00e1n 2025"},"content":{"rendered":"<p><img loading=\"lazy\" decoding=\"async\" class=\"aligncenter size-full wp-image-81850\" src=\"https:\/\/lamendigapolitica.com\/wp-content\/uploads\/2025\/11\/1.jpg\" alt=\"\" width=\"1280\" height=\"720\" srcset=\"https:\/\/lamendigapolitica.com\/wp-content\/uploads\/2025\/11\/1.jpg 1280w, https:\/\/lamendigapolitica.com\/wp-content\/uploads\/2025\/11\/1-300x169.jpg 300w, https:\/\/lamendigapolitica.com\/wp-content\/uploads\/2025\/11\/1-1024x576.jpg 1024w, https:\/\/lamendigapolitica.com\/wp-content\/uploads\/2025\/11\/1-768x432.jpg 768w, https:\/\/lamendigapolitica.com\/wp-content\/uploads\/2025\/11\/1-555x312.jpg 555w\" sizes=\"auto, (max-width: 1280px) 100vw, 1280px\" \/><\/p>\n<p>La novena edici\u00f3n del tradicional encuentro registr\u00f3 una derrama econ\u00f3mica de 10 millones de pesos<\/p>\n<p>\u2060Este a\u00f1o, el festival estuvo dedicado a la m\u00fasica<\/p>\n<p>Tlajomulco vivi\u00f3 un fin de semana lleno de color, m\u00fasica y tradici\u00f3n con la novena edici\u00f3n del Festival Mictl\u00e1n 2025, que reuni\u00f3 a m\u00e1s de 30 mil visitantes y gener\u00f3 una derrama econ\u00f3mica estimada en 10 millones de pesos, consolid\u00e1ndose como uno de los eventos culturales m\u00e1s representativos del municipio.<!--more--><\/p>\n<p>Este a\u00f1o, el festival estuvo dedicado a la m\u00fasica como puente para recordar a quienes ya no est\u00e1n, evocando la memoria colectiva y el valor de las ra\u00edces mexicanas que dan identidad al pa\u00eds.<\/p>\n<p>&nbsp;<\/p>\n<p>La celebraci\u00f3n que honra la vida, la memoria y las tradiciones mexicanas se realiz\u00f3 en la localidad de San Juan Evangelista, donde las calles se llenaron de color con expresiones de arte, gastronom\u00eda y talento local.<\/p>\n<p>&nbsp;<\/p>\n<p>El acto protocolario de cierre estuvo encabezado por la s\u00edndico municipal Thania Edith Morales, quien destac\u00f3 la importancia de mantener vivas las costumbres que fortalecen la identidad comunitaria y fomentan la uni\u00f3n familiar.<\/p>\n<p>&nbsp;<\/p>\n<p>Organizado por la Direcci\u00f3n de Turismo, con la participaci\u00f3n de la Direcci\u00f3n de Cultura, el Instituto de Alternativas para los J\u00f3venes (Indajo) y la Direcci\u00f3n de Cementerios Municipales, entre otras dependencias municipales, el festival reafirm\u00f3 su car\u00e1cter familiar, su fusi\u00f3n entre tradici\u00f3n y modernidad, y su compromiso con la promoci\u00f3n del talento local.<\/p>\n<p>&nbsp;<\/p>\n<p>Durante tres d\u00edas \u2014del 31 de octubre al 2 de noviembre\u2014 el Festival Mictl\u00e1n ofreci\u00f3 presentaciones art\u00edsticas, concursos, desfiles de catrinas, actividades culturales y una amplia oferta gastron\u00f3mica con acceso gratuito para todas las edades.<\/p>\n<p>&nbsp;<\/p>\n<p>El Festival Mictl\u00e1n 2025 ratifica el compromiso del Gobierno de Tlajomulco con la preservaci\u00f3n de las tradiciones mexicanas, la promoci\u00f3n del turismo local y el fortalecimiento de la econom\u00eda comunitaria a trav\u00e9s de eventos que celebran lo que somos: un municipio vivo, creativo y orgulloso de sus ra\u00edces.<\/p>\n<p>&nbsp;<\/p>\n<p>&nbsp;<\/p>\n","protected":false},"excerpt":{"rendered":"<p>La novena edici\u00f3n del tradicional encuentro registr\u00f3 una derrama econ\u00f3mica de 10 millones de pesos \u2060Este a\u00f1o, el festival estuvo dedicado a la m\u00fasica Tlajomulco vivi\u00f3 un fin de semana lleno de color, m\u00fasica y tradici\u00f3n con la novena edici\u00f3n del Festival Mictl\u00e1n 2025, que reuni\u00f3 a m\u00e1s de 30 mil visitantes y gener\u00f3 una &hellip; <\/p>\n<p><a class=\"more-link btn\" href=\"https:\/\/lamendigapolitica.com\/?p=81849\">Seguir leyendo<\/a><\/p>\n","protected":false},"author":1,"featured_media":0,"comment_status":"open","ping_status":"closed","sticky":false,"template":"","format":"standard","meta":{"footnotes":""},"categories":[5],"tags":[],"class_list":["post-81849","post","type-post","status-publish","format-standard","hentry","category-partidos","item-wrap"],"_links":{"self":[{"href":"https:\/\/lamendigapolitica.com\/index.php?rest_route=\/wp\/v2\/posts\/81849","targetHints":{"allow":["GET"]}}],"collection":[{"href":"https:\/\/lamendigapolitica.com\/index.php?rest_route=\/wp\/v2\/posts"}],"about":[{"href":"https:\/\/lamendigapolitica.com\/index.php?rest_route=\/wp\/v2\/types\/post"}],"author":[{"embeddable":true,"href":"https:\/\/lamendigapolitica.com\/index.php?rest_route=\/wp\/v2\/users\/1"}],"replies":[{"embeddable":true,"href":"https:\/\/lamendigapolitica.com\/index.php?rest_route=%2Fwp%2Fv2%2Fcomments&post=81849"}],"version-history":[{"count":1,"href":"https:\/\/lamendigapolitica.com\/index.php?rest_route=\/wp\/v2\/posts\/81849\/revisions"}],"predecessor-version":[{"id":81851,"href":"https:\/\/lamendigapolitica.com\/index.php?rest_route=\/wp\/v2\/posts\/81849\/revisions\/81851"}],"wp:attachment":[{"href":"https:\/\/lamendigapolitica.com\/index.php?rest_route=%2Fwp%2Fv2%2Fmedia&parent=81849"}],"wp:term":[{"taxonomy":"category","embeddable":true,"href":"https:\/\/lamendigapolitica.com\/index.php?rest_route=%2Fwp%2Fv2%2Fcategories&post=81849"},{"taxonomy":"post_tag","embeddable":true,"href":"https:\/\/lamendigapolitica.com\/index.php?rest_route=%2Fwp%2Fv2%2Ftags&post=81849"}],"curies":[{"name":"wp","href":"https:\/\/api.w.org\/{rel}","templated":true}]}}