{"id":81846,"date":"2025-11-01T21:25:04","date_gmt":"2025-11-02T03:25:04","guid":{"rendered":"https:\/\/lamendigapolitica.com\/?p=81846"},"modified":"2025-11-01T21:25:04","modified_gmt":"2025-11-02T03:25:04","slug":"zapopan-celebra-la-novena-edicion-de-la-velada-de-dia-de-muertos-calaveritas-zapopan-2025","status":"publish","type":"post","link":"https:\/\/lamendigapolitica.com\/?p=81846","title":{"rendered":"Zapopan celebra la novena edici\u00f3n de la Velada de D\u00eda de Muertos \u201cCalaveritas Zapopan 2025\u201d"},"content":{"rendered":"<p><img loading=\"lazy\" decoding=\"async\" class=\"aligncenter size-full wp-image-81847\" src=\"https:\/\/lamendigapolitica.com\/wp-content\/uploads\/2025\/11\/54892609522_0f35ef5b0b_c.jpg\" alt=\"\" width=\"800\" height=\"450\" srcset=\"https:\/\/lamendigapolitica.com\/wp-content\/uploads\/2025\/11\/54892609522_0f35ef5b0b_c.jpg 800w, https:\/\/lamendigapolitica.com\/wp-content\/uploads\/2025\/11\/54892609522_0f35ef5b0b_c-300x169.jpg 300w, https:\/\/lamendigapolitica.com\/wp-content\/uploads\/2025\/11\/54892609522_0f35ef5b0b_c-768x432.jpg 768w, https:\/\/lamendigapolitica.com\/wp-content\/uploads\/2025\/11\/54892609522_0f35ef5b0b_c-555x312.jpg 555w\" sizes=\"auto, (max-width: 800px) 100vw, 800px\" \/><\/p>\n<p>Con m\u00fasica, arte y color, el Presidente Municipal Juan Jos\u00e9 Frangie Saade encabez\u00f3 el festejo con identidad mexicana<\/p>\n<p>En el marco de la tradicional Velada de D\u00eda de Muertos \u201cCalaveritas Zapopan 2025\u201d, el Presidente Municipal de Zapopan, Juan Jos\u00e9 Frangie Saade, encabez\u00f3 la premiaci\u00f3n del concurso de altares reafirmando el compromiso del Gobierno Municipal por mantener vivas las tradiciones mexicanas y fomentar la convivencia familiar en espacios p\u00fablicos.<!--more--><\/p>\n<p>El evento, que se realiza por noveno a\u00f1o consecutivo y cuarto en el Parque de las Ni\u00f1as y los Ni\u00f1os de Zapopan, reuni\u00f3 a familias, vecinas, vecinos y distintas dependencias municipales que participaron con creatividad y devoci\u00f3n en la elaboraci\u00f3n de los altares dedicados a los fieles difuntos.<\/p>\n<p>\u201cEste es un evento y una gran tradici\u00f3n que traen a las ni\u00f1as y los ni\u00f1os, porque al final de cuentas lo que tenemos que hacer es que no pierdan esas costumbres tan bonitas que tenemos los mexicanos en este D\u00eda de Muertos\u201d, destac\u00f3 el Alcalde Juan Jos\u00e9 Frangie Saade durante su intervenci\u00f3n.<\/p>\n<p>El Presidente Municipal reconoci\u00f3 la participaci\u00f3n de las direcciones y coordinaciones del Gobierno de Zapopan, as\u00ed como de las escuelas y colonias que se sumaron con entusiasmo a este acto que honra la memoria de quienes han partido.<\/p>\n<p>\u201cLlevamos ya cuatro a\u00f1os celebr\u00e1ndolo aqu\u00ed en el Parque de las Ni\u00f1as y los Ni\u00f1os, y la verdad me da mucho gusto que cada d\u00eda mejora y mejora\u201d, expres\u00f3 Frangie, quien tambi\u00e9n agradeci\u00f3 el trabajo de las y los servidores p\u00fablicos involucrados en la organizaci\u00f3n del evento.<\/p>\n<p>Asimismo, el Primer Edil hizo hincapi\u00e9 en la importancia de fomentar la uni\u00f3n familiar y el arraigo cultural entre las nuevas generaciones: \u201cAgradezco a las familias que hoy se re\u00fanen aqu\u00ed, porque lo m\u00e1s importante es que nuestras ni\u00f1as y nuestros ni\u00f1os crezcan con estas tradiciones, con orgullo y con amor por nuestras ra\u00edces\u201d, subray\u00f3.<\/p>\n<p>Durante la velada se presentaron diversos espect\u00e1culos culturales y art\u00edsticos, entre ellos el ballet folcl\u00f3rico Alegr\u00eda de Jalisco, un juego de pelota prehisp\u00e1nico, banda de alientos, alebrijes monumentales, videomapping y un candlelight colectivo que ilumin\u00f3 el recinto con un emotivo homenaje a las y los ausentes.<\/p>\n<p>En el concurso de altares, los ganadores fueron:<\/p>\n<p>Primer lugar: Direcci\u00f3n de Parques y Jardines<\/p>\n<p>Segundo lugar: Coordinaci\u00f3n General de Construcci\u00f3n de Comunidad<\/p>\n<p>Tercer lugar: Direcci\u00f3n de Gesti\u00f3n Integral del Agua y Drenaje y Cuadrilla de Servicios Municipales<\/p>\n<p>El evento cont\u00f3 con la participaci\u00f3n de 13 direcciones y coordinaciones municipales, as\u00ed como con el apoyo de patrocinadores locales, entre ellos Candelight, Charros de Jalisco y la Agencia Metropolitana de Espect\u00e1culos.<\/p>\n<p>Con actividades llenas de color, m\u00fasica, flores y tradici\u00f3n, \u201cCalaveritas Zapopan 2025\u201d reafirma el compromiso del Gobierno de Zapopan por preservar las costumbres mexicanas y fortalecer la identidad cultural de las familias zapopanas.<\/p>\n<p>&nbsp;<\/p>\n<p>&nbsp;<\/p>\n","protected":false},"excerpt":{"rendered":"<p>Con m\u00fasica, arte y color, el Presidente Municipal Juan Jos\u00e9 Frangie Saade encabez\u00f3 el festejo con identidad mexicana En el marco de la tradicional Velada de D\u00eda de Muertos \u201cCalaveritas Zapopan 2025\u201d, el Presidente Municipal de Zapopan, Juan Jos\u00e9 Frangie Saade, encabez\u00f3 la premiaci\u00f3n del concurso de altares reafirmando el compromiso del Gobierno Municipal por &hellip; <\/p>\n<p><a class=\"more-link btn\" href=\"https:\/\/lamendigapolitica.com\/?p=81846\">Seguir leyendo<\/a><\/p>\n","protected":false},"author":1,"featured_media":0,"comment_status":"open","ping_status":"closed","sticky":false,"template":"","format":"standard","meta":{"footnotes":""},"categories":[5],"tags":[],"class_list":["post-81846","post","type-post","status-publish","format-standard","hentry","category-partidos","item-wrap"],"_links":{"self":[{"href":"https:\/\/lamendigapolitica.com\/index.php?rest_route=\/wp\/v2\/posts\/81846","targetHints":{"allow":["GET"]}}],"collection":[{"href":"https:\/\/lamendigapolitica.com\/index.php?rest_route=\/wp\/v2\/posts"}],"about":[{"href":"https:\/\/lamendigapolitica.com\/index.php?rest_route=\/wp\/v2\/types\/post"}],"author":[{"embeddable":true,"href":"https:\/\/lamendigapolitica.com\/index.php?rest_route=\/wp\/v2\/users\/1"}],"replies":[{"embeddable":true,"href":"https:\/\/lamendigapolitica.com\/index.php?rest_route=%2Fwp%2Fv2%2Fcomments&post=81846"}],"version-history":[{"count":1,"href":"https:\/\/lamendigapolitica.com\/index.php?rest_route=\/wp\/v2\/posts\/81846\/revisions"}],"predecessor-version":[{"id":81848,"href":"https:\/\/lamendigapolitica.com\/index.php?rest_route=\/wp\/v2\/posts\/81846\/revisions\/81848"}],"wp:attachment":[{"href":"https:\/\/lamendigapolitica.com\/index.php?rest_route=%2Fwp%2Fv2%2Fmedia&parent=81846"}],"wp:term":[{"taxonomy":"category","embeddable":true,"href":"https:\/\/lamendigapolitica.com\/index.php?rest_route=%2Fwp%2Fv2%2Fcategories&post=81846"},{"taxonomy":"post_tag","embeddable":true,"href":"https:\/\/lamendigapolitica.com\/index.php?rest_route=%2Fwp%2Fv2%2Ftags&post=81846"}],"curies":[{"name":"wp","href":"https:\/\/api.w.org\/{rel}","templated":true}]}}