{"id":81820,"date":"2025-10-23T12:09:05","date_gmt":"2025-10-23T18:09:05","guid":{"rendered":"https:\/\/lamendigapolitica.com\/?p=81820"},"modified":"2025-10-27T12:15:24","modified_gmt":"2025-10-27T18:15:24","slug":"zapopan-lider-en-percepcion-de-seguridad-en-el-amg","status":"publish","type":"post","link":"https:\/\/lamendigapolitica.com\/?p=81820","title":{"rendered":"Zapopan, l\u00edder en percepci\u00f3n de seguridad en el AMG"},"content":{"rendered":"<p><img loading=\"lazy\" decoding=\"async\" class=\"aligncenter size-full wp-image-81821\" src=\"https:\/\/lamendigapolitica.com\/wp-content\/uploads\/2025\/10\/54211243888_fa1b16efcd_c.jpg\" alt=\"\" width=\"799\" height=\"533\" srcset=\"https:\/\/lamendigapolitica.com\/wp-content\/uploads\/2025\/10\/54211243888_fa1b16efcd_c.jpg 799w, https:\/\/lamendigapolitica.com\/wp-content\/uploads\/2025\/10\/54211243888_fa1b16efcd_c-300x200.jpg 300w, https:\/\/lamendigapolitica.com\/wp-content\/uploads\/2025\/10\/54211243888_fa1b16efcd_c-768x512.jpg 768w, https:\/\/lamendigapolitica.com\/wp-content\/uploads\/2025\/10\/54211243888_fa1b16efcd_c-555x370.jpg 555w\" sizes=\"auto, (max-width: 799px) 100vw, 799px\" \/><\/p>\n<p>El municipio tiene una reducci\u00f3n de 3.5 puntos porcentuales en la Encuesta Nacional de Seguridad P\u00fablica Urbana<\/p>\n<p>El Gobierno de Zapopan contin\u00faa consolidando su liderazgo en materia de seguridad y confianza ciudadana. De acuerdo con los resultados del tercer trimestre de 2025 de la Encuesta Nacional de Seguridad P\u00fablica Urbana (ENSU), elaborada por el Instituto Nacional de Estad\u00edstica y Geograf\u00eda (Inegi), la percepci\u00f3n de inseguridad entre las y los zapopanos disminuy\u00f3 de 53% a 49.5%, una reducci\u00f3n de 3.5 puntos porcentuales con respecto a la evaluaci\u00f3n previa.<!--more--><\/p>\n<p>Con este resultado, Zapopan se mantiene como el municipio con menor percepci\u00f3n de inseguridad en el \u00c1rea Metropolitana de Guadalajara (AMG), lo que reafirma el compromiso del Gobierno Municipal con la seguridad y el bienestar de las familias.<\/p>\n<p>A nivel nacional, el municipio se posicion\u00f3 en el segundo lugar entre las ciudades con m\u00e1s de un mill\u00f3n de habitantes, solo por debajo de Quer\u00e9taro (44.8%) y por encima de Nezahualc\u00f3yotl (60.8%). Este desempe\u00f1o coloca a Zapopan como un referente en la implementaci\u00f3n de estrategias efectivas para la prevenci\u00f3n y atenci\u00f3n de la seguridad p\u00fablica.<\/p>\n<p>La reciente cifra trimestral de la ENSU representa la tercera m\u00e1s baja registrada desde que inici\u00f3 esta medici\u00f3n en 2018, reflejo del trabajo constante de la administraci\u00f3n municipal por generar entornos m\u00e1s seguros y mejorar la calidad de vida de sus habitantes.<\/p>\n<p>&nbsp;<\/p>\n","protected":false},"excerpt":{"rendered":"<p>El municipio tiene una reducci\u00f3n de 3.5 puntos porcentuales en la Encuesta Nacional de Seguridad P\u00fablica Urbana El Gobierno de Zapopan contin\u00faa consolidando su liderazgo en materia de seguridad y confianza ciudadana. De acuerdo con los resultados del tercer trimestre de 2025 de la Encuesta Nacional de Seguridad P\u00fablica Urbana (ENSU), elaborada por el Instituto &hellip; <\/p>\n<p><a class=\"more-link btn\" href=\"https:\/\/lamendigapolitica.com\/?p=81820\">Seguir leyendo<\/a><\/p>\n","protected":false},"author":1,"featured_media":0,"comment_status":"open","ping_status":"closed","sticky":false,"template":"","format":"standard","meta":{"footnotes":""},"categories":[5],"tags":[],"class_list":["post-81820","post","type-post","status-publish","format-standard","hentry","category-partidos","item-wrap"],"_links":{"self":[{"href":"https:\/\/lamendigapolitica.com\/index.php?rest_route=\/wp\/v2\/posts\/81820","targetHints":{"allow":["GET"]}}],"collection":[{"href":"https:\/\/lamendigapolitica.com\/index.php?rest_route=\/wp\/v2\/posts"}],"about":[{"href":"https:\/\/lamendigapolitica.com\/index.php?rest_route=\/wp\/v2\/types\/post"}],"author":[{"embeddable":true,"href":"https:\/\/lamendigapolitica.com\/index.php?rest_route=\/wp\/v2\/users\/1"}],"replies":[{"embeddable":true,"href":"https:\/\/lamendigapolitica.com\/index.php?rest_route=%2Fwp%2Fv2%2Fcomments&post=81820"}],"version-history":[{"count":1,"href":"https:\/\/lamendigapolitica.com\/index.php?rest_route=\/wp\/v2\/posts\/81820\/revisions"}],"predecessor-version":[{"id":81822,"href":"https:\/\/lamendigapolitica.com\/index.php?rest_route=\/wp\/v2\/posts\/81820\/revisions\/81822"}],"wp:attachment":[{"href":"https:\/\/lamendigapolitica.com\/index.php?rest_route=%2Fwp%2Fv2%2Fmedia&parent=81820"}],"wp:term":[{"taxonomy":"category","embeddable":true,"href":"https:\/\/lamendigapolitica.com\/index.php?rest_route=%2Fwp%2Fv2%2Fcategories&post=81820"},{"taxonomy":"post_tag","embeddable":true,"href":"https:\/\/lamendigapolitica.com\/index.php?rest_route=%2Fwp%2Fv2%2Ftags&post=81820"}],"curies":[{"name":"wp","href":"https:\/\/api.w.org\/{rel}","templated":true}]}}