{"id":81807,"date":"2025-10-20T23:14:54","date_gmt":"2025-10-21T05:14:54","guid":{"rendered":"https:\/\/lamendigapolitica.com\/?p=81807"},"modified":"2025-10-21T23:18:12","modified_gmt":"2025-10-22T05:18:12","slug":"presenta-gobierno-de-guadalajara-festival-del-dia-de-muertos","status":"publish","type":"post","link":"https:\/\/lamendigapolitica.com\/?p=81807","title":{"rendered":"*Presenta Gobierno de Guadalajara Festival del D\u00eda de Muertos*"},"content":{"rendered":"<p><img loading=\"lazy\" decoding=\"async\" class=\"aligncenter size-full wp-image-81808\" src=\"https:\/\/lamendigapolitica.com\/wp-content\/uploads\/2025\/10\/54116827336_d6441b33a5_c.jpg\" alt=\"\" width=\"799\" height=\"533\" srcset=\"https:\/\/lamendigapolitica.com\/wp-content\/uploads\/2025\/10\/54116827336_d6441b33a5_c.jpg 799w, https:\/\/lamendigapolitica.com\/wp-content\/uploads\/2025\/10\/54116827336_d6441b33a5_c-300x200.jpg 300w, https:\/\/lamendigapolitica.com\/wp-content\/uploads\/2025\/10\/54116827336_d6441b33a5_c-768x512.jpg 768w, https:\/\/lamendigapolitica.com\/wp-content\/uploads\/2025\/10\/54116827336_d6441b33a5_c-555x370.jpg 555w\" sizes=\"auto, (max-width: 799px) 100vw, 799px\" \/>\u00a0Una carrera, un desfile, recorridos nocturnos por el Centro Hist\u00f3rico, obras de teatro, talleres y altares de muertos ser\u00e1n parte de estos festejos que, sin duda, reactivar\u00e1n la actividad econ\u00f3mica para el comercio local<\/p>\n<ul>\n<li>Las actividades, que son gratuitas, est\u00e1n dise\u00f1adas para que las y los tapat\u00edos se apropien del espacio p\u00fablico y se construya comunidad<\/li>\n<\/ul>\n<p>Con el objetivo de conservar las tradiciones por el D\u00eda de Muertos, el Gobierno de Guadalajara dio a conocer las actividades culturales, tur\u00edsticas y deportivas que se realizar\u00e1n a partir del pr\u00f3ximo fin de semana.<!--more--><\/p>\n<p>A excepci\u00f3n del costo que tendr\u00e1n los recorridos guiados en el Museo Pante\u00f3n de Bel\u00e9n y de la cooperaci\u00f3n con causa para la sexta etapa del serial de carreras, todas las dem\u00e1s actividades ser\u00e1n gratuitas.<\/p>\n<p>La Coordinadora General de Construcci\u00f3n de Comunidad, Crystal Zavala L\u00f3pez, la programaci\u00f3n de eventos busca que las y los tapat\u00edos se apropien del espacio p\u00fablico.<\/p>\n<p>\u201cQue tambi\u00e9n sea este pretexto perfecto para seguir tejiendo redes en la comunidad, que sean el pretexto id\u00f3neo de seguir conoci\u00e9ndonos unas a otros, seguir conviviendo y que la comunidad tapat\u00eda se enriquezca\u201d.<\/p>\n<p>Por primera vez, se proyectar\u00e1 un videomapping sobre las tumbas hist\u00f3ricas del Pante\u00f3n de Mezquit\u00e1n, adem\u00e1s de que el 25 de octubre ser\u00e1 el desfile por el D\u00eda de Muertos, de las 18:00 a las 20:00 horas. El contingente partir\u00e1 del cruce de Hidalgo y Chapultepec rumbo a Plaza Guadalajara, por lo que habr\u00e1 restricciones viales en la primera avenida.<\/p>\n<p>El domingo 26 de octubre, se llevar\u00e1 a cabo la sexta etapa del serial de carreras, que partir\u00e1 de la Unidad Deportiva Rub\u00e9n Dar\u00edo a las 6:30 horas. Debido a esto, se prev\u00e9n cortes a la circulaci\u00f3n en avenidas como Providencia, Pablo Neruda y Rub\u00e9n Dar\u00edo.<br \/>\nEl Coordinador de Desarrollo Econ\u00f3mico de Guadalajara, David Mendoza Mart\u00ednez, expres\u00f3 que, adem\u00e1s de preservar las tradiciones, estas actividades tienen un impacto econ\u00f3mico muy importante.<\/p>\n<p>\u201cDesde las actividades que tienen que ver con el desfile, los pabellones culturales (\u2026) lo que sucede en nuestros mercados tem\u00e1ticos, en los espect\u00e1culos que ya se tienen previstos, son una gran oportunidad para que los negocios, los productores, artistas y prestadores de servicios tanto culturales, como tur\u00edsticos, pues nos ayuden a generar empleos y a fortalecer la cadena econ\u00f3mica para nuestra Ciudad\u201d.<\/p>\n<p>La directora de Turismo, Mar\u00eda Plascencia, inform\u00f3 que tienen previstos recorridos tur\u00edsticos desde el 24 de octubre, principalmente por las tardes, adem\u00e1s del desfile.<\/p>\n<p>\u201cVamos a tener alrededor de 30 contingentes, esperamos alrededor de 2 mil personas en el contingente y llegando aqu\u00ed, a Plaza Guadalajara, vamos a tener un pabell\u00f3n con actividades, con pinta caritas, va a haber m\u00fasica\u201d.<\/p>\n<p>Otro recorrido es el de mascotas el lunes 27 de octubre, a las 18:00 horas, en el Centro Hist\u00f3rico, adem\u00e1s de los tradicionales paseos por el D\u00eda de Muertos, acompa\u00f1ados por una estudiantina, a la Plaza Guadalajara, Presidencia Municipal, Museo Regional, Museo L\u00f3pez Portillo y al Museo de las Artes Populares.<\/p>\n<p>El director de Cultura, Carlos Gonz\u00e1lez Mart\u00ednez, subray\u00f3 que adem\u00e1s de los diferentes altares de muertos que se exhibir\u00e1n en espacios p\u00fablicos del municipio, los museos de la Ciudad estar\u00e1n abiertos con actividades especiales durante esta jornada, sobre todo en el Museo Pante\u00f3n de Bel\u00e9n, donde se tendr\u00e1n recorridos guiados del 29 de octubre y al 3 de noviembre.<\/p>\n<p>\u201cCada grupo considerar\u00e1 entre 80 y 100 personas y esperamos alrededor de entre 3 mil 500 y 4 mil personas diarias en el Pante\u00f3n de Bel\u00e9n. Esta actividad ser\u00e1 la \u00fanica que costo de poco m\u00e1s de 100 pesos\u201d.<\/p>\n<p>En el Pante\u00f3n de Mezquit\u00e1n, por primera vez, habr\u00e1 un videomapping para iluminar algunas tumbas con valor patrimonial hist\u00f3rico. En los centros culturales de San Andr\u00e9s, Casa Colomos, La Ferro y en la ex Hacienda de Oblatos, tambi\u00e9n habr\u00e1 actividades.<\/p>\n<p>David Prado, director del Consejo Municipal del Deporte, dio a conocer que su dependencia se suma a estos festejos con la realizaci\u00f3n de la sexta etapa del serial de carreras, el domingo 26 de octubre, a las 6:30 horas.<\/p>\n<p>\u201cNuestras carreras son con causa, son gratuitas, no tienen costo, solo a la hora de ir a recoger el n\u00famero y la playera que se les otorga a todos los corredores, se les pide alg\u00fan producto, en este caso van a ser de limpieza personal que se donan directamente al DIF Guadalajara\u201d.<\/p>\n<p>La ruta de la carrera comienza en la Unidad Deportiva 58 \u201cRub\u00e9n Dar\u00edo\u201d y podr\u00e1n participar personas a partir de los 15 a\u00f1os. Las inscripciones estar\u00e1n abiertas a partir del siguiente mi\u00e9rcoles en la p\u00e1gina oficial de Comude Guadalajara.<\/p>\n<p>Para consultar el programa se puede consultar las redes sociales de las direcciones de Cultura y Turismo, as\u00ed como del Comude.<\/p>\n","protected":false},"excerpt":{"rendered":"<p>\u00a0Una carrera, un desfile, recorridos nocturnos por el Centro Hist\u00f3rico, obras de teatro, talleres y altares de muertos ser\u00e1n parte de estos festejos que, sin duda, reactivar\u00e1n la actividad econ\u00f3mica para el comercio local Las actividades, que son gratuitas, est\u00e1n dise\u00f1adas para que las y los tapat\u00edos se apropien del espacio p\u00fablico y se construya &hellip; <\/p>\n<p><a class=\"more-link btn\" href=\"https:\/\/lamendigapolitica.com\/?p=81807\">Seguir leyendo<\/a><\/p>\n","protected":false},"author":1,"featured_media":0,"comment_status":"open","ping_status":"closed","sticky":false,"template":"","format":"standard","meta":{"footnotes":""},"categories":[5],"tags":[],"class_list":["post-81807","post","type-post","status-publish","format-standard","hentry","category-partidos","item-wrap"],"_links":{"self":[{"href":"https:\/\/lamendigapolitica.com\/index.php?rest_route=\/wp\/v2\/posts\/81807","targetHints":{"allow":["GET"]}}],"collection":[{"href":"https:\/\/lamendigapolitica.com\/index.php?rest_route=\/wp\/v2\/posts"}],"about":[{"href":"https:\/\/lamendigapolitica.com\/index.php?rest_route=\/wp\/v2\/types\/post"}],"author":[{"embeddable":true,"href":"https:\/\/lamendigapolitica.com\/index.php?rest_route=\/wp\/v2\/users\/1"}],"replies":[{"embeddable":true,"href":"https:\/\/lamendigapolitica.com\/index.php?rest_route=%2Fwp%2Fv2%2Fcomments&post=81807"}],"version-history":[{"count":1,"href":"https:\/\/lamendigapolitica.com\/index.php?rest_route=\/wp\/v2\/posts\/81807\/revisions"}],"predecessor-version":[{"id":81809,"href":"https:\/\/lamendigapolitica.com\/index.php?rest_route=\/wp\/v2\/posts\/81807\/revisions\/81809"}],"wp:attachment":[{"href":"https:\/\/lamendigapolitica.com\/index.php?rest_route=%2Fwp%2Fv2%2Fmedia&parent=81807"}],"wp:term":[{"taxonomy":"category","embeddable":true,"href":"https:\/\/lamendigapolitica.com\/index.php?rest_route=%2Fwp%2Fv2%2Fcategories&post=81807"},{"taxonomy":"post_tag","embeddable":true,"href":"https:\/\/lamendigapolitica.com\/index.php?rest_route=%2Fwp%2Fv2%2Ftags&post=81807"}],"curies":[{"name":"wp","href":"https:\/\/api.w.org\/{rel}","templated":true}]}}