{"id":81804,"date":"2025-10-21T20:56:25","date_gmt":"2025-10-22T02:56:25","guid":{"rendered":"https:\/\/lamendigapolitica.com\/?p=81804"},"modified":"2025-10-21T20:56:25","modified_gmt":"2025-10-22T02:56:25","slug":"reconocen-a-mandos-de-la-unidad-estatal-de-proteccion-civil-y-bomberos-jalisco-con-condecoraciones-internacionales","status":"publish","type":"post","link":"https:\/\/lamendigapolitica.com\/?p=81804","title":{"rendered":"Reconocen a mandos de la Unidad Estatal de Protecci\u00f3n Civil y Bomberos Jalisco con condecoraciones internacionales"},"content":{"rendered":"<p><img loading=\"lazy\" decoding=\"async\" class=\"aligncenter size-full wp-image-81805\" src=\"https:\/\/lamendigapolitica.com\/wp-content\/uploads\/2025\/10\/Captura-de-pantalla-2025-10-21-a-las-20.51.32.png\" alt=\"\" width=\"729\" height=\"488\" srcset=\"https:\/\/lamendigapolitica.com\/wp-content\/uploads\/2025\/10\/Captura-de-pantalla-2025-10-21-a-las-20.51.32.png 729w, https:\/\/lamendigapolitica.com\/wp-content\/uploads\/2025\/10\/Captura-de-pantalla-2025-10-21-a-las-20.51.32-300x201.png 300w, https:\/\/lamendigapolitica.com\/wp-content\/uploads\/2025\/10\/Captura-de-pantalla-2025-10-21-a-las-20.51.32-555x372.png 555w\" sizes=\"auto, (max-width: 729px) 100vw, 729px\" \/><\/p>\n<p>Los reconocidos fueron el 1er Comandante Regional Jos\u00e9 Manuel Mart\u00ednez Murillo, con la Condecoraci\u00f3n al M\u00e9rito Acad\u00e9mico, y el 1er Comandante Regional Neftal\u00ed Guill\u00e9n Pati\u00f1o, con la Condecoraci\u00f3n al M\u00e9rito Dirigencial<\/p>\n<p>La Unidad Estatal de Protecci\u00f3n Civil y Bomberos Jalisco (UEPCBJ), como miembro activo de la Organizaci\u00f3n de Bomberos Americanos (OBA), recibi\u00f3 un doble reconocimiento internacional con la entrega de las Condecoraciones OBA al M\u00e9rito Acad\u00e9mico y al M\u00e9rito Dirigencial.<!--more--><\/p>\n<p>Estas distinciones fueron otorgadas a dos de sus mandos, con cerca de 30 a\u00f1os de trayectoria ejemplar en el servicio.<\/p>\n<p>Los galardonados fueron el 1er Comandante Regional Jos\u00e9 Manuel Mart\u00ednez Murillo, quien recibi\u00f3 la Condecoraci\u00f3n al M\u00e9rito Acad\u00e9mico, y el 1er Comandante Regional Neftal\u00ed Guill\u00e9n Pati\u00f1o, distinguido con la Condecoraci\u00f3n al M\u00e9rito Dirigencial.<\/p>\n<p>La ceremonia, realizada en el Ex Recinto Legislativo del Palacio de Gobierno, fue encabezada por Salvador Zamora Zamora, Secretario General de Gobierno y Sergio Ram\u00edrez L\u00f3pez, Director General de la UEPCBJ, quienes estuvieron acompa\u00f1ados por directores, coordinadores y personal operativo de la corporaci\u00f3n.<\/p>\n<p>\u201cJalisco es referente a nivel nacional e internacional por su capacidad operativa, su organizaci\u00f3n y la calidad profesional de sus integrantes. Este reconocimiento de la OBA es una muestra de ello\u201d, destac\u00f3 Zamora Zamora.<\/p>\n<p>Ram\u00edrez L\u00f3pez destac\u00f3 que el reconocimiento trasciende el \u00e1mbito individual y refleja el trabajo de toda la instituci\u00f3n.<\/p>\n<p>\u201cEstos galardones son el reflejo de una trayectoria ejemplar, construida con m\u00e1s de tres d\u00e9cadas de servicio en favor de la protecci\u00f3n de la vida, los bienes y el entorno. Ambos comandantes han participado en innumerables misiones nacionales e internacionales y han sido pilares en la formaci\u00f3n de nuevas generaciones de bomberos. Su liderazgo y compromiso son un orgullo para Jalisco y para toda nuestra instituci\u00f3n\u201d, dijo el Comandante Sergio.<\/p>\n<p>El Secretario General transmiti\u00f3 la felicitaci\u00f3n del Gobernador del Estado, Pablo Lemus Navarro, a los mandos galardonados y a toda la corporaci\u00f3n.<\/p>\n<p>\u201cEl Gobernador, Pablo Lemus, env\u00eda una felicitaci\u00f3n muy especial a los comandantes y a todo el personal de la Unidad Estatal. Junto con este reconocimiento, reafirma su compromiso de seguir apoyando, respaldando y equipando a las y los bomberos de Jalisco, como un ejemplo del respeto y reconocimiento a su labor cotidiana en favor de la ciudadan\u00eda\u201d, expres\u00f3 Zamora Zamora.<\/p>\n<p>Con la condecoraciones, la Unidad Estatal de Protecci\u00f3n Civil y Bomberos Jalisco reafirma su liderazgo y compromiso con la excelencia, la profesionalizaci\u00f3n y la cooperaci\u00f3n internacional, consolid\u00e1ndose como una de las instituciones de emergencias m\u00e1s reconocidas del continente.<\/p>\n<p>Para saber m\u00e1s:<\/p>\n<p>\u25cf Como miembro activo de la Organizaci\u00f3n de Bomberos Americanos (OBA), la UEPCBJ forma parte de una red que re\u00fane a 31 instituciones miembros activas y 7 adherentes, representando a m\u00e1s de 1.5 millones de bomberos voluntarios, rentados, militares y de fuerzas policiales de toda Am\u00e9rica.<\/p>\n","protected":false},"excerpt":{"rendered":"<p>Los reconocidos fueron el 1er Comandante Regional Jos\u00e9 Manuel Mart\u00ednez Murillo, con la Condecoraci\u00f3n al M\u00e9rito Acad\u00e9mico, y el 1er Comandante Regional Neftal\u00ed Guill\u00e9n Pati\u00f1o, con la Condecoraci\u00f3n al M\u00e9rito Dirigencial La Unidad Estatal de Protecci\u00f3n Civil y Bomberos Jalisco (UEPCBJ), como miembro activo de la Organizaci\u00f3n de Bomberos Americanos (OBA), recibi\u00f3 un doble reconocimiento &hellip; <\/p>\n<p><a class=\"more-link btn\" href=\"https:\/\/lamendigapolitica.com\/?p=81804\">Seguir leyendo<\/a><\/p>\n","protected":false},"author":1,"featured_media":0,"comment_status":"open","ping_status":"closed","sticky":false,"template":"","format":"standard","meta":{"footnotes":""},"categories":[5],"tags":[],"class_list":["post-81804","post","type-post","status-publish","format-standard","hentry","category-partidos","item-wrap"],"_links":{"self":[{"href":"https:\/\/lamendigapolitica.com\/index.php?rest_route=\/wp\/v2\/posts\/81804","targetHints":{"allow":["GET"]}}],"collection":[{"href":"https:\/\/lamendigapolitica.com\/index.php?rest_route=\/wp\/v2\/posts"}],"about":[{"href":"https:\/\/lamendigapolitica.com\/index.php?rest_route=\/wp\/v2\/types\/post"}],"author":[{"embeddable":true,"href":"https:\/\/lamendigapolitica.com\/index.php?rest_route=\/wp\/v2\/users\/1"}],"replies":[{"embeddable":true,"href":"https:\/\/lamendigapolitica.com\/index.php?rest_route=%2Fwp%2Fv2%2Fcomments&post=81804"}],"version-history":[{"count":1,"href":"https:\/\/lamendigapolitica.com\/index.php?rest_route=\/wp\/v2\/posts\/81804\/revisions"}],"predecessor-version":[{"id":81806,"href":"https:\/\/lamendigapolitica.com\/index.php?rest_route=\/wp\/v2\/posts\/81804\/revisions\/81806"}],"wp:attachment":[{"href":"https:\/\/lamendigapolitica.com\/index.php?rest_route=%2Fwp%2Fv2%2Fmedia&parent=81804"}],"wp:term":[{"taxonomy":"category","embeddable":true,"href":"https:\/\/lamendigapolitica.com\/index.php?rest_route=%2Fwp%2Fv2%2Fcategories&post=81804"},{"taxonomy":"post_tag","embeddable":true,"href":"https:\/\/lamendigapolitica.com\/index.php?rest_route=%2Fwp%2Fv2%2Ftags&post=81804"}],"curies":[{"name":"wp","href":"https:\/\/api.w.org\/{rel}","templated":true}]}}