{"id":81798,"date":"2025-10-19T20:13:25","date_gmt":"2025-10-20T02:13:25","guid":{"rendered":"https:\/\/lamendigapolitica.com\/?p=81798"},"modified":"2025-10-21T20:22:48","modified_gmt":"2025-10-22T02:22:48","slug":"taller-del-chucho-rinde-homenaje-al-legado-de-udeg-con-cortometraje","status":"publish","type":"post","link":"https:\/\/lamendigapolitica.com\/?p=81798","title":{"rendered":"Taller del Chucho rinde homenaje al legado de UdeG con cortometraje"},"content":{"rendered":"<p>&nbsp;<\/p>\n<p><img loading=\"lazy\" decoding=\"async\" class=\"aligncenter size-full wp-image-81799\" src=\"https:\/\/lamendigapolitica.com\/wp-content\/uploads\/2025\/10\/Captura-de-pantalla-2025-10-21-a-las-20.17.10.png\" alt=\"\" width=\"1371\" height=\"774\" srcset=\"https:\/\/lamendigapolitica.com\/wp-content\/uploads\/2025\/10\/Captura-de-pantalla-2025-10-21-a-las-20.17.10.png 1371w, https:\/\/lamendigapolitica.com\/wp-content\/uploads\/2025\/10\/Captura-de-pantalla-2025-10-21-a-las-20.17.10-300x169.png 300w, https:\/\/lamendigapolitica.com\/wp-content\/uploads\/2025\/10\/Captura-de-pantalla-2025-10-21-a-las-20.17.10-1024x578.png 1024w, https:\/\/lamendigapolitica.com\/wp-content\/uploads\/2025\/10\/Captura-de-pantalla-2025-10-21-a-las-20.17.10-768x434.png 768w, https:\/\/lamendigapolitica.com\/wp-content\/uploads\/2025\/10\/Captura-de-pantalla-2025-10-21-a-las-20.17.10-555x313.png 555w\" sizes=\"auto, (max-width: 1371px) 100vw, 1371px\" \/><\/p>\n<p>Con motivo del centenario de la instituci\u00f3n, se cre\u00f3 un filme en \u201cstop motion\u201d que refleja el impacto social, cultural y acad\u00e9mico de la Universidad en la vida jalisciense<\/p>\n<p>El Taller del Chucho rindi\u00f3 homenaje a la UdeG, en el marco de su refundaci\u00f3n, con una pieza cinematogr\u00e1fica en t\u00e9cnica stop motion y animaci\u00f3n en 2D para celebrar su historia, impacto social y papel en la formaci\u00f3n educativa y cultural de Jalisco.<!--more--><\/p>\n<p>La Directora del Taller del Chuco, Ang\u00e9lica Lares, comparti\u00f3 que el proyecto surgi\u00f3 a partir de la invitaci\u00f3n del entonces Rector General, doctor Ricardo Villanueva Lomel\u00ed, para participar en las conmemoraciones por el centenario de la instituci\u00f3n.<\/p>\n<p>\u201cEstuvimos trabajando con nuestros artistas para representar esta celebraci\u00f3n y ca\u00edmos en cuenta que la mejor manera de contarlo ser\u00eda a trav\u00e9s de un viaje en los diferentes centros universitarios, pero sent\u00edamos que nos quedaba un poco limitado\u201d, dijo la directora.<\/p>\n<p>&nbsp;<\/p>\n<p>La inquietud del equipo de producci\u00f3n se transform\u00f3 al aprovechar la idea de que la UdeG no s\u00f3lo impacta en la vida de los estudiantes, sino en toda la sociedad y la cultura del estado de Jalisco, a trav\u00e9s de la Red Universitaria.<\/p>\n<p>&nbsp;<\/p>\n<p>\u201cEntonces decidimos contar la historia del estudiante que, de la prepa, pasa al equipo de los Leones Negros. Y pensamos en esta chica que ama la cultura y que su pap\u00e1 la llevaba a la FIL Guadalajara, y que no necesariamente pertenece a la Universidad\u201d, precis\u00f3.<\/p>\n<p>&nbsp;<\/p>\n<p>La directora explic\u00f3 que el trabajo implic\u00f3 siete semanas de rodaje con un equipo de 24 personas contratadas, m\u00e1s 10 del Taller del Chucho; 34 en total, de las cuales el 40 por ciento fueron mujeres.<\/p>\n<p>&nbsp;<\/p>\n<p>La t\u00e9cnica de elaboraci\u00f3n de los personajes es el felting, una t\u00e9cnica a base de figuras hechas de lana.<\/p>\n<p>&nbsp;<\/p>\n<p>\u201cLos puppets, los personajes que est\u00e1n en el corto, se crearon con la t\u00e9cnica de felting pues pensamos que, a trav\u00e9s de esta, podr\u00edamos darle un componente emotivo al proyecto para que se sintiera cercano y c\u00e1lido\u201d, dijo la Directora del Taller del Chucho.<\/p>\n<p>&nbsp;<\/p>\n<p>En la narrativa aparecen diversos personajes que reflejan las m\u00faltiples formas en que la UdeG toca la vida de las personas. Para el Taller del Chucho, dijo, la obra representa un lazo emocional con su alma mater.<\/p>\n<p>&nbsp;<\/p>\n<p>\u201cNos llena de much\u00edsimo orgullo, porque es un acercamiento a nuestra Universidad: siempre buscamos estar presentes con el alumnado y sabemos que se trata de una pieza clave en este momento hist\u00f3rico para representar lo que significa la UdeG\u201d, expres\u00f3.<\/p>\n<p>&nbsp;<\/p>\n<p>El cortometraje, de acuerdo con Ang\u00e9lica Lares, ha recibido una respuesta positiva por parte de la comunidad universitaria a trav\u00e9s de las redes sociales.<\/p>\n<p>&nbsp;<\/p>\n<p>\u201cHemos tenido una acogida muy entusiasta por parte de la comunidad. Hemos visto que hay mucha interacci\u00f3n, la gente est\u00e1 contenta, nos felicita, entonces, eso nos hace muy felices\u201d, concluy\u00f3.<\/p>\n<p>Este cortometraje se puede disfrutar en los siguientes enlaces:<\/p>\n<p>&nbsp;<\/p>\n<p>Facebook: https:\/\/www.facebook.com\/share\/v\/1BJPZXN8uR\/<br \/>\nInstagram:https:\/\/www.instagram.com\/reel\/DP2YtoFjIMm\/?utm_source=ig_web_copy_link&amp;igsh=MzRlODBiNWFlZA==<br \/>\nX: https:\/\/x.com\/udg_oficial\/status\/1978611851429626349<br \/>\nYouTube: https:\/\/youtu.be\/IQUHceiVlbc?si=4QI2hOb-Hq0tdrCZ<\/p>\n","protected":false},"excerpt":{"rendered":"<p>&nbsp; Con motivo del centenario de la instituci\u00f3n, se cre\u00f3 un filme en \u201cstop motion\u201d que refleja el impacto social, cultural y acad\u00e9mico de la Universidad en la vida jalisciense El Taller del Chucho rindi\u00f3 homenaje a la UdeG, en el marco de su refundaci\u00f3n, con una pieza cinematogr\u00e1fica en t\u00e9cnica stop motion y animaci\u00f3n &hellip; <\/p>\n<p><a class=\"more-link btn\" href=\"https:\/\/lamendigapolitica.com\/?p=81798\">Seguir leyendo<\/a><\/p>\n","protected":false},"author":1,"featured_media":0,"comment_status":"open","ping_status":"closed","sticky":false,"template":"","format":"standard","meta":{"footnotes":""},"categories":[5],"tags":[],"class_list":["post-81798","post","type-post","status-publish","format-standard","hentry","category-partidos","item-wrap"],"_links":{"self":[{"href":"https:\/\/lamendigapolitica.com\/index.php?rest_route=\/wp\/v2\/posts\/81798","targetHints":{"allow":["GET"]}}],"collection":[{"href":"https:\/\/lamendigapolitica.com\/index.php?rest_route=\/wp\/v2\/posts"}],"about":[{"href":"https:\/\/lamendigapolitica.com\/index.php?rest_route=\/wp\/v2\/types\/post"}],"author":[{"embeddable":true,"href":"https:\/\/lamendigapolitica.com\/index.php?rest_route=\/wp\/v2\/users\/1"}],"replies":[{"embeddable":true,"href":"https:\/\/lamendigapolitica.com\/index.php?rest_route=%2Fwp%2Fv2%2Fcomments&post=81798"}],"version-history":[{"count":1,"href":"https:\/\/lamendigapolitica.com\/index.php?rest_route=\/wp\/v2\/posts\/81798\/revisions"}],"predecessor-version":[{"id":81800,"href":"https:\/\/lamendigapolitica.com\/index.php?rest_route=\/wp\/v2\/posts\/81798\/revisions\/81800"}],"wp:attachment":[{"href":"https:\/\/lamendigapolitica.com\/index.php?rest_route=%2Fwp%2Fv2%2Fmedia&parent=81798"}],"wp:term":[{"taxonomy":"category","embeddable":true,"href":"https:\/\/lamendigapolitica.com\/index.php?rest_route=%2Fwp%2Fv2%2Fcategories&post=81798"},{"taxonomy":"post_tag","embeddable":true,"href":"https:\/\/lamendigapolitica.com\/index.php?rest_route=%2Fwp%2Fv2%2Ftags&post=81798"}],"curies":[{"name":"wp","href":"https:\/\/api.w.org\/{rel}","templated":true}]}}