{"id":81787,"date":"2025-10-16T19:23:51","date_gmt":"2025-10-17T01:23:51","guid":{"rendered":"https:\/\/lamendigapolitica.com\/?p=81787"},"modified":"2025-10-17T19:34:25","modified_gmt":"2025-10-18T01:34:25","slug":"el-gobernador-pablo-lemus-reconoce-a-luis-munguia-por-su-pronta-atencion-a-afectados-por-inundaciones","status":"publish","type":"post","link":"https:\/\/lamendigapolitica.com\/?p=81787","title":{"rendered":"El gobernador Pablo Lemus reconoce a Luis Mungu\u00eda por su pronta atenci\u00f3n a afectados por inundaciones"},"content":{"rendered":"<p><img loading=\"lazy\" decoding=\"async\" class=\"aligncenter size-full wp-image-81788\" src=\"https:\/\/lamendigapolitica.com\/wp-content\/uploads\/2025\/10\/FOTO-NOTA-El-gobernador-Pablo-Lemus-reconoce-a-Luis-Munguia-por-su-pronta-atencion-a-afectados-por-inundaciones-4.jpeg\" alt=\"\" width=\"1600\" height=\"1066\" srcset=\"https:\/\/lamendigapolitica.com\/wp-content\/uploads\/2025\/10\/FOTO-NOTA-El-gobernador-Pablo-Lemus-reconoce-a-Luis-Munguia-por-su-pronta-atencion-a-afectados-por-inundaciones-4.jpeg 1600w, https:\/\/lamendigapolitica.com\/wp-content\/uploads\/2025\/10\/FOTO-NOTA-El-gobernador-Pablo-Lemus-reconoce-a-Luis-Munguia-por-su-pronta-atencion-a-afectados-por-inundaciones-4-300x200.jpeg 300w, https:\/\/lamendigapolitica.com\/wp-content\/uploads\/2025\/10\/FOTO-NOTA-El-gobernador-Pablo-Lemus-reconoce-a-Luis-Munguia-por-su-pronta-atencion-a-afectados-por-inundaciones-4-1024x682.jpeg 1024w, https:\/\/lamendigapolitica.com\/wp-content\/uploads\/2025\/10\/FOTO-NOTA-El-gobernador-Pablo-Lemus-reconoce-a-Luis-Munguia-por-su-pronta-atencion-a-afectados-por-inundaciones-4-768x512.jpeg 768w, https:\/\/lamendigapolitica.com\/wp-content\/uploads\/2025\/10\/FOTO-NOTA-El-gobernador-Pablo-Lemus-reconoce-a-Luis-Munguia-por-su-pronta-atencion-a-afectados-por-inundaciones-4-1536x1023.jpeg 1536w, https:\/\/lamendigapolitica.com\/wp-content\/uploads\/2025\/10\/FOTO-NOTA-El-gobernador-Pablo-Lemus-reconoce-a-Luis-Munguia-por-su-pronta-atencion-a-afectados-por-inundaciones-4-555x370.jpeg 555w\" sizes=\"auto, (max-width: 1600px) 100vw, 1600px\" \/><\/p>\n<p>El gobernador Pablo Lemus destac\u00f3 el trabajo del presidente municipal, Luis Mungu\u00eda, por su dedicaci\u00f3n y compromiso en la atenci\u00f3n a las zonas afectadas por las inundaciones ocasionadas por las intensas lluvias registradas en Puerto Vallarta.<\/p>\n<p>Lemus resalt\u00f3 que, a diferencia de otros lugares, el presidente municipal ha estado presente en la ciudad desde el primer momento, atendiendo las necesidades de la poblaci\u00f3n de manera efectiva. \u00abAqu\u00ed trabajamos en equipo. Trabajamos por las necesidades de la gente\u00bb, enfatiz\u00f3 el gobernador, destacando la importancia de la colaboraci\u00f3n y el trabajo conjunto entre ambos gobiernos.<\/p>\n","protected":false},"excerpt":{"rendered":"<p>El gobernador Pablo Lemus destac\u00f3 el trabajo del presidente municipal, Luis Mungu\u00eda, por su dedicaci\u00f3n y compromiso en la atenci\u00f3n a las zonas afectadas por las inundaciones ocasionadas por las intensas lluvias registradas en Puerto Vallarta. Lemus resalt\u00f3 que, a diferencia de otros lugares, el presidente municipal ha estado presente en la ciudad desde el &hellip; <\/p>\n<p><a class=\"more-link btn\" href=\"https:\/\/lamendigapolitica.com\/?p=81787\">Seguir leyendo<\/a><\/p>\n","protected":false},"author":1,"featured_media":0,"comment_status":"open","ping_status":"closed","sticky":false,"template":"","format":"standard","meta":{"footnotes":""},"categories":[5],"tags":[],"class_list":["post-81787","post","type-post","status-publish","format-standard","hentry","category-partidos","item-wrap"],"_links":{"self":[{"href":"https:\/\/lamendigapolitica.com\/index.php?rest_route=\/wp\/v2\/posts\/81787","targetHints":{"allow":["GET"]}}],"collection":[{"href":"https:\/\/lamendigapolitica.com\/index.php?rest_route=\/wp\/v2\/posts"}],"about":[{"href":"https:\/\/lamendigapolitica.com\/index.php?rest_route=\/wp\/v2\/types\/post"}],"author":[{"embeddable":true,"href":"https:\/\/lamendigapolitica.com\/index.php?rest_route=\/wp\/v2\/users\/1"}],"replies":[{"embeddable":true,"href":"https:\/\/lamendigapolitica.com\/index.php?rest_route=%2Fwp%2Fv2%2Fcomments&post=81787"}],"version-history":[{"count":1,"href":"https:\/\/lamendigapolitica.com\/index.php?rest_route=\/wp\/v2\/posts\/81787\/revisions"}],"predecessor-version":[{"id":81789,"href":"https:\/\/lamendigapolitica.com\/index.php?rest_route=\/wp\/v2\/posts\/81787\/revisions\/81789"}],"wp:attachment":[{"href":"https:\/\/lamendigapolitica.com\/index.php?rest_route=%2Fwp%2Fv2%2Fmedia&parent=81787"}],"wp:term":[{"taxonomy":"category","embeddable":true,"href":"https:\/\/lamendigapolitica.com\/index.php?rest_route=%2Fwp%2Fv2%2Fcategories&post=81787"},{"taxonomy":"post_tag","embeddable":true,"href":"https:\/\/lamendigapolitica.com\/index.php?rest_route=%2Fwp%2Fv2%2Ftags&post=81787"}],"curies":[{"name":"wp","href":"https:\/\/api.w.org\/{rel}","templated":true}]}}