{"id":81784,"date":"2025-10-17T19:23:46","date_gmt":"2025-10-18T01:23:46","guid":{"rendered":"https:\/\/lamendigapolitica.com\/?p=81784"},"modified":"2025-10-17T19:23:46","modified_gmt":"2025-10-18T01:23:46","slug":"tlajomulco-invita-al-primer-festival-del-cempasuchil-en-san-sebastian-el-grande","status":"publish","type":"post","link":"https:\/\/lamendigapolitica.com\/?p=81784","title":{"rendered":"Tlajomulco invita al primer Festival del Cempas\u00fachil en San Sebasti\u00e1n el Grande"},"content":{"rendered":"<p><img loading=\"lazy\" decoding=\"async\" class=\"aligncenter size-full wp-image-81785\" src=\"https:\/\/lamendigapolitica.com\/wp-content\/uploads\/2025\/10\/54861465824_de12b53c39_z.jpeg\" alt=\"\" width=\"512\" height=\"640\" srcset=\"https:\/\/lamendigapolitica.com\/wp-content\/uploads\/2025\/10\/54861465824_de12b53c39_z.jpeg 512w, https:\/\/lamendigapolitica.com\/wp-content\/uploads\/2025\/10\/54861465824_de12b53c39_z-240x300.jpeg 240w\" sizes=\"auto, (max-width: 512px) 100vw, 512px\" \/><\/p>\n<p>La flor de los veinte p\u00e9talos llenar\u00e1 de vida, color y tradici\u00f3n la Plaza Principal con actividades culturales, gastron\u00f3micas y artesanales<\/p>\n<p>El Gobierno de Tlajomulco invita a las familias tlajomulquenses y visitantes a disfrutar del primer Festival del Cempas\u00fachil, que se llevar\u00e1 a cabo este domingo 19 de octubre en la Plaza Principal de San Sebasti\u00e1n el Grande, como parte del Festival Mictl\u00e1n Tlajomulco 2025.<!--more--><\/p>\n<p>El evento busca preservar las tradiciones, impulsar la econom\u00eda local y reconocer el trabajo de las y los productores de esta emblem\u00e1tica flor, s\u00edmbolo de vida, memoria y esperanza, que forma parte del patrimonio cultural del municipio.<\/p>\n<p>Durante la jornada se podr\u00e1 disfrutar de un programa lleno de actividades para toda la familia, con m\u00fasica en vivo, presentaciones art\u00edsticas, talleres infantiles, un corredor artesanal y una feria gastron\u00f3mica con platillos t\u00edpicos de la zona, como el atole de cempas\u00fachil y el pan de muerto decorado con flores.<\/p>\n<p>&nbsp;<\/p>\n<p>San Sebasti\u00e1n el Grande es una de las delegaciones con mayor tradici\u00f3n en el cultivo de cempas\u00fachil, por lo que este festival busca fortalecer el v\u00ednculo entre productores y consumidores, adem\u00e1s de atraer visitantes que deseen conocer m\u00e1s sobre esta flor representativa del D\u00eda de Muertos.<\/p>\n<p>&nbsp;<\/p>\n<p>El programa arrancar\u00e1 a las 4:00 p. m. con la presentaci\u00f3n de la Orquesta Municipal, seguido del acto protocolario y el espect\u00e1culo del Mariachi \u201cLas Coronelas\u201d. Tambi\u00e9n habr\u00e1 una presentaci\u00f3n de flashmob, m\u00fasica norte\u00f1o rock vers\u00e1til y un cierre espectacular con pirotecnia a las 9:00 p. m.<\/p>\n<p>&nbsp;<\/p>\n<p>Con esta celebraci\u00f3n, Tlajomulco reafirma su compromiso con la cultura, la identidad y las tradiciones que fortalecen el sentido de comunidad y orgullo entre sus habitantes.<\/p>\n<p>&nbsp;<\/p>\n<p>El dato:<\/p>\n<p>&nbsp;<\/p>\n<p>El Festival del Cempas\u00fachil forma parte del Festival Mictl\u00e1n Tlajomulco 2025, un programa de actividades culturales y art\u00edsticas que se desarrollar\u00e1 en distintas delegaciones del municipio para celebrar la temporada de D\u00eda de Muertos y mantener vivas las tradiciones mexicanas.<\/p>\n<p>&nbsp;<\/p>\n","protected":false},"excerpt":{"rendered":"<p>La flor de los veinte p\u00e9talos llenar\u00e1 de vida, color y tradici\u00f3n la Plaza Principal con actividades culturales, gastron\u00f3micas y artesanales El Gobierno de Tlajomulco invita a las familias tlajomulquenses y visitantes a disfrutar del primer Festival del Cempas\u00fachil, que se llevar\u00e1 a cabo este domingo 19 de octubre en la Plaza Principal de San &hellip; <\/p>\n<p><a class=\"more-link btn\" href=\"https:\/\/lamendigapolitica.com\/?p=81784\">Seguir leyendo<\/a><\/p>\n","protected":false},"author":1,"featured_media":0,"comment_status":"open","ping_status":"closed","sticky":false,"template":"","format":"standard","meta":{"footnotes":""},"categories":[5],"tags":[],"class_list":["post-81784","post","type-post","status-publish","format-standard","hentry","category-partidos","item-wrap"],"_links":{"self":[{"href":"https:\/\/lamendigapolitica.com\/index.php?rest_route=\/wp\/v2\/posts\/81784","targetHints":{"allow":["GET"]}}],"collection":[{"href":"https:\/\/lamendigapolitica.com\/index.php?rest_route=\/wp\/v2\/posts"}],"about":[{"href":"https:\/\/lamendigapolitica.com\/index.php?rest_route=\/wp\/v2\/types\/post"}],"author":[{"embeddable":true,"href":"https:\/\/lamendigapolitica.com\/index.php?rest_route=\/wp\/v2\/users\/1"}],"replies":[{"embeddable":true,"href":"https:\/\/lamendigapolitica.com\/index.php?rest_route=%2Fwp%2Fv2%2Fcomments&post=81784"}],"version-history":[{"count":1,"href":"https:\/\/lamendigapolitica.com\/index.php?rest_route=\/wp\/v2\/posts\/81784\/revisions"}],"predecessor-version":[{"id":81786,"href":"https:\/\/lamendigapolitica.com\/index.php?rest_route=\/wp\/v2\/posts\/81784\/revisions\/81786"}],"wp:attachment":[{"href":"https:\/\/lamendigapolitica.com\/index.php?rest_route=%2Fwp%2Fv2%2Fmedia&parent=81784"}],"wp:term":[{"taxonomy":"category","embeddable":true,"href":"https:\/\/lamendigapolitica.com\/index.php?rest_route=%2Fwp%2Fv2%2Fcategories&post=81784"},{"taxonomy":"post_tag","embeddable":true,"href":"https:\/\/lamendigapolitica.com\/index.php?rest_route=%2Fwp%2Fv2%2Ftags&post=81784"}],"curies":[{"name":"wp","href":"https:\/\/api.w.org\/{rel}","templated":true}]}}