{"id":81769,"date":"2025-10-13T13:22:22","date_gmt":"2025-10-13T19:22:22","guid":{"rendered":"https:\/\/lamendigapolitica.com\/?p=81769"},"modified":"2025-10-14T13:25:35","modified_gmt":"2025-10-14T19:25:35","slug":"zapopan-anuncia-actividades-rumbo-al-mundial-2026","status":"publish","type":"post","link":"https:\/\/lamendigapolitica.com\/?p=81769","title":{"rendered":"Zapopan anuncia actividades rumbo al Mundial 2026"},"content":{"rendered":"<p><img loading=\"lazy\" decoding=\"async\" class=\"aligncenter size-full wp-image-81770\" src=\"https:\/\/lamendigapolitica.com\/wp-content\/uploads\/2025\/10\/54852134257_6d2a386314_c.jpg\" alt=\"\" width=\"799\" height=\"533\" srcset=\"https:\/\/lamendigapolitica.com\/wp-content\/uploads\/2025\/10\/54852134257_6d2a386314_c.jpg 799w, https:\/\/lamendigapolitica.com\/wp-content\/uploads\/2025\/10\/54852134257_6d2a386314_c-300x200.jpg 300w, https:\/\/lamendigapolitica.com\/wp-content\/uploads\/2025\/10\/54852134257_6d2a386314_c-768x512.jpg 768w, https:\/\/lamendigapolitica.com\/wp-content\/uploads\/2025\/10\/54852134257_6d2a386314_c-555x370.jpg 555w\" sizes=\"auto, (max-width: 799px) 100vw, 799px\" \/><\/p>\n<p>Lorena Ochoa fue anunciada como primera embajadora de la copa del mundo 2026<\/p>\n<p>Ser\u00e1n dos partidos de repechaje los que se jugar\u00e1n en tierras jaliscienses.<\/p>\n<p>El Presidente Municipal de Zapopan, Juan Jos\u00e9 Frangie Saade, encabez\u00f3 la Rueda de Prensa para anunciar las actividades rumbo al Mundial 2026, en la que participaron autoridades estatales, municipales y representantes de la Federaci\u00f3n Mexicana de Futbol, ante medios nacionales e internacionales. A 241 d\u00edas de la justa m\u00e1s importante del balompi\u00e9 mundial, se dieron a conocer los preparativos que posicionar\u00e1n a Jalisco como una de las sedes m\u00e1s destacadas del torneo.<!--more--><\/p>\n<p>Durante su intervenci\u00f3n, Frangie Saade anunci\u00f3 que la exgolfista Lorena Ochoa ser\u00e1 nombrada embajadora del Mundial 2026, en reconocimiento a su trayectoria e influencia en el deporte jalisciense y nacional. Asimismo, inform\u00f3 que Jalisco albergar\u00e1 dos de los cuatro partidos de repechaje, y que varias selecciones utilizar\u00e1n las instalaciones del Atlas, Chivas y el Estadio Jalisco para sus entrenamientos.<\/p>\n<p>\u201cYa estamos por cerrar las fechas exactas de los partidos de repechaje que se jugar\u00e1n aqu\u00ed y dos en Monterrey. Tendremos un ambiente futbolero cada vez m\u00e1s notorio\u201d, destac\u00f3 el alcalde.<\/p>\n<p>Frangie detall\u00f3 que se conform\u00f3 un fideicomiso tripartita entre el Gobierno del Estado y los Ayuntamientos de Zapopan y Guadalajara, con recursos etiquetados exclusivamente para la organizaci\u00f3n del evento, garantizando transparencia y beneficio econ\u00f3mico para la entidad. A\u00f1adi\u00f3 que se proyecta una derrama econ\u00f3mica significativa durante el periodo del Mundial, especialmente en los sectores tur\u00edsticos y comerciales.<\/p>\n<p>Guadalajara, sede del Fan Festival<\/p>\n<p>La presidenta municipal de Guadalajara, Ver\u00f3nica Delgadillo, present\u00f3 el FIFA Fan Festival, que tendr\u00e1 lugar en el coraz\u00f3n del Centro Hist\u00f3rico tapat\u00edo. Este espacio reunir\u00e1 a miles de aficionadas y aficionados que podr\u00e1n disfrutar de transmisiones en vivo, actividades culturales y gastron\u00f3micas.<\/p>\n<p>\u201cEstas instalaciones estar\u00e1n en el coraz\u00f3n de Guadalajara, una de las ciudades m\u00e1s bonitas del pa\u00eds. Queremos que cada rinc\u00f3n respire historia, cultura y tradici\u00f3n\u201d, afirm\u00f3 Delgadillo.<\/p>\n<p>Se prev\u00e9 la asistencia de m\u00e1s de siete mil personas diarias al Fan Fest, que estar\u00e1 dise\u00f1ado para vivir el Mundial a Otro Nivel, en un entorno seguro, festivo e incluyente.<\/p>\n<p>Jalisco, sede de la pasi\u00f3n mundialista<\/p>\n<p>El presidente ejecutivo de la Federaci\u00f3n Mexicana de F\u00fatbol, Ivar Sisniega Campbell, resalt\u00f3 la importancia del partido de la Selecci\u00f3n Mexicana en Guadalajara, programado para el 18 de junio, como clave en el \u00e1nimo del equipo.<\/p>\n<p>\u201cEse partido ser\u00e1 fundamental para que nuestra selecci\u00f3n se sienta en casa. Contamos con un gran apoyo de los clubes locales y autoridades\u201d, subray\u00f3 Sisniega.<\/p>\n<p>Por su parte, Lorena Ochoa, embajadora del Mundial, expres\u00f3 su entusiasmo por representar a Jalisco en un evento de tal magnitud.<\/p>\n<p>\u201cEs un honor ser embajadora de este Mundial. S\u00e9 que Jalisco ser\u00e1 una de las sedes m\u00e1s importantes, no solo en M\u00e9xico sino en toda Norteam\u00e9rica\u201d, dijo la ex golfista.<\/p>\n<p>El Gobernador de Jalisco, Pablo Lemus Navarro, destac\u00f3 que las obras de infraestructura emprendidas con motivo del Mundial dejar\u00e1n un legado duradero.<\/p>\n<p>\u201cEstamos realizando una transformaci\u00f3n urbana con nuevas l\u00edneas de transporte p\u00fablico y espacios que quedar\u00e1n como patrimonio para las pr\u00f3ximas d\u00e9cadas\u201d, se\u00f1al\u00f3.<\/p>\n<p>Con estos preparativos, el Gobierno de Zapopan reafirma su compromiso con el desarrollo deportivo, econ\u00f3mico y urbano de la regi\u00f3n, sum\u00e1ndose a la coordinaci\u00f3n intermunicipal y estatal para que el Mundial de F\u00fatbol FIFA 2026 se viva a Otro Nivel en Jalisco.<\/p>\n<p>&nbsp;<\/p>\n<p>&nbsp;<\/p>\n","protected":false},"excerpt":{"rendered":"<p>Lorena Ochoa fue anunciada como primera embajadora de la copa del mundo 2026 Ser\u00e1n dos partidos de repechaje los que se jugar\u00e1n en tierras jaliscienses. El Presidente Municipal de Zapopan, Juan Jos\u00e9 Frangie Saade, encabez\u00f3 la Rueda de Prensa para anunciar las actividades rumbo al Mundial 2026, en la que participaron autoridades estatales, municipales y &hellip; <\/p>\n<p><a class=\"more-link btn\" href=\"https:\/\/lamendigapolitica.com\/?p=81769\">Seguir leyendo<\/a><\/p>\n","protected":false},"author":1,"featured_media":0,"comment_status":"open","ping_status":"closed","sticky":false,"template":"","format":"standard","meta":{"footnotes":""},"categories":[5],"tags":[],"class_list":["post-81769","post","type-post","status-publish","format-standard","hentry","category-partidos","item-wrap"],"_links":{"self":[{"href":"https:\/\/lamendigapolitica.com\/index.php?rest_route=\/wp\/v2\/posts\/81769","targetHints":{"allow":["GET"]}}],"collection":[{"href":"https:\/\/lamendigapolitica.com\/index.php?rest_route=\/wp\/v2\/posts"}],"about":[{"href":"https:\/\/lamendigapolitica.com\/index.php?rest_route=\/wp\/v2\/types\/post"}],"author":[{"embeddable":true,"href":"https:\/\/lamendigapolitica.com\/index.php?rest_route=\/wp\/v2\/users\/1"}],"replies":[{"embeddable":true,"href":"https:\/\/lamendigapolitica.com\/index.php?rest_route=%2Fwp%2Fv2%2Fcomments&post=81769"}],"version-history":[{"count":1,"href":"https:\/\/lamendigapolitica.com\/index.php?rest_route=\/wp\/v2\/posts\/81769\/revisions"}],"predecessor-version":[{"id":81771,"href":"https:\/\/lamendigapolitica.com\/index.php?rest_route=\/wp\/v2\/posts\/81769\/revisions\/81771"}],"wp:attachment":[{"href":"https:\/\/lamendigapolitica.com\/index.php?rest_route=%2Fwp%2Fv2%2Fmedia&parent=81769"}],"wp:term":[{"taxonomy":"category","embeddable":true,"href":"https:\/\/lamendigapolitica.com\/index.php?rest_route=%2Fwp%2Fv2%2Fcategories&post=81769"},{"taxonomy":"post_tag","embeddable":true,"href":"https:\/\/lamendigapolitica.com\/index.php?rest_route=%2Fwp%2Fv2%2Ftags&post=81769"}],"curies":[{"name":"wp","href":"https:\/\/api.w.org\/{rel}","templated":true}]}}