{"id":81760,"date":"2025-10-12T22:56:33","date_gmt":"2025-10-13T04:56:33","guid":{"rendered":"https:\/\/lamendigapolitica.com\/?p=81760"},"modified":"2025-10-12T22:56:33","modified_gmt":"2025-10-13T04:56:33","slug":"queda-centro-historico-limpio-tras-paso-de-la-romeria","status":"publish","type":"post","link":"https:\/\/lamendigapolitica.com\/?p=81760","title":{"rendered":"Queda Centro Hist\u00f3rico limpio tras paso de la Romer\u00eda"},"content":{"rendered":"<p><img loading=\"lazy\" decoding=\"async\" class=\"aligncenter size-full wp-image-81761\" src=\"https:\/\/lamendigapolitica.com\/wp-content\/uploads\/2025\/10\/54850092549_00aa4e1069_c.jpg\" alt=\"\" width=\"800\" height=\"534\" srcset=\"https:\/\/lamendigapolitica.com\/wp-content\/uploads\/2025\/10\/54850092549_00aa4e1069_c.jpg 800w, https:\/\/lamendigapolitica.com\/wp-content\/uploads\/2025\/10\/54850092549_00aa4e1069_c-300x200.jpg 300w, https:\/\/lamendigapolitica.com\/wp-content\/uploads\/2025\/10\/54850092549_00aa4e1069_c-768x513.jpg 768w, https:\/\/lamendigapolitica.com\/wp-content\/uploads\/2025\/10\/54850092549_00aa4e1069_c-555x370.jpg 555w\" sizes=\"auto, (max-width: 800px) 100vw, 800px\" \/><\/p>\n<p>&nbsp;<\/p>\n<p>\u2022 Se recolectaron 65 toneladas de residuos de plazas, portales y vialidades de Guadalajara<br \/>\n\u2022 A las 11:00 horas qued\u00f3 restablecida, en su totalidad, la V\u00eda RecreActiva<\/p>\n<p>El escuadr\u00f3n de limpieza del Gobierno de Guadalajara, encabezado por la Presidenta Vero Delgadillo, recogi\u00f3 m\u00e1s de 60 toneladas de basura que se generaron por la Romer\u00eda 2025.<\/p>\n<p>Un total de 684 trabajadores dejaron el Centro Hist\u00f3rico limpio y la Avenida Ju\u00e1rez-Vallarta lista para recibir a los usuarios de la V\u00eda RecreActiva.<!--more--><\/p>\n<p>La Presidenta, con escoba en mano, apoy\u00f3 a los trabajadores de Aseo P\u00fablico y Guadalajara Limpia, a retirar los residuos que quedaron en la v\u00eda p\u00fablica. Se recolectaron 65 toneladas de basura.<\/p>\n<p>\u201cNuestra meta es que cada vez haya menos residuos y que la corresponsabilidad abrace la Romer\u00eda\u201d, destac\u00f3 Vero Delgadillo.<\/p>\n<p>La Coordinaci\u00f3n de Servicios Municipales despleg\u00f3 684 personas para el operativo de limpieza, el cual inici\u00f3 el s\u00e1bado por la noche con trabajadores que estuvieron recorriendo las plazas y portales con bolsa en mano para que los fieles pusieran sus residuos y evitar que quedaran en las calles.<\/p>\n<p>A las 7:00 horas, los trabajadores de limpieza recolectaron 4.5 toneladas de basura de las plazas, portales y Paseo Alcalde; una vez que pas\u00f3 el \u00faltimo grupo de danzantes, la fuerza operativa del Gobierno tom\u00f3 la Avenida Ju\u00e1rez.<\/p>\n<p>Adem\u00e1s de la fuerza manual, la Coordinaci\u00f3n de Servicios P\u00fablicos hizo uso de las cinco barredoras (cuatro grandes y una chica) que recientemente se entregaron para reforzar esta \u00e1rea del Gobierno, as\u00ed como de 85 camiones y camionetas para hacer el acopio de los residuos.<\/p>\n<p>A las 11:00 horas, y tras concluir las labores de limpieza, la V\u00eda RecreActiva fue reabierta en su totalidad.<\/p>\n","protected":false},"excerpt":{"rendered":"<p>&nbsp; \u2022 Se recolectaron 65 toneladas de residuos de plazas, portales y vialidades de Guadalajara \u2022 A las 11:00 horas qued\u00f3 restablecida, en su totalidad, la V\u00eda RecreActiva El escuadr\u00f3n de limpieza del Gobierno de Guadalajara, encabezado por la Presidenta Vero Delgadillo, recogi\u00f3 m\u00e1s de 60 toneladas de basura que se generaron por la Romer\u00eda &hellip; <\/p>\n<p><a class=\"more-link btn\" href=\"https:\/\/lamendigapolitica.com\/?p=81760\">Seguir leyendo<\/a><\/p>\n","protected":false},"author":1,"featured_media":0,"comment_status":"open","ping_status":"closed","sticky":false,"template":"","format":"standard","meta":{"footnotes":""},"categories":[5],"tags":[],"class_list":["post-81760","post","type-post","status-publish","format-standard","hentry","category-partidos","item-wrap"],"_links":{"self":[{"href":"https:\/\/lamendigapolitica.com\/index.php?rest_route=\/wp\/v2\/posts\/81760","targetHints":{"allow":["GET"]}}],"collection":[{"href":"https:\/\/lamendigapolitica.com\/index.php?rest_route=\/wp\/v2\/posts"}],"about":[{"href":"https:\/\/lamendigapolitica.com\/index.php?rest_route=\/wp\/v2\/types\/post"}],"author":[{"embeddable":true,"href":"https:\/\/lamendigapolitica.com\/index.php?rest_route=\/wp\/v2\/users\/1"}],"replies":[{"embeddable":true,"href":"https:\/\/lamendigapolitica.com\/index.php?rest_route=%2Fwp%2Fv2%2Fcomments&post=81760"}],"version-history":[{"count":1,"href":"https:\/\/lamendigapolitica.com\/index.php?rest_route=\/wp\/v2\/posts\/81760\/revisions"}],"predecessor-version":[{"id":81762,"href":"https:\/\/lamendigapolitica.com\/index.php?rest_route=\/wp\/v2\/posts\/81760\/revisions\/81762"}],"wp:attachment":[{"href":"https:\/\/lamendigapolitica.com\/index.php?rest_route=%2Fwp%2Fv2%2Fmedia&parent=81760"}],"wp:term":[{"taxonomy":"category","embeddable":true,"href":"https:\/\/lamendigapolitica.com\/index.php?rest_route=%2Fwp%2Fv2%2Fcategories&post=81760"},{"taxonomy":"post_tag","embeddable":true,"href":"https:\/\/lamendigapolitica.com\/index.php?rest_route=%2Fwp%2Fv2%2Ftags&post=81760"}],"curies":[{"name":"wp","href":"https:\/\/api.w.org\/{rel}","templated":true}]}}