{"id":81752,"date":"2025-10-09T20:45:48","date_gmt":"2025-10-10T02:45:48","guid":{"rendered":"https:\/\/lamendigapolitica.com\/?p=81752"},"modified":"2025-10-09T20:45:48","modified_gmt":"2025-10-10T02:45:48","slug":"autoridades-mantienen-coordinacion-por-el-paso-de-la-tormenta-tropical-raymond","status":"publish","type":"post","link":"https:\/\/lamendigapolitica.com\/?p=81752","title":{"rendered":"Autoridades mantienen coordinaci\u00f3n por el paso de la Tormenta Tropical \u201cRaymond\u201d"},"content":{"rendered":"<p><img loading=\"lazy\" decoding=\"async\" class=\"aligncenter size-full wp-image-81753\" src=\"https:\/\/lamendigapolitica.com\/wp-content\/uploads\/2025\/10\/WhatsApp-Image-2025-10-08-at-1.17.43-PM.jpeg\" alt=\"\" width=\"1600\" height=\"1200\" srcset=\"https:\/\/lamendigapolitica.com\/wp-content\/uploads\/2025\/10\/WhatsApp-Image-2025-10-08-at-1.17.43-PM.jpeg 1600w, https:\/\/lamendigapolitica.com\/wp-content\/uploads\/2025\/10\/WhatsApp-Image-2025-10-08-at-1.17.43-PM-300x225.jpeg 300w, https:\/\/lamendigapolitica.com\/wp-content\/uploads\/2025\/10\/WhatsApp-Image-2025-10-08-at-1.17.43-PM-1024x768.jpeg 1024w, https:\/\/lamendigapolitica.com\/wp-content\/uploads\/2025\/10\/WhatsApp-Image-2025-10-08-at-1.17.43-PM-768x576.jpeg 768w, https:\/\/lamendigapolitica.com\/wp-content\/uploads\/2025\/10\/WhatsApp-Image-2025-10-08-at-1.17.43-PM-1536x1152.jpeg 1536w, https:\/\/lamendigapolitica.com\/wp-content\/uploads\/2025\/10\/WhatsApp-Image-2025-10-08-at-1.17.43-PM-555x416.jpeg 555w\" sizes=\"auto, (max-width: 1600px) 100vw, 1600px\" \/><\/p>\n<p>Con el objetivo de proteger a la poblaci\u00f3n ante el paso de la Tormenta Tropical \u201cRaymond\u201d, el Gobierno de Jalisco, a trav\u00e9s de la Unidad Estatal de Protecci\u00f3n Civil y Bomberos de Jalisco mantiene un operativo preventivo desde las bases regionales de Cihuatl\u00e1n y Puerto Vallarta, en conjunto con autoridades municipales de las Regiones Costa Norte y Costa Sur.<!--more--><\/p>\n<p>Durante esta tarde se desarrollan reuniones de coordinaci\u00f3n entre dependencias estatales, municipales y federales, para establecer las acciones de seguimiento y atenci\u00f3n que permitan responder oportunamente a las condiciones que se presenten.<\/p>\n<p>La Unidad Estatal reitera a la poblaci\u00f3n las siguientes recomendaciones preventivas ante ciclones tropicales:<\/p>\n<p>&#8211; Evitar acercarse playas, cauces de r\u00edos y zonas de riesgo.<\/p>\n<p>&#8211; Mantenerse atentos a la informaci\u00f3n emitida por medios oficiales.<\/p>\n<p>&#8211; Preparar un plan familiar de emergencia y atender indicaciones de las autoridades.<\/p>\n<p>&#8211; Identificar refugios temporales cercanos a su localidad.<\/p>\n<p>Agradecemos a los medios de comunicaci\u00f3n su apoyo en amplificar estos mensajes preventivos, fundamentales para salvaguardar la integridad de la poblaci\u00f3n<\/p>\n","protected":false},"excerpt":{"rendered":"<p>Con el objetivo de proteger a la poblaci\u00f3n ante el paso de la Tormenta Tropical \u201cRaymond\u201d, el Gobierno de Jalisco, a trav\u00e9s de la Unidad Estatal de Protecci\u00f3n Civil y Bomberos de Jalisco mantiene un operativo preventivo desde las bases regionales de Cihuatl\u00e1n y Puerto Vallarta, en conjunto con autoridades municipales de las Regiones Costa &hellip; <\/p>\n<p><a class=\"more-link btn\" href=\"https:\/\/lamendigapolitica.com\/?p=81752\">Seguir leyendo<\/a><\/p>\n","protected":false},"author":1,"featured_media":0,"comment_status":"open","ping_status":"closed","sticky":false,"template":"","format":"standard","meta":{"footnotes":""},"categories":[5],"tags":[],"class_list":["post-81752","post","type-post","status-publish","format-standard","hentry","category-partidos","item-wrap"],"_links":{"self":[{"href":"https:\/\/lamendigapolitica.com\/index.php?rest_route=\/wp\/v2\/posts\/81752","targetHints":{"allow":["GET"]}}],"collection":[{"href":"https:\/\/lamendigapolitica.com\/index.php?rest_route=\/wp\/v2\/posts"}],"about":[{"href":"https:\/\/lamendigapolitica.com\/index.php?rest_route=\/wp\/v2\/types\/post"}],"author":[{"embeddable":true,"href":"https:\/\/lamendigapolitica.com\/index.php?rest_route=\/wp\/v2\/users\/1"}],"replies":[{"embeddable":true,"href":"https:\/\/lamendigapolitica.com\/index.php?rest_route=%2Fwp%2Fv2%2Fcomments&post=81752"}],"version-history":[{"count":2,"href":"https:\/\/lamendigapolitica.com\/index.php?rest_route=\/wp\/v2\/posts\/81752\/revisions"}],"predecessor-version":[{"id":82094,"href":"https:\/\/lamendigapolitica.com\/index.php?rest_route=\/wp\/v2\/posts\/81752\/revisions\/82094"}],"wp:attachment":[{"href":"https:\/\/lamendigapolitica.com\/index.php?rest_route=%2Fwp%2Fv2%2Fmedia&parent=81752"}],"wp:term":[{"taxonomy":"category","embeddable":true,"href":"https:\/\/lamendigapolitica.com\/index.php?rest_route=%2Fwp%2Fv2%2Fcategories&post=81752"},{"taxonomy":"post_tag","embeddable":true,"href":"https:\/\/lamendigapolitica.com\/index.php?rest_route=%2Fwp%2Fv2%2Ftags&post=81752"}],"curies":[{"name":"wp","href":"https:\/\/api.w.org\/{rel}","templated":true}]}}