{"id":81741,"date":"2025-10-07T22:45:50","date_gmt":"2025-10-08T04:45:50","guid":{"rendered":"https:\/\/lamendigapolitica.com\/?p=81741"},"modified":"2025-10-07T22:45:50","modified_gmt":"2025-10-08T04:45:50","slug":"meteorologos-del-iam-preven-mas-lluvias-en-octubre-y-un-invierno-mas-frio","status":"publish","type":"post","link":"https:\/\/lamendigapolitica.com\/?p=81741","title":{"rendered":"Meteor\u00f3logos del IAM prev\u00e9n m\u00e1s lluvias en octubre y un invierno m\u00e1s fr\u00edo"},"content":{"rendered":"<p><img loading=\"lazy\" decoding=\"async\" class=\"aligncenter size-full wp-image-81610\" src=\"https:\/\/lamendigapolitica.com\/wp-content\/uploads\/2025\/09\/Captura-de-pantalla-2025-09-04-a-las-19.34.23.png\" alt=\"\" width=\"1334\" height=\"901\" srcset=\"https:\/\/lamendigapolitica.com\/wp-content\/uploads\/2025\/09\/Captura-de-pantalla-2025-09-04-a-las-19.34.23.png 1334w, https:\/\/lamendigapolitica.com\/wp-content\/uploads\/2025\/09\/Captura-de-pantalla-2025-09-04-a-las-19.34.23-300x203.png 300w, https:\/\/lamendigapolitica.com\/wp-content\/uploads\/2025\/09\/Captura-de-pantalla-2025-09-04-a-las-19.34.23-1024x692.png 1024w, https:\/\/lamendigapolitica.com\/wp-content\/uploads\/2025\/09\/Captura-de-pantalla-2025-09-04-a-las-19.34.23-768x519.png 768w, https:\/\/lamendigapolitica.com\/wp-content\/uploads\/2025\/09\/Captura-de-pantalla-2025-09-04-a-las-19.34.23-555x375.png 555w\" sizes=\"auto, (max-width: 1334px) 100vw, 1334px\" \/><\/p>\n<p>Desde el centro del estado hasta la zona costera esperan m\u00e1s precipitaciones del promedio<\/p>\n<p>Las lluvias continuar\u00e1n durante octubre por arriba del promedio desde el centro del estado hasta la zona costera, mientras que para el resto de la entidad se esperan menos precipitaciones, aseguraron en conferencia de prensa especialistas del Instituto de Astronom\u00eda y Meteorolog\u00eda (IAM), del Centro Universitario de Ciencias Exactas e Ingenier\u00edas (CUCEI) de la Universidad de Guadalajara.<!--more--><\/p>\n<p>\u201cNos faltan todav\u00eda algunos d\u00edas en donde se podr\u00edan presentar algunas. De hecho, en este momento tenemos la tormenta tropical \u2018Priscila\u2019, que ha dejado algunas precipitaciones de manera indirecta los \u00faltimos d\u00edas porque no ha tocado tierra y no tocar\u00e1 tierra en nuestro estado, pero s\u00ed las bandas nubosas han dejado algunas lluvias en zonas monta\u00f1osas y en zonas costeras, y esto continuar\u00e1 en el transcurso del d\u00eda de hoy y los pr\u00f3ximos d\u00edas\u201d, afirm\u00f3 el doctor Mauricio L\u00f3pez Reyes, meteor\u00f3logo operativo del IAM.<\/p>\n<p>Record\u00f3 que la temporada de lluvias se extiende hasta octubre, mientras que la temporada cicl\u00f3nica concluye en noviembre, por lo que es normal que concurran eventos como el hurac\u00e1n \u201cPriscila\u201d, que tiene potencial de alcanzar la categor\u00eda 2 pero que no representa riesgo de impacto directo en Jalisco<\/p>\n<p>Explic\u00f3 que el hurac\u00e1n se mover\u00e1 mar adentro e ir\u00e1 hacia la Pen\u00ednsula de Baja California, por lo que el escenario m\u00e1s probable es que hacia el viernes o s\u00e1bado podr\u00eda estar tocando tierra en alg\u00fan punto entre la divisi\u00f3n de Baja California y Baja California Sur.<\/p>\n<p>&nbsp;<\/p>\n<p>\u201cSin embargo, de manera indirecta, s\u00ed nos estar\u00e1 aportando precipitaciones en nuestra regi\u00f3n. El cielo continuar\u00e1 nublado, y esto nos va a dar un lunes y martes con bastante humedad, alguna precipitaci\u00f3n ligera y temperaturas frescas\u201d, advirti\u00f3.<\/p>\n<p>&nbsp;<\/p>\n<p>El especialista a\u00f1adi\u00f3 que para la segunda quincena de este mes se esperan temperaturas m\u00e1s fr\u00edas de lo normal, especialmente en las regiones de Los Altos y Ci\u00e9nega, mientras que en el resto del estado estar\u00e1 ligeramente m\u00e1s c\u00e1lido de lo normal.<\/p>\n<p>&nbsp;<\/p>\n<p>El maestro Julio Zamora Salvador, meteor\u00f3logo operativo del IAM, se\u00f1al\u00f3 que no se puede pronosticar si habr\u00e1 formaci\u00f3n de nuevos ciclones o huracanes sino hasta cuatro o cinco d\u00edas antes de que los fen\u00f3menos meteorol\u00f3gicos ocurran.<\/p>\n<p>&nbsp;<\/p>\n<p>\u201c\u00bfCu\u00e1ntos faltan? No lo s\u00e9. Si nos basamos en la estad\u00edstica, podr\u00edamos decir que se pueden formar algunos ciclones tropicales m\u00e1s, y cu\u00e1ntos faltan realmente no es lo importante. Lo importante es que con uno que haya, enfoquemos toda la comunicaci\u00f3n y todo el trabajo en darle el mejor seguimiento a ese cicl\u00f3n. Est\u00e1 \u2018Priscila\u2019 en este momento, y hay que esperar todav\u00eda todo octubre y noviembre que se puedan desarrollar otros\u201d, indic\u00f3<\/p>\n<p>&nbsp;<\/p>\n<p>Invierno m\u00e1s fr\u00edo<\/p>\n<p>Zamora Salvador dio a conocer que para diciembre y hasta febrero del pr\u00f3ximo a\u00f1o se esperan temperaturas m\u00e1s bajas que en 2024, debido al fen\u00f3meno de La Ni\u00f1a, lo que significa un invierno m\u00e1s seco en la regi\u00f3n.<\/p>\n<p>&nbsp;<\/p>\n<p>\u201cEs muy probable que, en las pr\u00f3ximas semanas, en el pr\u00f3ximo trimestre, ya estemos hablando de una condici\u00f3n de La Ni\u00f1a, y se espera que esto no dure tanto tiempo y que tampoco sea tan intensa. De por s\u00ed, la temporada invernal es seca, pues con estas condiciones esperar\u00edamos menos lluvias de lo normal y tambi\u00e9n algunas condiciones de fr\u00edo m\u00e1s intenso por momentos. Est\u00e1 latente esa probabilidad de tener un invierno con m\u00e1s recurrencia de masas de aire polar\u201d, concluy\u00f3.<\/p>\n","protected":false},"excerpt":{"rendered":"<p>Desde el centro del estado hasta la zona costera esperan m\u00e1s precipitaciones del promedio Las lluvias continuar\u00e1n durante octubre por arriba del promedio desde el centro del estado hasta la zona costera, mientras que para el resto de la entidad se esperan menos precipitaciones, aseguraron en conferencia de prensa especialistas del Instituto de Astronom\u00eda y &hellip; <\/p>\n<p><a class=\"more-link btn\" href=\"https:\/\/lamendigapolitica.com\/?p=81741\">Seguir leyendo<\/a><\/p>\n","protected":false},"author":1,"featured_media":0,"comment_status":"open","ping_status":"closed","sticky":false,"template":"","format":"standard","meta":{"footnotes":""},"categories":[5],"tags":[],"class_list":["post-81741","post","type-post","status-publish","format-standard","hentry","category-partidos","item-wrap"],"_links":{"self":[{"href":"https:\/\/lamendigapolitica.com\/index.php?rest_route=\/wp\/v2\/posts\/81741","targetHints":{"allow":["GET"]}}],"collection":[{"href":"https:\/\/lamendigapolitica.com\/index.php?rest_route=\/wp\/v2\/posts"}],"about":[{"href":"https:\/\/lamendigapolitica.com\/index.php?rest_route=\/wp\/v2\/types\/post"}],"author":[{"embeddable":true,"href":"https:\/\/lamendigapolitica.com\/index.php?rest_route=\/wp\/v2\/users\/1"}],"replies":[{"embeddable":true,"href":"https:\/\/lamendigapolitica.com\/index.php?rest_route=%2Fwp%2Fv2%2Fcomments&post=81741"}],"version-history":[{"count":1,"href":"https:\/\/lamendigapolitica.com\/index.php?rest_route=\/wp\/v2\/posts\/81741\/revisions"}],"predecessor-version":[{"id":81742,"href":"https:\/\/lamendigapolitica.com\/index.php?rest_route=\/wp\/v2\/posts\/81741\/revisions\/81742"}],"wp:attachment":[{"href":"https:\/\/lamendigapolitica.com\/index.php?rest_route=%2Fwp%2Fv2%2Fmedia&parent=81741"}],"wp:term":[{"taxonomy":"category","embeddable":true,"href":"https:\/\/lamendigapolitica.com\/index.php?rest_route=%2Fwp%2Fv2%2Fcategories&post=81741"},{"taxonomy":"post_tag","embeddable":true,"href":"https:\/\/lamendigapolitica.com\/index.php?rest_route=%2Fwp%2Fv2%2Ftags&post=81741"}],"curies":[{"name":"wp","href":"https:\/\/api.w.org\/{rel}","templated":true}]}}