{"id":81738,"date":"2025-10-06T22:39:00","date_gmt":"2025-10-07T04:39:00","guid":{"rendered":"https:\/\/lamendigapolitica.com\/?p=81738"},"modified":"2025-10-07T22:42:11","modified_gmt":"2025-10-08T04:42:11","slug":"artesano-de-tlajomulco-conquista-el-primer-lugar-nacional-con-una-obra-inspirada-en-los-jaguares","status":"publish","type":"post","link":"https:\/\/lamendigapolitica.com\/?p=81738","title":{"rendered":"Artesano de Tlajomulco conquista el primer lugar nacional con una obra inspirada en los jaguares"},"content":{"rendered":"<p><img loading=\"lazy\" decoding=\"async\" class=\"aligncenter size-full wp-image-81739\" src=\"https:\/\/lamendigapolitica.com\/wp-content\/uploads\/2025\/10\/54822505647_7ac3802954_c.jpg\" alt=\"\" width=\"600\" height=\"800\" srcset=\"https:\/\/lamendigapolitica.com\/wp-content\/uploads\/2025\/10\/54822505647_7ac3802954_c.jpg 600w, https:\/\/lamendigapolitica.com\/wp-content\/uploads\/2025\/10\/54822505647_7ac3802954_c-225x300.jpg 225w, https:\/\/lamendigapolitica.com\/wp-content\/uploads\/2025\/10\/54822505647_7ac3802954_c-555x740.jpg 555w\" sizes=\"auto, (max-width: 600px) 100vw, 600px\" \/><br \/>\nLa pieza \u201cMetate Balam\u201d fue reconocida como la mejor creaci\u00f3n de la Feria Xcaret de Arte Popular Mexicano, consolidando el prestigio de la talla en piedra de San Lucas Evangelista<\/p>\n<p>El talento artesanal de Tlajomulco brill\u00f3 en la Feria Xcaret de Arte Popular Mexicano 2025, evento que reuni\u00f3 a m\u00e1s de 140 maestras y maestros artesanos de todo el pa\u00eds en la Hacienda Henequenera del Parque Xcaret.<\/p>\n<p>En esta edici\u00f3n, el artesano Juan Jos\u00e9 P\u00e9rez Rodr\u00edguez, del taller de molcajetes El Camich\u00edn de San Lucas Evangelista, obtuvo el primer lugar en la categor\u00eda libre con la pieza \u201cMetate Balam\u201d, una obra de basalto sostenida por dos jaguares tallados a mano.<!--more--><\/p>\n<p>Este reconocimiento es un orgullo para Tlajomulco y para todo Jalisco, pues destaca el talento, la creatividad y el arraigo cultural de nuestras y nuestros artesanos. La talla en piedra \u2014oficio ancestral que caracteriza la ribera de Cajititl\u00e1n\u2014 contin\u00faa proyectando al municipio en escenarios nacionales e internacionales como una expresi\u00f3n viva de historia, tradici\u00f3n y belleza.<\/p>\n<p>&nbsp;<\/p>\n<p>El estado de Jalisco particip\u00f3 en la feria con stands representativos de Tlajomulco con San Lucas Evangelista, y Tonal\u00e1 localidades que exhibieron la diversidad del arte popular jalisciense mediante piezas de cer\u00e1mica, textil, madera y piedra.<\/p>\n<p>&nbsp;<\/p>\n<p>Para el Gobierno de Tlajomulco es muy importante el compromiso de preservar, impulsar y reconocer a las y los artesanos que mantienen vivas las ra\u00edces culturales de nuestro pa\u00eds, llevando con orgullo la esencia de nuestras comunidades al coraz\u00f3n de M\u00e9xico.<\/p>\n<p>&nbsp;<\/p>\n<p>El dato:<\/p>\n<p>&nbsp;<\/p>\n<p>Los talleres familiares de molcajetes de la localidad han exportado piezas a Estados Unidos y Europa, manteniendo vivo este arte ancestral.<br \/>\nEl basalto utilizado en \u201cMetate Balam\u201d proviene de la regi\u00f3n de Tlajomulco, lo que refuerza el v\u00ednculo entre la obra y su lugar de origen.<\/p>\n","protected":false},"excerpt":{"rendered":"<p>La pieza \u201cMetate Balam\u201d fue reconocida como la mejor creaci\u00f3n de la Feria Xcaret de Arte Popular Mexicano, consolidando el prestigio de la talla en piedra de San Lucas Evangelista El talento artesanal de Tlajomulco brill\u00f3 en la Feria Xcaret de Arte Popular Mexicano 2025, evento que reuni\u00f3 a m\u00e1s de 140 maestras y maestros &hellip; <\/p>\n<p><a class=\"more-link btn\" href=\"https:\/\/lamendigapolitica.com\/?p=81738\">Seguir leyendo<\/a><\/p>\n","protected":false},"author":1,"featured_media":0,"comment_status":"open","ping_status":"closed","sticky":false,"template":"","format":"standard","meta":{"footnotes":""},"categories":[5],"tags":[],"class_list":["post-81738","post","type-post","status-publish","format-standard","hentry","category-partidos","item-wrap"],"_links":{"self":[{"href":"https:\/\/lamendigapolitica.com\/index.php?rest_route=\/wp\/v2\/posts\/81738","targetHints":{"allow":["GET"]}}],"collection":[{"href":"https:\/\/lamendigapolitica.com\/index.php?rest_route=\/wp\/v2\/posts"}],"about":[{"href":"https:\/\/lamendigapolitica.com\/index.php?rest_route=\/wp\/v2\/types\/post"}],"author":[{"embeddable":true,"href":"https:\/\/lamendigapolitica.com\/index.php?rest_route=\/wp\/v2\/users\/1"}],"replies":[{"embeddable":true,"href":"https:\/\/lamendigapolitica.com\/index.php?rest_route=%2Fwp%2Fv2%2Fcomments&post=81738"}],"version-history":[{"count":1,"href":"https:\/\/lamendigapolitica.com\/index.php?rest_route=\/wp\/v2\/posts\/81738\/revisions"}],"predecessor-version":[{"id":81740,"href":"https:\/\/lamendigapolitica.com\/index.php?rest_route=\/wp\/v2\/posts\/81738\/revisions\/81740"}],"wp:attachment":[{"href":"https:\/\/lamendigapolitica.com\/index.php?rest_route=%2Fwp%2Fv2%2Fmedia&parent=81738"}],"wp:term":[{"taxonomy":"category","embeddable":true,"href":"https:\/\/lamendigapolitica.com\/index.php?rest_route=%2Fwp%2Fv2%2Fcategories&post=81738"},{"taxonomy":"post_tag","embeddable":true,"href":"https:\/\/lamendigapolitica.com\/index.php?rest_route=%2Fwp%2Fv2%2Ftags&post=81738"}],"curies":[{"name":"wp","href":"https:\/\/api.w.org\/{rel}","templated":true}]}}