{"id":81708,"date":"2025-09-29T12:29:28","date_gmt":"2025-09-29T18:29:28","guid":{"rendered":"https:\/\/lamendigapolitica.com\/?p=81708"},"modified":"2025-09-30T12:34:33","modified_gmt":"2025-09-30T18:34:33","slug":"udeg-recibira-todo-su-presupuesto-claudia-sheinbaum","status":"publish","type":"post","link":"https:\/\/lamendigapolitica.com\/?p=81708","title":{"rendered":"UdeG recibir\u00e1 todo su presupuesto: Claudia Sheinbaum"},"content":{"rendered":"<p><img loading=\"lazy\" decoding=\"async\" class=\"aligncenter size-full wp-image-81709\" src=\"https:\/\/lamendigapolitica.com\/wp-content\/uploads\/2025\/09\/WhatsApp-Image-2025-09-28-at-2.05.19-PM.jpeg\" alt=\"\" width=\"2560\" height=\"1920\" srcset=\"https:\/\/lamendigapolitica.com\/wp-content\/uploads\/2025\/09\/WhatsApp-Image-2025-09-28-at-2.05.19-PM.jpeg 2560w, https:\/\/lamendigapolitica.com\/wp-content\/uploads\/2025\/09\/WhatsApp-Image-2025-09-28-at-2.05.19-PM-300x225.jpeg 300w, https:\/\/lamendigapolitica.com\/wp-content\/uploads\/2025\/09\/WhatsApp-Image-2025-09-28-at-2.05.19-PM-1024x768.jpeg 1024w, https:\/\/lamendigapolitica.com\/wp-content\/uploads\/2025\/09\/WhatsApp-Image-2025-09-28-at-2.05.19-PM-768x576.jpeg 768w, https:\/\/lamendigapolitica.com\/wp-content\/uploads\/2025\/09\/WhatsApp-Image-2025-09-28-at-2.05.19-PM-1536x1152.jpeg 1536w, https:\/\/lamendigapolitica.com\/wp-content\/uploads\/2025\/09\/WhatsApp-Image-2025-09-28-at-2.05.19-PM-2048x1536.jpeg 2048w, https:\/\/lamendigapolitica.com\/wp-content\/uploads\/2025\/09\/WhatsApp-Image-2025-09-28-at-2.05.19-PM-555x416.jpeg 555w\" sizes=\"auto, (max-width: 2560px) 100vw, 2560px\" \/><\/p>\n<p>Esta Casa de Estudio agradece a la Presidenta Claudia Sheinbaum por su visita, su palabra y su compromiso con la universidad p\u00fablica<\/p>\n<p>La Universidad de Guadalajara manifiesta su profundo reconocimiento a la Presidenta de M\u00e9xico, Claudia Sheinbaum Pardo, por su reciente visita a nuestra instituci\u00f3n y los anuncios contundentes que brind\u00f3 en favor de la comunidad universitaria.<\/p>\n<p>Durante su estancia en la UdeG, la Presidenta reafirm\u00f3 su respaldo cuando dijo con claridad que nuestra instituci\u00f3n no perder\u00e1 recursos, a pesar de que en el proyecto presupuestal inicial se present\u00f3 una reducci\u00f3n de alrededor de 56 por ciento en las participaciones federales.<!--more--><\/p>\n<p>&nbsp;<\/p>\n<p>Ella calific\u00f3 esa disminuci\u00f3n como un \u201cerror humano\u201d y asegur\u00f3 que correr\u00eda por su cuenta la correcci\u00f3n correspondiente.<\/p>\n<p>&nbsp;<\/p>\n<p>\u201cHubo un error en el presupuesto que se envi\u00f3 al Congreso, la Universidad de Guadalajara va a tener todo su presupuesto, no hay ning\u00fan problema, ese error se va a corregir\u201d, expres\u00f3.<\/p>\n<p>&nbsp;<\/p>\n<p>Ante m\u00e1s de 10 mil personas en el Centro Cultural Universitario, Sheinbaum Pardo resalt\u00f3 la presencia de la comunidad universitaria de esta Casa de Estudio en el Informe, donde tambi\u00e9n estuvo presente la Rectora General, maestra Karla Planter, y resalt\u00f3 su orgullo por ser \u201chija de la UdeG\u201d.<\/p>\n<p>\u201cAprovecho para saludar a todos los estudiantes de la Universidad de Guadalajara. La primera vez que vine como precandidata a Jalisco, a Guadalajara en particular, dije que yo me sent\u00eda muy orgullosa porque mi padre es egresado de la Universidad de Guadalajara, aqu\u00ed estudi\u00f3 Ingenier\u00eda Qu\u00edmica, y dije \u2018soy hija de la UdeG\u2019\u201d, enfatiz\u00f3.<\/p>\n<p>&nbsp;<\/p>\n<p>Con ese mensaje, no s\u00f3lo ratifica su respaldo institucional, sino tambi\u00e9n su v\u00ednculo personal con esta Casa de Estudio.<\/p>\n<p>&nbsp;<\/p>\n<p>Estos pronunciamientos cobran especial relevancia en un momento en que las instituciones de educaci\u00f3n superior requieren certeza presupuestal para seguir respondiendo a los retos locales, nacionales y globales. Que la Presidenta haya se\u00f1alado p\u00fablicamente la intenci\u00f3n de corregir el error da tranquilidad a estudiantes, profesores, investigadores y al personal administrativo de la UdeG.<\/p>\n<p>&nbsp;<\/p>\n<p>Por ello, la comunidad universitaria celebra estas declaraciones y refrenda su compromiso con la excelencia acad\u00e9mica, la autonom\u00eda universitaria, la responsabilidad social y con su misi\u00f3n de impulsar el desarrollo de Jalisco y del pa\u00eds.<\/p>\n<p>&nbsp;<\/p>\n<p>En nombre de la comunidad UdeG, expresamos nuestro sincero agradecimiento a la Presidenta Claudia Sheinbaum por escuchar nuestras necesidades, hablar con claridad y manifestar su voluntad de apoyar a nuestra universidad.<\/p>\n<p>&nbsp;<\/p>\n","protected":false},"excerpt":{"rendered":"<p>Esta Casa de Estudio agradece a la Presidenta Claudia Sheinbaum por su visita, su palabra y su compromiso con la universidad p\u00fablica La Universidad de Guadalajara manifiesta su profundo reconocimiento a la Presidenta de M\u00e9xico, Claudia Sheinbaum Pardo, por su reciente visita a nuestra instituci\u00f3n y los anuncios contundentes que brind\u00f3 en favor de la &hellip; <\/p>\n<p><a class=\"more-link btn\" href=\"https:\/\/lamendigapolitica.com\/?p=81708\">Seguir leyendo<\/a><\/p>\n","protected":false},"author":1,"featured_media":0,"comment_status":"open","ping_status":"closed","sticky":false,"template":"","format":"standard","meta":{"footnotes":""},"categories":[5],"tags":[],"class_list":["post-81708","post","type-post","status-publish","format-standard","hentry","category-partidos","item-wrap"],"_links":{"self":[{"href":"https:\/\/lamendigapolitica.com\/index.php?rest_route=\/wp\/v2\/posts\/81708","targetHints":{"allow":["GET"]}}],"collection":[{"href":"https:\/\/lamendigapolitica.com\/index.php?rest_route=\/wp\/v2\/posts"}],"about":[{"href":"https:\/\/lamendigapolitica.com\/index.php?rest_route=\/wp\/v2\/types\/post"}],"author":[{"embeddable":true,"href":"https:\/\/lamendigapolitica.com\/index.php?rest_route=\/wp\/v2\/users\/1"}],"replies":[{"embeddable":true,"href":"https:\/\/lamendigapolitica.com\/index.php?rest_route=%2Fwp%2Fv2%2Fcomments&post=81708"}],"version-history":[{"count":1,"href":"https:\/\/lamendigapolitica.com\/index.php?rest_route=\/wp\/v2\/posts\/81708\/revisions"}],"predecessor-version":[{"id":81710,"href":"https:\/\/lamendigapolitica.com\/index.php?rest_route=\/wp\/v2\/posts\/81708\/revisions\/81710"}],"wp:attachment":[{"href":"https:\/\/lamendigapolitica.com\/index.php?rest_route=%2Fwp%2Fv2%2Fmedia&parent=81708"}],"wp:term":[{"taxonomy":"category","embeddable":true,"href":"https:\/\/lamendigapolitica.com\/index.php?rest_route=%2Fwp%2Fv2%2Fcategories&post=81708"},{"taxonomy":"post_tag","embeddable":true,"href":"https:\/\/lamendigapolitica.com\/index.php?rest_route=%2Fwp%2Fv2%2Ftags&post=81708"}],"curies":[{"name":"wp","href":"https:\/\/api.w.org\/{rel}","templated":true}]}}