{"id":81700,"date":"2025-09-28T12:19:37","date_gmt":"2025-09-28T18:19:37","guid":{"rendered":"https:\/\/lamendigapolitica.com\/?p=81700"},"modified":"2025-09-30T12:22:20","modified_gmt":"2025-09-30T18:22:20","slug":"tlajomulco-impulsa-la-reforestacion-colorida-en-la-ribera-de-cajititlan","status":"publish","type":"post","link":"https:\/\/lamendigapolitica.com\/?p=81700","title":{"rendered":"Tlajomulco impulsa la reforestaci\u00f3n colorida en la Ribera de Cajititl\u00e1n"},"content":{"rendered":"<p><img loading=\"lazy\" decoding=\"async\" class=\"aligncenter size-full wp-image-81701\" src=\"https:\/\/lamendigapolitica.com\/wp-content\/uploads\/2025\/09\/54811700716_a7d1a3ea6c_c.jpg\" alt=\"\" width=\"800\" height=\"360\" srcset=\"https:\/\/lamendigapolitica.com\/wp-content\/uploads\/2025\/09\/54811700716_a7d1a3ea6c_c.jpg 800w, https:\/\/lamendigapolitica.com\/wp-content\/uploads\/2025\/09\/54811700716_a7d1a3ea6c_c-300x135.jpg 300w, https:\/\/lamendigapolitica.com\/wp-content\/uploads\/2025\/09\/54811700716_a7d1a3ea6c_c-768x346.jpg 768w, https:\/\/lamendigapolitica.com\/wp-content\/uploads\/2025\/09\/54811700716_a7d1a3ea6c_c-555x250.jpg 555w\" sizes=\"auto, (max-width: 800px) 100vw, 800px\" \/><\/p>\n<p>Con la plantaci\u00f3n de diversas especies de \u00e1rboles, las jornadas buscan fortalecer el turismo y la imagen de las localidades ribere\u00f1as<\/p>\n<p>Con el objetivo de fortalecer la identidad, el turismo y el entorno natural de la Ribera de Cajititl\u00e1n, se llevaron a cabo las jornadas de Ribera de Colores en las localidades de Cajititl\u00e1n, Cuexcomatitl\u00e1n, San Miguel Cuyutl\u00e1n, San Lucas Evangelista y San Juan Evangelista.<\/p>\n<p>Esta iniciativa contempla la plantaci\u00f3n de \u00e1rboles de especies como tabachines rojos, naranjos, mandarinos, primavera amarilla, rosa morada y galeana, con el prop\u00f3sito de embellecer los malecones y entornos ribere\u00f1os, al tiempo de reforzar su vocaci\u00f3n tur\u00edstica.<!--more--><\/p>\n<p>En los arranques participaron alumnos de la Universidad de Guadalajara, servidores p\u00fablicos, ciudadanos y distintas dependencias municipales, quienes unieron esfuerzos para dar vida a este proyecto ambiental.<\/p>\n<p>El director del Consejo Municipal del Deporte (Comude), Jes\u00fas Alejandre Mendoza, destac\u00f3 la importancia de vincular la reforestaci\u00f3n con el Medio Marat\u00f3n de Tlajomulco, que este a\u00f1o celebra su d\u00e9cimo aniversario. Record\u00f3 que esta justa deportiva ha sido comparada con rutas internacionales, como la de Venecia, gracias a su recorrido junto a la laguna y entre paisajes naturales \u00fanicos. Con la reforestaci\u00f3n, afirm\u00f3, se refuerza ese entorno para que siga siendo motivo de orgullo en Tlajomulco.<\/p>\n<p>&nbsp;<\/p>\n<p>\u201cCajititl\u00e1n ser\u00e1 el marco para un escenario perfecto en estos diez a\u00f1os del medio marat\u00f3n. Tenemos una ruta incre\u00edble, en la cual salimos desde Cuexcomatitl\u00e1n y terminamos en Cajititl\u00e1n. Lo que estamos haciendo hoy es pensar a futuro. Qu\u00e9 gran visi\u00f3n tuvieron al vincular este proyecto, porque el pr\u00f3ximo a\u00f1o la meta, la salida y todo el recorrido estar\u00e1n muy coloridos con estos arbolitos tan bonitos que forman la Ribera de Colores\u201d, expres\u00f3 Alejandre.<\/p>\n<p>&nbsp;<\/p>\n<p>Por su parte, la s\u00edndico municipal Thania Edith Morales Rodr\u00edguez subray\u00f3 el compromiso de la administraci\u00f3n con la preservaci\u00f3n de la ribera y el fortalecimiento del turismo local. Se\u00f1al\u00f3 que sembrar un \u00e1rbol es un acto noble que trasciende generaciones y que la Ribera de Cajititl\u00e1n debe consolidarse como un detonante tur\u00edstico, no solo para Tlajomulco, sino tambi\u00e9n a nivel nacional e internacional.<\/p>\n<p>&nbsp;<\/p>\n<p>\u201cNo es un compromiso que tenga que ver \u00fanicamente con el resultado del domingo 5 de octubre, sino que vamos a aprovechar el Medio Marat\u00f3n para sentar condiciones y bases que conviertan a la ribera en un detonante del turismo local, nacional e incluso internacional\u201d, a\u00f1adi\u00f3.<\/p>\n<p>&nbsp;<\/p>\n<p>Jes\u00fas Alejandre Mendoza y Thania Morales agradecieron el apoyo de patrocinadores como la empresa Skarch y la embotelladora Aga, as\u00ed como la colaboraci\u00f3n de ciudadanos y dependencias municipales. Este proyecto busca dejar una huella positiva y permanente en beneficio de la sociedad.<\/p>\n<p>&nbsp;<\/p>\n<p>El dato<\/p>\n<p>&nbsp;<\/p>\n<p>\u00b7 La reforestaci\u00f3n se realiza como parte de los preparativos del Medio Marat\u00f3n de Cajititl\u00e1n, que este a\u00f1o celebra su d\u00e9cimo aniversario y es considerado uno de los m\u00e1s emblem\u00e1ticos del municipio y de Jalisco.<\/p>\n","protected":false},"excerpt":{"rendered":"<p>Con la plantaci\u00f3n de diversas especies de \u00e1rboles, las jornadas buscan fortalecer el turismo y la imagen de las localidades ribere\u00f1as Con el objetivo de fortalecer la identidad, el turismo y el entorno natural de la Ribera de Cajititl\u00e1n, se llevaron a cabo las jornadas de Ribera de Colores en las localidades de Cajititl\u00e1n, Cuexcomatitl\u00e1n, &hellip; <\/p>\n<p><a class=\"more-link btn\" href=\"https:\/\/lamendigapolitica.com\/?p=81700\">Seguir leyendo<\/a><\/p>\n","protected":false},"author":1,"featured_media":0,"comment_status":"open","ping_status":"closed","sticky":false,"template":"","format":"standard","meta":{"footnotes":""},"categories":[5],"tags":[],"class_list":["post-81700","post","type-post","status-publish","format-standard","hentry","category-partidos","item-wrap"],"_links":{"self":[{"href":"https:\/\/lamendigapolitica.com\/index.php?rest_route=\/wp\/v2\/posts\/81700","targetHints":{"allow":["GET"]}}],"collection":[{"href":"https:\/\/lamendigapolitica.com\/index.php?rest_route=\/wp\/v2\/posts"}],"about":[{"href":"https:\/\/lamendigapolitica.com\/index.php?rest_route=\/wp\/v2\/types\/post"}],"author":[{"embeddable":true,"href":"https:\/\/lamendigapolitica.com\/index.php?rest_route=\/wp\/v2\/users\/1"}],"replies":[{"embeddable":true,"href":"https:\/\/lamendigapolitica.com\/index.php?rest_route=%2Fwp%2Fv2%2Fcomments&post=81700"}],"version-history":[{"count":1,"href":"https:\/\/lamendigapolitica.com\/index.php?rest_route=\/wp\/v2\/posts\/81700\/revisions"}],"predecessor-version":[{"id":81702,"href":"https:\/\/lamendigapolitica.com\/index.php?rest_route=\/wp\/v2\/posts\/81700\/revisions\/81702"}],"wp:attachment":[{"href":"https:\/\/lamendigapolitica.com\/index.php?rest_route=%2Fwp%2Fv2%2Fmedia&parent=81700"}],"wp:term":[{"taxonomy":"category","embeddable":true,"href":"https:\/\/lamendigapolitica.com\/index.php?rest_route=%2Fwp%2Fv2%2Fcategories&post=81700"},{"taxonomy":"post_tag","embeddable":true,"href":"https:\/\/lamendigapolitica.com\/index.php?rest_route=%2Fwp%2Fv2%2Ftags&post=81700"}],"curies":[{"name":"wp","href":"https:\/\/api.w.org\/{rel}","templated":true}]}}