{"id":81682,"date":"2025-09-23T21:40:29","date_gmt":"2025-09-24T03:40:29","guid":{"rendered":"https:\/\/lamendigapolitica.com\/?p=81682"},"modified":"2025-09-25T21:50:26","modified_gmt":"2025-09-26T03:50:26","slug":"el-disenador-stefan-sagmeister-hace-escala-en-el-maz-con-la-obra-por-fin-algo-bueno","status":"publish","type":"post","link":"https:\/\/lamendigapolitica.com\/?p=81682","title":{"rendered":"El dise\u00f1ador Stefan Sagmeister hace escala en el MAZ con la obra Por fin, algo bueno"},"content":{"rendered":"<p><img loading=\"lazy\" decoding=\"async\" class=\"aligncenter size-full wp-image-81683\" src=\"https:\/\/lamendigapolitica.com\/wp-content\/uploads\/2025\/09\/54805674656_1c11917497_c.jpg\" alt=\"\" width=\"799\" height=\"533\" srcset=\"https:\/\/lamendigapolitica.com\/wp-content\/uploads\/2025\/09\/54805674656_1c11917497_c.jpg 799w, https:\/\/lamendigapolitica.com\/wp-content\/uploads\/2025\/09\/54805674656_1c11917497_c-300x200.jpg 300w, https:\/\/lamendigapolitica.com\/wp-content\/uploads\/2025\/09\/54805674656_1c11917497_c-768x512.jpg 768w, https:\/\/lamendigapolitica.com\/wp-content\/uploads\/2025\/09\/54805674656_1c11917497_c-555x370.jpg 555w\" sizes=\"auto, (max-width: 799px) 100vw, 799px\" \/><\/p>\n<p>La exposici\u00f3n estar\u00e1 vigente del 25 de septiembre al 1 de marzo de 2026 con un mensaje de reflexi\u00f3n sobre el estado actual de la sociedad<\/p>\n<p>El Gobierno de Zapopan, a trav\u00e9s del Museo de Arte de Zapopan (MAZ), invita a todas y todos a la inauguraci\u00f3n de la exposici\u00f3n Por fin, algo bueno, una obra del dise\u00f1ador austriaco Stefan Sagmeister que llega a la Sala de Proyectos de este recinto el pr\u00f3ximo jueves 25 de septiembre, a las 12:00 horas.<!--more--><\/p>\n<p>La muestra forma parte del Programa de Dise\u00f1o, Moda y Arquitectura, coordinado por Jos\u00e9 Antonio Sada, y permanecer\u00e1 abierta al p\u00fablico del 26 de septiembre de 2025 al 1 de marzo de 2026.<\/p>\n<p>La directora de Museos de Zapopan, Viviana Kuri, explic\u00f3 que esta exposici\u00f3n busca mostrar una perspectiva m\u00e1s optimista del presente frente a la percepci\u00f3n negativa que pudiera persistir en la sociedad.<\/p>\n<p>\u201cEl t\u00edtulo responde a que solemos pensar en un pasado mejor, pero esta exposici\u00f3n evidencia c\u00f3mo hemos mejorado en muchos aspectos, como la alimentaci\u00f3n y la salud. A trav\u00e9s de gr\u00e1ficas y piezas intervenidas se presentan datos que nos permiten reflexionar de otra manera sobre el estado actual del mundo\u201d, se\u00f1al\u00f3.<\/p>\n<p>La propuesta de Sagmeister utiliza datos estad\u00edsticos, instalaciones, esculturas y piezas visuales para demostrar que, en comparaci\u00f3n con siglos anteriores, hoy la humanidad se encuentra en mejores condiciones en \u00e1mbitos pol\u00edticos, sociales, culturales y econ\u00f3micos.<\/p>\n<p>Sobre la propuesta del austriaco, Jos\u00e9 Antonio Sada, curador del programa, destac\u00f3 que la exposici\u00f3n invita a cuestionar la narrativa dominante de pesimismo. \u201cEstamos acostumbrados a un bombardeo de noticias negativas sobre crisis ambientales, educaci\u00f3n o derechos humanos. Al contrastar con datos hist\u00f3ricos, descubrimos que la situaci\u00f3n global no es tan negativa. Por fin, algo bueno es una obra ofrece un enfoque m\u00e1s optimista sin ignorar los retos que a\u00fan enfrentamos\u201d, expres\u00f3.<\/p>\n<p>El s\u00e1bado 27 de septiembre, a las 12:00 horas, el MAZ tambi\u00e9n presentar\u00e1 el video in\u00e9dito Estudios para Ajolote, de la artista Melanie Smith, una coproducci\u00f3n con el Museo Jumex. Tras la proyecci\u00f3n, la creadora dialogar\u00e1 con el p\u00fablico acompa\u00f1ada por la curadora Elena S\u00e1nchez McGregor y por Kit Hammons, curador del Museo Jumex.<\/p>\n<p>\u201cMirar el mundo de otra manera\u201d<\/p>\n<p>Viviana Kuri subray\u00f3 la relevancia de ofrecer espacios de reflexi\u00f3n cultural accesibles a toda la comunidad. \u201cQueremos aportar un granito de arena para mirar el mundo de otra manera, especialmente para las y los j\u00f3venes que enfrentan una crisis de salud mental. Esta exposici\u00f3n busca transmitir esperanza y abrir la posibilidad de pensar en un futuro mejor\u201d, agreg\u00f3.<\/p>\n<p>Con entrada libre todos los d\u00edas, el MAZ y la Estaci\u00f3n MAZ, se consolidan como un espacio de encuentro cultural para la ciudadan\u00eda, promovido por el Gobierno de Zapopan. Estas exposiciones no s\u00f3lo enriquecen el panorama art\u00edstico local, sino que fortalecen la proyecci\u00f3n internacional del municipio como referente en pol\u00edticas p\u00fablicas culturales.<\/p>\n<p>El Museo de Arte Zapopan se ubica sobre el andador 20 de Noviembre y cuenta con los mismos horarios de la Estaci\u00f3n MAZ. En ambos espacios la entrada es libre.<br \/>\nEstaci\u00f3n MAZ se ubica sobre la avenida Hidalgo 352, en la zona centro de Zapopan. Este museo tiene un horario de atenci\u00f3n al p\u00fablico de martes a domingo, de 10:00 a 18:00 horas; los jueves abre sus puertas a partir de las 10:00 de ma\u00f1ana hasta las 22:00 horas. Los d\u00edas lunes permanece cerrado.<\/p>\n","protected":false},"excerpt":{"rendered":"<p>La exposici\u00f3n estar\u00e1 vigente del 25 de septiembre al 1 de marzo de 2026 con un mensaje de reflexi\u00f3n sobre el estado actual de la sociedad El Gobierno de Zapopan, a trav\u00e9s del Museo de Arte de Zapopan (MAZ), invita a todas y todos a la inauguraci\u00f3n de la exposici\u00f3n Por fin, algo bueno, una &hellip; <\/p>\n<p><a class=\"more-link btn\" href=\"https:\/\/lamendigapolitica.com\/?p=81682\">Seguir leyendo<\/a><\/p>\n","protected":false},"author":1,"featured_media":0,"comment_status":"open","ping_status":"closed","sticky":false,"template":"","format":"standard","meta":{"footnotes":""},"categories":[101,97,26,102,22],"tags":[],"class_list":["post-81682","post","type-post","status-publish","format-standard","hentry","category-cine","category-comunicacion","category-cultura","category-municipio","category-sociales","item-wrap"],"_links":{"self":[{"href":"https:\/\/lamendigapolitica.com\/index.php?rest_route=\/wp\/v2\/posts\/81682","targetHints":{"allow":["GET"]}}],"collection":[{"href":"https:\/\/lamendigapolitica.com\/index.php?rest_route=\/wp\/v2\/posts"}],"about":[{"href":"https:\/\/lamendigapolitica.com\/index.php?rest_route=\/wp\/v2\/types\/post"}],"author":[{"embeddable":true,"href":"https:\/\/lamendigapolitica.com\/index.php?rest_route=\/wp\/v2\/users\/1"}],"replies":[{"embeddable":true,"href":"https:\/\/lamendigapolitica.com\/index.php?rest_route=%2Fwp%2Fv2%2Fcomments&post=81682"}],"version-history":[{"count":1,"href":"https:\/\/lamendigapolitica.com\/index.php?rest_route=\/wp\/v2\/posts\/81682\/revisions"}],"predecessor-version":[{"id":81684,"href":"https:\/\/lamendigapolitica.com\/index.php?rest_route=\/wp\/v2\/posts\/81682\/revisions\/81684"}],"wp:attachment":[{"href":"https:\/\/lamendigapolitica.com\/index.php?rest_route=%2Fwp%2Fv2%2Fmedia&parent=81682"}],"wp:term":[{"taxonomy":"category","embeddable":true,"href":"https:\/\/lamendigapolitica.com\/index.php?rest_route=%2Fwp%2Fv2%2Fcategories&post=81682"},{"taxonomy":"post_tag","embeddable":true,"href":"https:\/\/lamendigapolitica.com\/index.php?rest_route=%2Fwp%2Fv2%2Ftags&post=81682"}],"curies":[{"name":"wp","href":"https:\/\/api.w.org\/{rel}","templated":true}]}}