{"id":81665,"date":"2025-09-18T15:20:47","date_gmt":"2025-09-18T21:20:47","guid":{"rendered":"https:\/\/lamendigapolitica.com\/?p=81665"},"modified":"2025-09-18T15:20:47","modified_gmt":"2025-09-18T21:20:47","slug":"detencion-y-traslado-a-mexico-del-lider-hernan-bermudez-requena","status":"publish","type":"post","link":"https:\/\/lamendigapolitica.com\/?p=81665","title":{"rendered":"Detenci\u00f3n y Traslado a M\u00e9xico del L\u00edder Hern\u00e1n Berm\u00fadez Requena"},"content":{"rendered":"<p data-start=\"62\" data-end=\"129\"><img loading=\"lazy\" decoding=\"async\" class=\"aligncenter size-full wp-image-81666\" src=\"https:\/\/lamendigapolitica.com\/wp-content\/uploads\/2025\/09\/G1E6djRWcAAdslJ.jpeg\" alt=\"\" width=\"874\" height=\"405\" srcset=\"https:\/\/lamendigapolitica.com\/wp-content\/uploads\/2025\/09\/G1E6djRWcAAdslJ.jpeg 874w, https:\/\/lamendigapolitica.com\/wp-content\/uploads\/2025\/09\/G1E6djRWcAAdslJ-300x139.jpeg 300w, https:\/\/lamendigapolitica.com\/wp-content\/uploads\/2025\/09\/G1E6djRWcAAdslJ-768x356.jpeg 768w, https:\/\/lamendigapolitica.com\/wp-content\/uploads\/2025\/09\/G1E6djRWcAAdslJ-555x257.jpeg 555w\" sizes=\"auto, (max-width: 874px) 100vw, 874px\" \/><\/p>\n<p data-start=\"131\" data-end=\"463\">El pasado 12 de septiembre, Hern\u00e1n Berm\u00fadez Requena, conocido l\u00edder del grupo criminal \u00abLa Barredora\u00bb, fue detenido en Paraguay en un operativo conjunto entre autoridades locales e internacionales. Tras su arresto, fue expulsado de Paraguay y trasladado a M\u00e9xico, donde actualmente se encuentra recluido en el penal de El Altiplano.<\/p>\n<p data-start=\"465\" data-end=\"764\">Berm\u00fadez Requena enfrenta cargos de asociaci\u00f3n delictuosa, extorsi\u00f3n y secuestro. Adem\u00e1s, su relaci\u00f3n con el pol\u00edtico de Morena, Ad\u00e1n Augusto L\u00f3pez, actual senador, ha generado controversia, ya que L\u00f3pez lo nombr\u00f3 en su cargo y ahora se le cuestiona sobre posibles v\u00ednculos con actividades il\u00edcitas.<\/p>\n<p data-start=\"766\" data-end=\"859\">Este caso resalta la cooperaci\u00f3n internacional en la lucha contra la criminalidad organizada.<\/p>\n","protected":false},"excerpt":{"rendered":"<p>El pasado 12 de septiembre, Hern\u00e1n Berm\u00fadez Requena, conocido l\u00edder del grupo criminal \u00abLa Barredora\u00bb, fue detenido en Paraguay en un operativo conjunto entre autoridades locales e internacionales. Tras su arresto, fue expulsado de Paraguay y trasladado a M\u00e9xico, donde actualmente se encuentra recluido en el penal de El Altiplano. Berm\u00fadez Requena enfrenta cargos de &hellip; <\/p>\n<p><a class=\"more-link btn\" href=\"https:\/\/lamendigapolitica.com\/?p=81665\">Seguir leyendo<\/a><\/p>\n","protected":false},"author":1,"featured_media":0,"comment_status":"open","ping_status":"closed","sticky":false,"template":"","format":"standard","meta":{"footnotes":""},"categories":[5],"tags":[],"class_list":["post-81665","post","type-post","status-publish","format-standard","hentry","category-partidos","item-wrap"],"_links":{"self":[{"href":"https:\/\/lamendigapolitica.com\/index.php?rest_route=\/wp\/v2\/posts\/81665","targetHints":{"allow":["GET"]}}],"collection":[{"href":"https:\/\/lamendigapolitica.com\/index.php?rest_route=\/wp\/v2\/posts"}],"about":[{"href":"https:\/\/lamendigapolitica.com\/index.php?rest_route=\/wp\/v2\/types\/post"}],"author":[{"embeddable":true,"href":"https:\/\/lamendigapolitica.com\/index.php?rest_route=\/wp\/v2\/users\/1"}],"replies":[{"embeddable":true,"href":"https:\/\/lamendigapolitica.com\/index.php?rest_route=%2Fwp%2Fv2%2Fcomments&post=81665"}],"version-history":[{"count":1,"href":"https:\/\/lamendigapolitica.com\/index.php?rest_route=\/wp\/v2\/posts\/81665\/revisions"}],"predecessor-version":[{"id":81667,"href":"https:\/\/lamendigapolitica.com\/index.php?rest_route=\/wp\/v2\/posts\/81665\/revisions\/81667"}],"wp:attachment":[{"href":"https:\/\/lamendigapolitica.com\/index.php?rest_route=%2Fwp%2Fv2%2Fmedia&parent=81665"}],"wp:term":[{"taxonomy":"category","embeddable":true,"href":"https:\/\/lamendigapolitica.com\/index.php?rest_route=%2Fwp%2Fv2%2Fcategories&post=81665"},{"taxonomy":"post_tag","embeddable":true,"href":"https:\/\/lamendigapolitica.com\/index.php?rest_route=%2Fwp%2Fv2%2Ftags&post=81665"}],"curies":[{"name":"wp","href":"https:\/\/api.w.org\/{rel}","templated":true}]}}