{"id":81658,"date":"2025-09-16T18:25:09","date_gmt":"2025-09-17T00:25:09","guid":{"rendered":"https:\/\/lamendigapolitica.com\/?p=81658"},"modified":"2025-09-16T18:25:09","modified_gmt":"2025-09-17T00:25:09","slug":"desfile-del-16-de-septiembre-celebracion-patriotica-y-exhibicion-de-fuerza","status":"publish","type":"post","link":"https:\/\/lamendigapolitica.com\/?p=81658","title":{"rendered":"Desfile del 16 de septiembre: Celebraci\u00f3n Patri\u00f3tica y Exhibici\u00f3n de Fuerza"},"content":{"rendered":"<p><img loading=\"lazy\" decoding=\"async\" class=\"aligncenter size-full wp-image-81659\" src=\"https:\/\/lamendigapolitica.com\/wp-content\/uploads\/2025\/09\/Captura-de-pantalla-2025-09-16-a-las-18.23.47.png\" alt=\"\" width=\"562\" height=\"302\" srcset=\"https:\/\/lamendigapolitica.com\/wp-content\/uploads\/2025\/09\/Captura-de-pantalla-2025-09-16-a-las-18.23.47.png 562w, https:\/\/lamendigapolitica.com\/wp-content\/uploads\/2025\/09\/Captura-de-pantalla-2025-09-16-a-las-18.23.47-300x161.png 300w, https:\/\/lamendigapolitica.com\/wp-content\/uploads\/2025\/09\/Captura-de-pantalla-2025-09-16-a-las-18.23.47-555x298.png 555w\" sizes=\"auto, (max-width: 562px) 100vw, 562px\" \/><\/p>\n<p>Este 16 de septiembre, la Ciudad de M\u00e9xico se visti\u00f3 de gala para conmemorar un a\u00f1o m\u00e1s de la Independencia de M\u00e9xico. El desfile, que recorri\u00f3 el Paseo de la Reforma, cont\u00f3 con la participaci\u00f3n de miles de ciudadanos, as\u00ed como de diversas instituciones gubernamentales y militares.<!--more--><\/p>\n<p>El evento comenz\u00f3 con una impresionante marcha de tropas y unidades militares, mostrando un despliegue de fuerza y tecnolog\u00eda, incluyendo veh\u00edculos blindados, aviones de combate y helic\u00f3pteros que surcaron el cielo capitalino. Adem\u00e1s, se rindi\u00f3 homenaje a los h\u00e9roes de la Independencia, con la presencia de representantes de distintas entidades y la interpretaci\u00f3n de m\u00fasica y danzas tradicionales.<\/p>\n<p>El desfile tambi\u00e9n incluy\u00f3 una serie de representaciones culturales, con grupos de ballet folcl\u00f3rico y bandas de m\u00fasica que animaron a los asistentes. La jornada concluy\u00f3 con un emotivo homenaje a los ca\u00eddos y un mensaje de unidad y esperanza para el futuro del pa\u00eds.<\/p>\n","protected":false},"excerpt":{"rendered":"<p>Este 16 de septiembre, la Ciudad de M\u00e9xico se visti\u00f3 de gala para conmemorar un a\u00f1o m\u00e1s de la Independencia de M\u00e9xico. El desfile, que recorri\u00f3 el Paseo de la Reforma, cont\u00f3 con la participaci\u00f3n de miles de ciudadanos, as\u00ed como de diversas instituciones gubernamentales y militares.<\/p><p><a class=\"more-link btn\" href=\"https:\/\/lamendigapolitica.com\/?p=81658\">Seguir leyendo<\/a><\/p>\n","protected":false},"author":1,"featured_media":0,"comment_status":"open","ping_status":"closed","sticky":false,"template":"","format":"standard","meta":{"footnotes":""},"categories":[5],"tags":[],"class_list":["post-81658","post","type-post","status-publish","format-standard","hentry","category-partidos","item-wrap"],"_links":{"self":[{"href":"https:\/\/lamendigapolitica.com\/index.php?rest_route=\/wp\/v2\/posts\/81658","targetHints":{"allow":["GET"]}}],"collection":[{"href":"https:\/\/lamendigapolitica.com\/index.php?rest_route=\/wp\/v2\/posts"}],"about":[{"href":"https:\/\/lamendigapolitica.com\/index.php?rest_route=\/wp\/v2\/types\/post"}],"author":[{"embeddable":true,"href":"https:\/\/lamendigapolitica.com\/index.php?rest_route=\/wp\/v2\/users\/1"}],"replies":[{"embeddable":true,"href":"https:\/\/lamendigapolitica.com\/index.php?rest_route=%2Fwp%2Fv2%2Fcomments&post=81658"}],"version-history":[{"count":1,"href":"https:\/\/lamendigapolitica.com\/index.php?rest_route=\/wp\/v2\/posts\/81658\/revisions"}],"predecessor-version":[{"id":81660,"href":"https:\/\/lamendigapolitica.com\/index.php?rest_route=\/wp\/v2\/posts\/81658\/revisions\/81660"}],"wp:attachment":[{"href":"https:\/\/lamendigapolitica.com\/index.php?rest_route=%2Fwp%2Fv2%2Fmedia&parent=81658"}],"wp:term":[{"taxonomy":"category","embeddable":true,"href":"https:\/\/lamendigapolitica.com\/index.php?rest_route=%2Fwp%2Fv2%2Fcategories&post=81658"},{"taxonomy":"post_tag","embeddable":true,"href":"https:\/\/lamendigapolitica.com\/index.php?rest_route=%2Fwp%2Fv2%2Ftags&post=81658"}],"curies":[{"name":"wp","href":"https:\/\/api.w.org\/{rel}","templated":true}]}}