{"id":81652,"date":"2025-09-14T19:29:56","date_gmt":"2025-09-15T01:29:56","guid":{"rendered":"https:\/\/lamendigapolitica.com\/?p=81652"},"modified":"2025-09-15T19:49:46","modified_gmt":"2025-09-16T01:49:46","slug":"reintegra-tlajomulco-a-su-habitat-a-vibora-de-cascabel","status":"publish","type":"post","link":"https:\/\/lamendigapolitica.com\/?p=81652","title":{"rendered":"Reintegra Tlajomulco a su h\u00e1bitat a v\u00edbora de cascabel"},"content":{"rendered":"<p><img loading=\"lazy\" decoding=\"async\" class=\"aligncenter size-full wp-image-81653\" src=\"https:\/\/lamendigapolitica.com\/wp-content\/uploads\/2025\/09\/IMG-20250912-WA0272.jpg\" alt=\"\" width=\"1239\" height=\"720\" srcset=\"https:\/\/lamendigapolitica.com\/wp-content\/uploads\/2025\/09\/IMG-20250912-WA0272.jpg 1239w, https:\/\/lamendigapolitica.com\/wp-content\/uploads\/2025\/09\/IMG-20250912-WA0272-300x174.jpg 300w, https:\/\/lamendigapolitica.com\/wp-content\/uploads\/2025\/09\/IMG-20250912-WA0272-1024x595.jpg 1024w, https:\/\/lamendigapolitica.com\/wp-content\/uploads\/2025\/09\/IMG-20250912-WA0272-768x446.jpg 768w, https:\/\/lamendigapolitica.com\/wp-content\/uploads\/2025\/09\/IMG-20250912-WA0272-555x323.jpg 555w\" sizes=\"auto, (max-width: 1239px) 100vw, 1239px\" \/><\/p>\n<p>Especialistas de la Unidad de Rescate de Fauna Silvestre de Tlajomulco (URFST) reintegraron a su h\u00e1bitat natural a un ejemplar de v\u00edbora de cascabel, el cual hab\u00eda sido rescatado en el municipio de Jocotepec por personal de Protecci\u00f3n Civil y del \u00e1rea de Salud Animal de ese municipio.<!--more--><\/p>\n<p>El ejemplar permaneci\u00f3 bajo observaci\u00f3n durante algunos d\u00edas en las instalaciones de la URFST, periodo en el que tambi\u00e9n sirvi\u00f3 como apoyo en capacitaciones dirigidas a cuerpos de emergencia.<\/p>\n<p>Dado que el rescate ocurri\u00f3 en Jocotepec, se determin\u00f3 realizar la liberaci\u00f3n en el \u00c1rea Natural Protegida Cerro Viejo \u2013 Chupinaya \u2013 Los Sabinos, que se comparte entre los municipios de Tlajomulco, Jocotepec e Ixtlahuac\u00e1n de los Membrillos.<\/p>\n<p>Es importante destacar que la serpiente de cascabel es una especie potencialmente peligrosa; no obstante, cumple un papel esencial en el equilibrio del ecosistema al controlar la poblaci\u00f3n de roedores que pueden representar riesgos para la salud humana. Su presencia indica un ecosistema con adecuada biodiversidad, mientras que su ausencia puede reflejar un desequilibrio ecol\u00f3gico.<\/p>\n<p>Los especialistas recomiendan a la ciudadan\u00eda no intentar manipular ejemplares de esta especie y reportar su presencia en zonas habitacionales a trav\u00e9s de los n\u00fameros de emergencia. En caso de una mordedura, se exhorta a no aplicar remedios caseros y trasladar de inmediato a la persona afectada a un centro de salud o a la Cruz Verde, para recibir valoraci\u00f3n m\u00e9dica y, en su caso, la aplicaci\u00f3n del ant\u00eddoto correspondiente por parte del Centro Toxicol\u00f3gico.<\/p>\n<p>La UNASAM hace un llamado a la poblaci\u00f3n para que, en caso de detectar ejemplares de fauna silvestre lesionados o en condici\u00f3n de vulnerabilidad dentro de zonas urbanas, se comuniquen al n\u00famero de la Unidad de Rescate de Fauna Silvestre de Tlajomulco al 33 31 38 30 98, con el fin de brindarles la atenci\u00f3n adecuada y favorecer su reintegraci\u00f3n a la vida libre.<\/p>\n<p>&nbsp;<\/p>\n","protected":false},"excerpt":{"rendered":"<p>Especialistas de la Unidad de Rescate de Fauna Silvestre de Tlajomulco (URFST) reintegraron a su h\u00e1bitat natural a un ejemplar de v\u00edbora de cascabel, el cual hab\u00eda sido rescatado en el municipio de Jocotepec por personal de Protecci\u00f3n Civil y del \u00e1rea de Salud Animal de ese municipio.<\/p><p><a class=\"more-link btn\" href=\"https:\/\/lamendigapolitica.com\/?p=81652\">Seguir leyendo<\/a><\/p>\n","protected":false},"author":1,"featured_media":0,"comment_status":"open","ping_status":"closed","sticky":false,"template":"","format":"standard","meta":{"footnotes":""},"categories":[42,43,102],"tags":[],"class_list":["post-81652","post","type-post","status-publish","format-standard","hentry","category-clima","category-ecologia","category-municipio","item-wrap"],"_links":{"self":[{"href":"https:\/\/lamendigapolitica.com\/index.php?rest_route=\/wp\/v2\/posts\/81652","targetHints":{"allow":["GET"]}}],"collection":[{"href":"https:\/\/lamendigapolitica.com\/index.php?rest_route=\/wp\/v2\/posts"}],"about":[{"href":"https:\/\/lamendigapolitica.com\/index.php?rest_route=\/wp\/v2\/types\/post"}],"author":[{"embeddable":true,"href":"https:\/\/lamendigapolitica.com\/index.php?rest_route=\/wp\/v2\/users\/1"}],"replies":[{"embeddable":true,"href":"https:\/\/lamendigapolitica.com\/index.php?rest_route=%2Fwp%2Fv2%2Fcomments&post=81652"}],"version-history":[{"count":1,"href":"https:\/\/lamendigapolitica.com\/index.php?rest_route=\/wp\/v2\/posts\/81652\/revisions"}],"predecessor-version":[{"id":81654,"href":"https:\/\/lamendigapolitica.com\/index.php?rest_route=\/wp\/v2\/posts\/81652\/revisions\/81654"}],"wp:attachment":[{"href":"https:\/\/lamendigapolitica.com\/index.php?rest_route=%2Fwp%2Fv2%2Fmedia&parent=81652"}],"wp:term":[{"taxonomy":"category","embeddable":true,"href":"https:\/\/lamendigapolitica.com\/index.php?rest_route=%2Fwp%2Fv2%2Fcategories&post=81652"},{"taxonomy":"post_tag","embeddable":true,"href":"https:\/\/lamendigapolitica.com\/index.php?rest_route=%2Fwp%2Fv2%2Ftags&post=81652"}],"curies":[{"name":"wp","href":"https:\/\/api.w.org\/{rel}","templated":true}]}}