{"id":81640,"date":"2025-09-11T20:56:58","date_gmt":"2025-09-12T02:56:58","guid":{"rendered":"https:\/\/lamendigapolitica.com\/?p=81640"},"modified":"2025-09-12T18:43:32","modified_gmt":"2025-09-13T00:43:32","slug":"udeg-condena-la-violencia-en-el-cucsh","status":"publish","type":"post","link":"https:\/\/lamendigapolitica.com\/?p=81640","title":{"rendered":"UdeG condena la violencia en el CUCSH"},"content":{"rendered":"<p><img loading=\"lazy\" decoding=\"async\" class=\"aligncenter size-full wp-image-81641\" src=\"https:\/\/lamendigapolitica.com\/wp-content\/uploads\/2025\/09\/Captura-de-pantalla-2025-09-11-a-las-20.51.59.png\" alt=\"\" width=\"430\" height=\"664\" srcset=\"https:\/\/lamendigapolitica.com\/wp-content\/uploads\/2025\/09\/Captura-de-pantalla-2025-09-11-a-las-20.51.59.png 430w, https:\/\/lamendigapolitica.com\/wp-content\/uploads\/2025\/09\/Captura-de-pantalla-2025-09-11-a-las-20.51.59-194x300.png 194w\" sizes=\"auto, (max-width: 430px) 100vw, 430px\" \/><\/p>\n<p>La Universidad de Guadalajara condena en\u00e9rgicamente los hechos ocurridos en el Centro Universitario de Ciencias Sociales y Humanidades (CUCSH), donde un grupo de personas encapuchadas agredi\u00f3 a estudiantes utilizando mobiliario y objetos para intentar tomar las instalaciones de un edificio del plantel.<\/p>\n<p>La violencia nunca ser\u00e1 un camino leg\u00edtimo para expresar diferencias ni para defender causas dentro de nuestra casa de estudios. Estos actos ponen en riesgo la integridad de nuestra comunidad universitaria y atentan contra el esp\u00edritu de respeto y pluralidad que caracteriza a la UdeG.<!--more--><\/p>\n<p>Nuestra instituci\u00f3n reitera que cualquier diferencia debe resolverse mediante el di\u00e1logo, la escucha y las v\u00edas institucionales, nunca a trav\u00e9s de la agresi\u00f3n. La Universidad tomar\u00e1 acciones y dar\u00e1 seguimiento puntual a lo ocurrido para garantizar la seguridad de todas y todos sus estudiantes, as\u00ed como para salvaguardar la vida acad\u00e9mica de nuestros centros universitarios.<\/p>\n<p>La Universidad de Guadalajara hace un llamado a la comunidad universitaria a mantener un clima de respeto y convivencia pac\u00edfica. Defender la pluralidad y la diversidad de voces implica tambi\u00e9n rechazar de manera absoluta la violencia en todas sus formas.<\/p>\n","protected":false},"excerpt":{"rendered":"<p>La Universidad de Guadalajara condena en\u00e9rgicamente los hechos ocurridos en el Centro Universitario de Ciencias Sociales y Humanidades (CUCSH), donde un grupo de personas encapuchadas agredi\u00f3 a estudiantes utilizando mobiliario y objetos para intentar tomar las instalaciones de un edificio del plantel. La violencia nunca ser\u00e1 un camino leg\u00edtimo para expresar diferencias ni para defender &hellip; <\/p>\n<p><a class=\"more-link btn\" href=\"https:\/\/lamendigapolitica.com\/?p=81640\">Seguir leyendo<\/a><\/p>\n","protected":false},"author":1,"featured_media":0,"comment_status":"open","ping_status":"closed","sticky":false,"template":"","format":"standard","meta":{"footnotes":""},"categories":[5],"tags":[],"class_list":["post-81640","post","type-post","status-publish","format-standard","hentry","category-partidos","item-wrap"],"_links":{"self":[{"href":"https:\/\/lamendigapolitica.com\/index.php?rest_route=\/wp\/v2\/posts\/81640","targetHints":{"allow":["GET"]}}],"collection":[{"href":"https:\/\/lamendigapolitica.com\/index.php?rest_route=\/wp\/v2\/posts"}],"about":[{"href":"https:\/\/lamendigapolitica.com\/index.php?rest_route=\/wp\/v2\/types\/post"}],"author":[{"embeddable":true,"href":"https:\/\/lamendigapolitica.com\/index.php?rest_route=\/wp\/v2\/users\/1"}],"replies":[{"embeddable":true,"href":"https:\/\/lamendigapolitica.com\/index.php?rest_route=%2Fwp%2Fv2%2Fcomments&post=81640"}],"version-history":[{"count":2,"href":"https:\/\/lamendigapolitica.com\/index.php?rest_route=\/wp\/v2\/posts\/81640\/revisions"}],"predecessor-version":[{"id":81644,"href":"https:\/\/lamendigapolitica.com\/index.php?rest_route=\/wp\/v2\/posts\/81640\/revisions\/81644"}],"wp:attachment":[{"href":"https:\/\/lamendigapolitica.com\/index.php?rest_route=%2Fwp%2Fv2%2Fmedia&parent=81640"}],"wp:term":[{"taxonomy":"category","embeddable":true,"href":"https:\/\/lamendigapolitica.com\/index.php?rest_route=%2Fwp%2Fv2%2Fcategories&post=81640"},{"taxonomy":"post_tag","embeddable":true,"href":"https:\/\/lamendigapolitica.com\/index.php?rest_route=%2Fwp%2Fv2%2Ftags&post=81640"}],"curies":[{"name":"wp","href":"https:\/\/api.w.org\/{rel}","templated":true}]}}